{"id":658843,"date":"2025-12-20T03:06:13","date_gmt":"2025-12-20T03:06:13","guid":{"rendered":"https:\/\/www.europesays.com\/de\/658843\/"},"modified":"2025-12-20T03:06:13","modified_gmt":"2025-12-20T03:06:13","slug":"anaconda-finaler-trailer-zum-kommenden-reboot-schnittberichte-com","status":"publish","type":"post","link":"https:\/\/www.europesays.com\/de\/658843\/","title":{"rendered":"Anaconda &#8211; Finaler Trailer zum kommenden Reboot &#8211; Schnittberichte.com"},"content":{"rendered":"<ol>\n<li><a href=\"https:\/\/news.google.com\/rss\/articles\/CBMiYEFVX3lxTFB6a0lXRng5VW5yckpubzlKVnI4MEZKc2N3dm9zWDhTQjlPLWdxWkRteWVjMV9LMXlNM0RkYmw2Z0xGQThyRnFqVmw4alVnSXJpOHV2WElhenYzbTk1RTVjVw?oc=5\" target=\"_blank\" rel=\"nofollow noopener\">Anaconda &#8211; Finaler Trailer zum kommenden Reboot<\/a>&nbsp;&nbsp;Schnittberichte.com<\/li>\n<li><a href=\"https:\/\/news.google.com\/rss\/articles\/CBMigwJBVV95cUxNQTBJLTlhRGVISjFPS1pTV2p6ajdSeGFWTTlRSmxINDQ1T1IzSjRlUE5aQnd1VEU0bXZ2c0NDZFBLb2p5cU9aM1ZmNFlQVVJ6SDFrQ1h1UUg4cDZaWWFLODVOMGdxUkdTZlQ5WjlLVmZwX2hKbDN6MkFGcThqc3VtTjlhRFp6aGEzWkoxZDkwM3BuWEJYLUVBcjNVMHFkSEhHWTdvTC1oSG5XY0xMSGNIWVhzT29UUXctb0JSZERNUV9WSmtpdU1qdDlUOHBGMDlNRmZfMDd0cDA2a0xwc19sRElaUkoxM3R2YV94ZnQyR2p6dkp1Z1dvbnA3akxDRy1hSkNv?oc=5\" target=\"_blank\" rel=\"nofollow noopener\">\u201eDie gr\u00f6\u00dfte Film-\u00dcberraschung des Jahres\u201c: Jack Black begeistert auch ohne Dwayne Johnson &amp; Jason Momoa im Meta-Tierhorror<\/a>&nbsp;&nbsp;kino.de<\/li>\n<li><a href=\"https:\/\/news.google.com\/rss\/articles\/CBMiXEFVX3lxTE1ZMkhSV2RCQTQ2cEtFYXJCVmdUOW1wU3gwS2FTTjFHX3NrWkZiYnFKNkk3dks1Mk42ODJXS25uVjJVdFZhWFc4WTVlZU9vd05SNG42SS1ydXdJNFg0?oc=5\" target=\"_blank\" rel=\"nofollow noopener\">Anaconda<\/a>&nbsp;&nbsp;Queer.de<\/li>\n<li><a href=\"https:\/\/news.google.com\/rss\/articles\/CBMikwFBVV95cUxOOGIydjZBckFlVXJYcE1iQzZIZnhDRldkTWxOWXhHMWlTSVBmZWtQMUJrRjhhaDFRcDkwT2hLYnFRbU5PWVJWLVpkNkh4a1pSeUVQOUxvcmdKb2VlRWI5RGI3Y2NZcFBtZm9RMXJZT2N3VzZrV2lRS0FHQzJ5NUtUbzlWSm1DdFhlM2pqQ2hPVU85RGc?oc=5\" target=\"_blank\" rel=\"nofollow noopener\">Community-Meinung zu Anacondas: Die Jagd nach der Blut-Orchidee<\/a>&nbsp;&nbsp;moviepilot.de<\/li>\n<li><a href=\"https:\/\/news.google.com\/rss\/articles\/CBMixAFBVV95cUxPcUx1VTVJWG5ZMGlGTURSY3Qtdk9vR2tyaVJTczl3ZTRGSWdtWHVTenVsTi1sSGVNQzFqNFhOZUJkSzBYX2JNZVdZbUl5TDlHOV8xMmZ1R0NwR1FXcGJBVXVRUGpBTExfQ1BHU2VpMWV0STN1SHJJWTJMYzl0dFotTTFodXA4Y2hGRDZjelBuUkZNU2YtXzhtOUNaVzlKNGpwS1RnN0pucWNOX2E4OElHOU9MR3dlbnphYVNoMmdTUzhlMkhy?oc=5\" target=\"_blank\" rel=\"nofollow noopener\">Verlosung \u2013 3 x 2 Tickets f\u00fcr \u201eAnaconda\u201c im CineStar Fulda<\/a>&nbsp;&nbsp;Osthessen-Zeitung<\/li>\n<\/ol>\n","protected":false},"excerpt":{"rendered":"Anaconda &#8211; Finaler Trailer zum kommenden Reboot&nbsp;&nbsp;Schnittberichte.com \u201eDie gr\u00f6\u00dfte Film-\u00dcberraschung des Jahres\u201c: Jack Black begeistert auch ohne Dwayne&hellip;\n","protected":false},"author":2,"featured_media":1656,"comment_status":"","ping_status":"","sticky":false,"template":"","format":"standard","meta":{"footnotes":""},"categories":[1771],"tags":[1778,29,214,30,95,1777,215],"class_list":{"0":"post-658843","1":"post","2":"type-post","3":"status-publish","4":"format-standard","5":"has-post-thumbnail","7":"category-kino","8":"tag-cinema","9":"tag-deutschland","10":"tag-entertainment","11":"tag-germany","12":"tag-kino","13":"tag-movie","14":"tag-unterhaltung"},"share_on_mastodon":{"url":"https:\/\/pubeurope.com\/@de\/115749688970921313","error":""},"_links":{"self":[{"href":"https:\/\/www.europesays.com\/de\/wp-json\/wp\/v2\/posts\/658843","targetHints":{"allow":["GET"]}}],"collection":[{"href":"https:\/\/www.europesays.com\/de\/wp-json\/wp\/v2\/posts"}],"about":[{"href":"https:\/\/www.europesays.com\/de\/wp-json\/wp\/v2\/types\/post"}],"author":[{"embeddable":true,"href":"https:\/\/www.europesays.com\/de\/wp-json\/wp\/v2\/users\/2"}],"replies":[{"embeddable":true,"href":"https:\/\/www.europesays.com\/de\/wp-json\/wp\/v2\/comments?post=658843"}],"version-history":[{"count":0,"href":"https:\/\/www.europesays.com\/de\/wp-json\/wp\/v2\/posts\/658843\/revisions"}],"wp:featuredmedia":[{"embeddable":true,"href":"https:\/\/www.europesays.com\/de\/wp-json\/wp\/v2\/media\/1656"}],"wp:attachment":[{"href":"https:\/\/www.europesays.com\/de\/wp-json\/wp\/v2\/media?parent=658843"}],"wp:term":[{"taxonomy":"category","embeddable":true,"href":"https:\/\/www.europesays.com\/de\/wp-json\/wp\/v2\/categories?post=658843"},{"taxonomy":"post_tag","embeddable":true,"href":"https:\/\/www.europesays.com\/de\/wp-json\/wp\/v2\/tags?post=658843"}],"curies":[{"name":"wp","href":"https:\/\/api.w.org\/{rel}","templated":true}]}}