{"id":658848,"date":"2025-12-20T03:09:22","date_gmt":"2025-12-20T03:09:22","guid":{"rendered":"https:\/\/www.europesays.com\/de\/658848\/"},"modified":"2025-12-20T03:09:22","modified_gmt":"2025-12-20T03:09:22","slug":"baby-nr-2-loading-alessia-herren-ist-wieder-schwanger","status":"publish","type":"post","link":"https:\/\/www.europesays.com\/de\/658848\/","title":{"rendered":"&#8222;Baby Nr. 2 loading&#8220;: Alessia Herren ist wieder schwanger"},"content":{"rendered":"<p>&#8222;Baby Nr. 2 loading&#8220;Alessia Herren ist wieder schwanger<\/p>\n<p>19.12.2025, 18:45 Uhr <\/p>\n<p>Artikel anh\u00f6ren(03:20 min)<\/p>\n<p><img decoding=\"async\" class=\"Image_img__fQCi0 Image_Img_16_9__4BLfH widget-picture-inline_maximizable__t_E7h\" loading=\"eager\" fetchpriority=\"high\" src=\"https:\/\/www.europesays.com\/de\/wp-content\/uploads\/2025\/12\/Alessia-Herren-und-Can-Nitkewitz-beim-Box-Event-The-Ultimate-HYPE-in-der-Rudolf-Weber-Arena-Oberhaus.webp\" alt=\"Alessia-Herren-und-Can-Nitkewitz-beim-Box-Event-The-Ultimate-HYPE-in-der-Rudolf-Weber-Arena-Oberhausen-am-4-Oktober-2025\"\/>Werden zum zweiten Mal Eltern: Alessia Herren und ihr Mann Can Nitkewitz. (Foto: picture alliance \/ BoKo pictures)TeilenFolgen auf:<a href=\"https:\/\/www.whatsapp.com\/channel\/0029Va5cdVJD8SDp5YZgYF01\" title=\"Auf WhatsApp folgen\" target=\"_blank\" rel=\"noopener\"><img decoding=\"async\" src=\"https:\/\/www.n-tv.de\/socialIcons\/whatsapp.svg\" alt=\"whatsapp\" class=\"ArticleShare_icon__FsrC2\"\/><\/a><a href=\"https:\/\/news.google.com\/publications\/CAAiEPMdif5mpRNxiLOeUpHCwwsqFAgKIhDzHYn-ZqUTcYiznlKRwsML?hl=de&amp;gl=DE&amp;ceid=DE%3Ade\" title=\"Auf Google News folgen\" target=\"_blank\" rel=\"noopener\"><img decoding=\"async\" src=\"https:\/\/www.n-tv.de\/socialIcons\/google.svg\" alt=\"whatsapp\" class=\"ArticleShare_icon__FsrC2\"\/><\/a><\/p>\n<p class=\"Typography_text-m__XI0da Typography_weight-bold__uT6mq storyline_lead_text_leadtext__q_wg8\">Im Dschungelcamp erreicht Alessia Herren in diesem Jahr den dritten Platz. Bei &#8222;Deutschlands d\u00fcmmster Promi&#8220; erringt sie sogar den Sieg. Doch viel gr\u00f6\u00dfere Freude bereitet der Tochter von Willi Herren bestimmt, dass sie nun ihr zweites Kind erwartet.<\/p>\n<p class=\"Typography_text-default__P3otY Typography_weight-normal__pqUbH storyline_paragraph_p__qSR5N\">Kurz vor Weihnachten verk\u00fcndet Alessia Herren die Nachricht: Sie wird zum zweiten Mal Mutter. Auf Instagram teilten die Tochter des verstorbenen Entertainers Willi Herren und ihr Ehemann Can Nitkewitz ein Video, das sie gemeinsam mit ihrer ersten Tochter zeigt.<\/p>\n<p class=\"Typography_text-default__P3otY Typography_weight-normal__pqUbH storyline_paragraph_p__qSR5N\">Nur die Silhouetten der Familie sind in dem Clip zu sehen. Die kleine Anisa-Amalia schmiegt sich dabei liebevoll an den bereits deutlich sichtbaren Babybauch ihrer Mutter, w\u00e4hrend Nitkewitz seiner Frau einen Kuss auf die Stirn gibt.<\/p>\n<p class=\"Typography_text-default__P3otY Typography_weight-normal__pqUbH storyline_paragraph_p__qSR5N\">Zu dem emotionalen Clip schreibt die Dschungelcamp-Drittplatzierte in diesem Jahr: &#8222;\u00dcberraschung. Wenn aus Liebe Leben wird, unsere Familie w\u00e4chst. Baby Nr. 2 loading &#8230;&#8220; Wie RTL berichtet, befindet sich Alessia Herren bereits im siebten Monat ihrer Schwangerschaft. Das Baby d\u00fcrfte also im Fr\u00fchjahr 2026 zur Welt kommen.<\/p>\n<p>&#8222;Ihr seid so tolle Eltern!&#8220;<\/p>\n<p class=\"Typography_text-default__P3otY Typography_weight-normal__pqUbH storyline_paragraph_p__qSR5N\">Die Reaktionen lie\u00dfen nicht lange auf sich warten. Unter dem Beitrag sammeln sich zahlreiche Gl\u00fcckw\u00fcnsche von prominenten Wegbegleiterinnen und Wegbegleitern. Pietro Lombardis Ex-Freundin Laura Maria Rypa kommentierte begeistert: &#8222;Oh wie sch\u00f6n!&#8220; Auch Yeliz Koc, Jimi Blue Ochsenknechts Verflossene und &#8222;Promi Big Brother&#8220;-Gewinnerin von 2023, freute sich f\u00fcr das Paar und schrieb: &#8222;Ihr seid so tolle Eltern!&#8220;<\/p>\n<p class=\"Typography_text-default__P3otY Typography_weight-normal__pqUbH storyline_paragraph_p__qSR5N\">Schlagers\u00e4ngerin Anna-Carina Woitschack gratulierte ebenfalls, genauso Reality-TV-Kolleginnen wie Paulina Ljubas, Emma Fernlund oder Chiara Fr\u00f6hlich. Besonders r\u00fchrend: Alessias Bruder Stefano, der erstgeborene Sohn von Willi Herren, kommentierte sichtlich erfreut: &#8222;Ich werde wieder Onkel!&#8220;<\/p>\n<p class=\"Typography_text-default__P3otY Typography_weight-normal__pqUbH storyline_paragraph_p__qSR5N\">Alessia Herren und Can Nitkewitz sind seit 2019 zusammen. 2023 kam &#8211; zwei Monate nach ihrer Hochzeit &#8211; ihre Tochter Anisa-Amalia zur Welt. Damals erinnerte die frisch gebackene Mutter auf Instagram emotional an ihren verstorbenen Vater und schrieb: &#8222;Ich wei\u00df, wie stolz mein Papa auf uns ist! Du bist der beste Opa! Wir lieben dich.&#8220;<\/p>\n<p class=\"Typography_text-default__P3otY Typography_weight-normal__pqUbH storyline_paragraph_p__qSR5N\">Der beliebte Entertainer und Schlagers\u00e4nger Willi Herren, der unter anderem durch seine Rolle als Olli Klatt in der &#8222;Lindenstra\u00dfe&#8220; bekannt geworden war, verstarb am 20. April 2021 \u00fcberraschend im Alter von nur 45 Jahren. Seitdem hat sich Alessia Herren selbst einen Namen im Reality-TV gemacht und nahm etwa gemeinsam mit ihrem Mann am &#8222;Sommerhaus der Stars&#8220; teil. Nicht ganz so stolz ist sie wom\u00f6glich darauf, dass sie in diesem Jahr die Show &#8222;Deutschlands d\u00fcmmster Promi&#8220; gewonnen hat.<\/p>\n<p class=\"Typography_text-s__wu_cm Typography_weight-normal__pqUbH Typography_color-darkgrey__sZEnP article-detail-footer_source__KslPc\">Quelle: ntv.de, vpr\/spot<\/p>\n","protected":false},"excerpt":{"rendered":"&#8222;Baby Nr. 2 loading&#8220;Alessia Herren ist wieder schwanger 19.12.2025, 18:45 Uhr Artikel anh\u00f6ren(03:20 min) Werden zum zweiten Mal&hellip;\n","protected":false},"author":2,"featured_media":658849,"comment_status":"","ping_status":"","sticky":false,"template":"","format":"standard","meta":{"footnotes":""},"categories":[155],"tags":[24979,29,214,30,766,684,215],"class_list":{"0":"post-658848","1":"post","2":"type-post","3":"status-publish","4":"format-standard","5":"has-post-thumbnail","7":"category-unterhaltung","8":"tag-alessia-herren","9":"tag-deutschland","10":"tag-entertainment","11":"tag-germany","12":"tag-reality-tv","13":"tag-tv","14":"tag-unterhaltung"},"share_on_mastodon":{"url":"https:\/\/pubeurope.com\/@de\/115749701145187461","error":""},"_links":{"self":[{"href":"https:\/\/www.europesays.com\/de\/wp-json\/wp\/v2\/posts\/658848","targetHints":{"allow":["GET"]}}],"collection":[{"href":"https:\/\/www.europesays.com\/de\/wp-json\/wp\/v2\/posts"}],"about":[{"href":"https:\/\/www.europesays.com\/de\/wp-json\/wp\/v2\/types\/post"}],"author":[{"embeddable":true,"href":"https:\/\/www.europesays.com\/de\/wp-json\/wp\/v2\/users\/2"}],"replies":[{"embeddable":true,"href":"https:\/\/www.europesays.com\/de\/wp-json\/wp\/v2\/comments?post=658848"}],"version-history":[{"count":0,"href":"https:\/\/www.europesays.com\/de\/wp-json\/wp\/v2\/posts\/658848\/revisions"}],"wp:featuredmedia":[{"embeddable":true,"href":"https:\/\/www.europesays.com\/de\/wp-json\/wp\/v2\/media\/658849"}],"wp:attachment":[{"href":"https:\/\/www.europesays.com\/de\/wp-json\/wp\/v2\/media?parent=658848"}],"wp:term":[{"taxonomy":"category","embeddable":true,"href":"https:\/\/www.europesays.com\/de\/wp-json\/wp\/v2\/categories?post=658848"},{"taxonomy":"post_tag","embeddable":true,"href":"https:\/\/www.europesays.com\/de\/wp-json\/wp\/v2\/tags?post=658848"}],"curies":[{"name":"wp","href":"https:\/\/api.w.org\/{rel}","templated":true}]}}