{"id":658860,"date":"2025-12-20T03:15:33","date_gmt":"2025-12-20T03:15:33","guid":{"rendered":"https:\/\/www.europesays.com\/de\/658860\/"},"modified":"2025-12-20T03:15:33","modified_gmt":"2025-12-20T03:15:33","slug":"aus-der-baum-weihnachtsbaumentsorgung-startet-am-12-januar-2026-hallespektrum-de","status":"publish","type":"post","link":"https:\/\/www.europesays.com\/de\/658860\/","title":{"rendered":"Aus der Baum: Weihnachtsbaumentsorgung startet am 12. Januar 2026 &#8211; HalleSpektrum.de"},"content":{"rendered":"<p>\t<img width=\"910\" height=\"602\" src=\"https:\/\/www.europesays.com\/de\/wp-content\/uploads\/2025\/12\/weihnachtsbaum.jpg\" class=\"attachment-1024x1024 size-1024x1024 wp-post-image\" alt=\"\" decoding=\"async\" fetchpriority=\"high\"  \/><\/p>\n<p>\n\t\t\t19. Dezember 2025\t\t<\/p>\n<p> Die Stadt Halle  informiert, dass die j\u00e4hrliche Entsorgung der ausgedienten Weihnachtsb\u00e4ume vom 12. Januar bis zum 6. Februar 2026 stattfindet. Die Hallenserinnen und Hallenser werden gebeten, ihre B\u00e4ume vollst\u00e4ndig abgeschm\u00fcckt an die bew\u00e4hrten Sammelstellen zu bringen, damit eine ordnungsgem\u00e4\u00dfe Kompostierung gew\u00e4hrleistet ist.<\/p>\n<p>Die stadtwerkeigene Hallesche Wasser und Stadtwirtschaft GmbH (HWS) \u00fcbernimmt die Entsorgung. Zus\u00e4tzlich k\u00f6nnen die B\u00e4ume an den drei Wertstoffm\u00e4rkten der HWS abgegeben oder zerkleinert \u00fcber die Biotonne kompostiert werden. Eine \u00dcbersicht \u00fcber alle Sammelpl\u00e4tze ist auf der st\u00e4dtischen Webseite unter <a href=\"http:\/\/www.halle.de\" rel=\"nofollow noopener\" target=\"_blank\">www.halle.de<\/a> ver\u00f6ffentlicht.<\/p>\n<p>Die Stadt appelliert an die Bev\u00f6lkerung, die angebotenen M\u00f6glichkeiten zu nutzen, um eine umweltgerechte und effiziente Entsorgung sicherzustellen.<\/p>\n","protected":false},"excerpt":{"rendered":"19. Dezember 2025 Die Stadt Halle informiert, dass die j\u00e4hrliche Entsorgung der ausgedienten Weihnachtsb\u00e4ume vom 12. Januar bis&hellip;\n","protected":false},"author":2,"featured_media":658861,"comment_status":"","ping_status":"","sticky":false,"template":"","format":"standard","meta":{"footnotes":""},"categories":[1860],"tags":[3364,29,4225,548,663,3934,30,4062,17332,13,117228,14,15,17331,860,12,126226],"class_list":{"0":"post-658860","1":"post","2":"type-post","3":"status-publish","4":"format-standard","5":"has-post-thumbnail","7":"category-halle-saale","8":"tag-de","9":"tag-deutschland","10":"tag-entsorgung","11":"tag-eu","12":"tag-europa","13":"tag-europe","14":"tag-germany","15":"tag-halle","16":"tag-halle-saale","17":"tag-headlines","18":"tag-hws","19":"tag-nachrichten","20":"tag-news","21":"tag-saale","22":"tag-sachsen-anhalt","23":"tag-schlagzeilen","24":"tag-weihnachtsbaum"},"share_on_mastodon":{"url":"https:\/\/pubeurope.com\/@de\/115749725207536736","error":""},"_links":{"self":[{"href":"https:\/\/www.europesays.com\/de\/wp-json\/wp\/v2\/posts\/658860","targetHints":{"allow":["GET"]}}],"collection":[{"href":"https:\/\/www.europesays.com\/de\/wp-json\/wp\/v2\/posts"}],"about":[{"href":"https:\/\/www.europesays.com\/de\/wp-json\/wp\/v2\/types\/post"}],"author":[{"embeddable":true,"href":"https:\/\/www.europesays.com\/de\/wp-json\/wp\/v2\/users\/2"}],"replies":[{"embeddable":true,"href":"https:\/\/www.europesays.com\/de\/wp-json\/wp\/v2\/comments?post=658860"}],"version-history":[{"count":0,"href":"https:\/\/www.europesays.com\/de\/wp-json\/wp\/v2\/posts\/658860\/revisions"}],"wp:featuredmedia":[{"embeddable":true,"href":"https:\/\/www.europesays.com\/de\/wp-json\/wp\/v2\/media\/658861"}],"wp:attachment":[{"href":"https:\/\/www.europesays.com\/de\/wp-json\/wp\/v2\/media?parent=658860"}],"wp:term":[{"taxonomy":"category","embeddable":true,"href":"https:\/\/www.europesays.com\/de\/wp-json\/wp\/v2\/categories?post=658860"},{"taxonomy":"post_tag","embeddable":true,"href":"https:\/\/www.europesays.com\/de\/wp-json\/wp\/v2\/tags?post=658860"}],"curies":[{"name":"wp","href":"https:\/\/api.w.org\/{rel}","templated":true}]}}