{"id":658862,"date":"2025-12-20T03:16:14","date_gmt":"2025-12-20T03:16:14","guid":{"rendered":"https:\/\/www.europesays.com\/de\/658862\/"},"modified":"2025-12-20T03:16:14","modified_gmt":"2025-12-20T03:16:14","slug":"notdienst-heute-im-landkreis-staedteregion-aachen-welche-apotheken-und-aerzte-haben-am-samstag-bereitschaft","status":"publish","type":"post","link":"https:\/\/www.europesays.com\/de\/658862\/","title":{"rendered":"Notdienst heute im Landkreis St\u00e4dteregion Aachen: Welche Apotheken und \u00c4rzte haben am Samstag Bereitschaft?"},"content":{"rendered":"<p>In diesem Artikel erfahren Patientinnen und Patienten im Landkreis St\u00e4dteregion Aachen, &#8230;  <\/p>\n<ul>\n<li>welche <strong>Notaufnahmen<\/strong> in ihrer N\u00e4he sind,<\/li>\n<li>welche <strong>\u00c4rzte<\/strong> heute <strong>Bereitschaftsdienst<\/strong> haben,<\/li>\n<li>welche <strong>Apotheken<\/strong> am 20.12.2025 <strong>Notdienst<\/strong> haben und<\/li>\n<li>wie sie den <strong>Kassen\u00e4rztlichen Bereitschaftsdienst<\/strong> erreichen.  <\/li>\n<\/ul>\n<p>Auch interessant: <a title=\"Grippe-Inzidenz und Corona-Viruslast steigen in Deutschland\" target=\"_blank\" href=\"https:\/\/www.news.de\/gesundheit\/858151577\/corona-erkaeltung-rsv-virus-und-grippe-infektionen-aktuell-in-deutschland-2025-entwicklung-der-infektionszahlen-inzidenz-hospitalisierung-und-todesfaelle-fuer-atemwegsinfektionen\/1\/\" rel=\"noopener\"><strong>Corona, Grippe, RSV im Fokus: Welche Infektionskrankheiten sich aktuell am st\u00e4rksten verbreiten<\/strong><\/a>  <\/p>\n<p>Notaufnahmen im Landkreis St\u00e4dteregion Aachen<\/p>\n<p>Ziel der Notaufnahmen ist es, Menschen in einer akuten, medizinischen Notlage zu versorgen, die sofortige \u00e4rztliche Hilfe ben\u00f6tigen. Das betrifft insbesondere lebensbedrohliche Zust\u00e4nde wie Herzinfarkte, Schlaganf\u00e4lle, schwere Verletzungen, starke Schmerzen, Atemnot oder Bewusstlosigkeit.  <\/p>\n<p>Wer unsicher ist, ob es sich um einen Notfall handelt, kann sich unter der Telefonnummer <strong>116 117<\/strong> beim \u00e4rztlichen Bereitschaftsdienst beraten lassen. Dieser hilft bei gesundheitlichen Problemen au\u00dferhalb der regul\u00e4ren Sprechzeiten, wenn keine akute Lebensgefahr besteht.  <\/p>\n<p>Die <strong>Notaufnahmen<\/strong> im Landkreis St\u00e4dteregion Aachen:  <\/p>\n<p>\ud83c\udfe5 <strong>Luisenhospital<\/strong><br \/><a href=\"https:\/\/www.google.de\/maps\/place\/Boxgraben+99,+Aachen\" rel=\"nofollow noopener\" target=\"_blank\"><strong>Boxgraben 99 in 52064 Aachen<\/strong><\/a><br \/><a href=\"https:\/\/www.luisenhospital.de\/\" rel=\"nofollow noopener\" target=\"_blank\"><strong>Zur Website<\/strong><\/a>  <\/p>\n<p>\ud83c\udfe5 <strong>Marienhospital<\/strong><br \/><a href=\"https:\/\/www.google.de\/maps\/place\/Zeise+4,+Aachen\" rel=\"nofollow noopener\" target=\"_blank\"><strong>Zeise 4 in 52066 Aachen<\/strong><\/a><br \/>Tel. +49 241 6006 0<br \/><a href=\"https:\/\/www.marienhospital.de\/\" rel=\"nofollow noopener\" target=\"_blank\"><strong>Zur Website<\/strong><\/a>  <\/p>\n<p>\ud83c\udfe5 <strong>Uniklinik RWTH Aachen<\/strong><br \/><a href=\"https:\/\/www.google.de\/maps\/place\/Pauwelsstra\u00dfe+30,+Aachen\" rel=\"nofollow noopener\" target=\"_blank\"><strong>Pauwelsstra\u00dfe 30 in 52074 Aachen<\/strong><\/a><br \/>Tel. +49 241 800<br \/><a href=\"https:\/\/www.ukaachen.de\/\" rel=\"nofollow noopener\" target=\"_blank\"><strong>Zur Website<\/strong><\/a>  <\/p>\n<p>\ud83c\udfe5 <strong>Sankt Antonius Hospital<\/strong><br \/><a href=\"https:\/\/www.google.de\/maps\/place\/Dechant-Deckers-Stra\u00dfe+8,+Eschweiler\" rel=\"nofollow noopener\" target=\"_blank\"><strong>Dechant-Deckers-Stra\u00dfe 8 in 52249 Eschweiler<\/strong><\/a><br \/><a href=\"https:\/\/www.sah-eschweiler.de\/\" rel=\"nofollow noopener\" target=\"_blank\"><strong>Zur Website<\/strong><\/a>  <\/p>\n<p>Bereitschafts\u00e4rzte im Landkreis St\u00e4dteregion Aachen am Samstag, 20.12.2025<\/p>\n<p>Bereitschafts\u00e4rzte sind au\u00dferhalb der regul\u00e4ren Sprechzeiten im Einsatz. Sie behandeln nicht lebensbedrohliche, aber dringende Erkrankungen, bei denen ein Besuch in der Notaufnahme nicht notwendig ist. Nachfolgend finden Sie eine \u00dcbersicht der aktuell zust\u00e4ndigen Bereitschaftspraxen im Landkreis St\u00e4dteregion Aachen sowie deren jeweilige Sprechzeiten.  <\/p>\n<p>\ud83e\ude7a Hausarzt &#8211; <strong>Notdienstpraxis Aachen-Mitte<\/strong>:<br \/><a href=\"https:\/\/www.google.de\/maps\/place\/Boxgraben+99,+Aachen\" rel=\"nofollow noopener\" target=\"_blank\"><strong>Boxgraben 99 in 52064 Aachen<\/strong><\/a><br \/>Sprechzeiten heute am 20.12.2025: 10:00-22:00 Uhr  <\/p>\n<p>\ud83e\ude7a Hausarzt &#8211; <strong>Notdienstpraxis W\u00fcrselen<\/strong>:<br \/><a href=\"https:\/\/www.google.de\/maps\/place\/Mauerfeldchen+25,+W\u00fcrselen\" rel=\"nofollow noopener\" target=\"_blank\"><strong>Mauerfeldchen 25 in 52146 W\u00fcrselen<\/strong><\/a><br \/>Sprechzeiten heute am 20.12.2025: 8:00-22:00 Uhr  <\/p>\n<p>\ud83e\ude7a Hausarzt &#8211; <strong>Notdienstpraxis Eschweiler<\/strong>:<br \/><a href=\"https:\/\/www.google.de\/maps\/place\/Dechant-Deckers-Str.+8,+Eschweiler\" rel=\"nofollow noopener\" target=\"_blank\"><strong>Dechant-Deckers-Str. 8 in 52249 Eschweiler<\/strong><\/a><br \/>Sprechzeiten heute am 20.12.2025: 8:00-22:00 Uhr  <\/p>\n<p>\ud83e\ude7a Hausarzt &#8211; <strong>Notdienstpraxis Simmerath<\/strong>:<br \/><a href=\"https:\/\/www.google.de\/maps\/place\/Kammerbruchstr.+8,+Simmerath\" rel=\"nofollow noopener\" target=\"_blank\"><strong>Kammerbruchstr. 8 in 52152 Simmerath<\/strong><\/a><br \/>Sprechzeiten heute am 20.12.2025: 9:00-13:00 Uhr  <\/p>\n<p>\ud83e\ude7a Hausarzt &#8211; <strong>Notdienstpraxis J\u00fclich<\/strong>:<br \/><a href=\"https:\/\/www.google.de\/maps\/place\/Kurf\u00fcrstenstr.+22,+J\u00fclich\" rel=\"nofollow noopener\" target=\"_blank\"><strong>Kurf\u00fcrstenstr. 22 in 52428 J\u00fclich<\/strong><\/a><br \/>Sprechzeiten heute am 20.12.2025: 7:30-23:00 Uhr  <\/p>\n<p>\ud83e\ude7a Augenarzt &#8211; <strong>Augen\u00e4rztliche Notdienstpraxis Aachen-Laurensberg<\/strong>:<br \/><a href=\"https:\/\/www.google.de\/maps\/place\/Pauwelsstra\u00dfe+30,+Aachen\" rel=\"nofollow noopener\" target=\"_blank\"><strong>Pauwelsstra\u00dfe 30 in 52074 Aachen<\/strong><\/a><br \/>Sprechzeiten heute am 20.12.2025: 9:00-13:00 Uhr  <\/p>\n<p>\ud83e\ude7a Kinderarzt &#8211; <strong>Kinder\u00e4rztliche Notdienstpraxis Aachen-Laurensberg<\/strong>:<br \/><a href=\"https:\/\/www.google.de\/maps\/place\/Pauwelsstra\u00dfe+30,+Aachen\" rel=\"nofollow noopener\" target=\"_blank\"><strong>Pauwelsstra\u00dfe 30 in 52074 Aachen<\/strong><\/a><br \/>Sprechzeiten heute am 20.12.2025: 10:00-21:30 Uhr  <\/p>\n<p>\ud83e\ude7a Kinderarzt &#8211; <strong>Kinder\u00e4rztliche Notdienstpraxis Stolberg<\/strong>:<br \/><a href=\"https:\/\/www.google.de\/maps\/place\/Steinfeldstra\u00dfe+5,+Stolberg\" rel=\"nofollow noopener\" target=\"_blank\"><strong>Steinfeldstra\u00dfe 5 in 52222 Stolberg<\/strong><\/a><br \/>Sprechzeiten heute am 20.12.2025: 8:00-20:00 Uhr  <\/p>\n<p>Apotheken-Notdienst heute im Landkreis St\u00e4dteregion Aachen<\/p>\n<p>Wenn Sie au\u00dferhalb der regul\u00e4ren \u00d6ffnungszeiten dringend Arzneimittel ben\u00f6tigen \u2013 etwa an Wochenenden, Feiertagen oder nachts \u2013 k\u00f6nnen Sie eine Notapotheke aufsuchen. Dort sind in der Regel Medikamente f\u00fcr akute und dringende F\u00e4lle vorr\u00e4tig. Diese Notdienst-Apotheken haben am 20.12.2025 im Landkreis St\u00e4dteregion Aachen und der Region ge\u00f6ffnet:  <\/p>\n<p><strong>Apotheken-Notdienst in Aachen<\/strong>  <\/p>\n<p>\ud83d\udc8a Paracelsus <a href=\"https:\/\/www.news.de\/thema\/apotheke\/1\/\" target=\"_blank\" rel=\"noopener\"><strong>Apotheke<\/strong><\/a><br \/><a href=\"https:\/\/www.google.de\/maps\/place\/Trierer+Str.+337,+Aachen\" rel=\"nofollow noopener\" target=\"_blank\"><strong>Trierer Str. 337 in 52078 Aachen<\/strong><\/a><br \/>Apotheken-Notdienst von 20.12.2025 um 09:00 Uhr bis 21.12.2025 um 09:00 Uhr<br \/>Telefon +49 241 99745656  <\/p>\n<p>\ud83d\udc8a Malteser-Apotheke<br \/><a href=\"https:\/\/www.google.de\/maps\/place\/Pontstra\u00dfe+157,+Aachen\" rel=\"nofollow noopener\" target=\"_blank\"><strong>Pontstra\u00dfe 157 in 52062 Aachen<\/strong><\/a><br \/>Apotheken-Notdienst von 20.12.2025 um 09:00 Uhr bis 21.12.2025 um 09:00 Uhr<br \/>Telefon +49 241 31074  <\/p>\n<p><strong>Apotheken-Notdienst in \u00dcbach-Palenberg<\/strong>  <\/p>\n<p>\ud83d\udc8a Fidelis-Apotheke<br \/><a href=\"https:\/\/www.google.de\/maps\/place\/Br\u00fcnestr.+1,+\u00dcbach-Palenberg\" rel=\"nofollow noopener\" target=\"_blank\"><strong>Br\u00fcnestr. 1 in 52531 \u00dcbach-Palenberg<\/strong><\/a><br \/>Apotheken-Notdienst von 20.12.2025 um 09:00 Uhr bis 21.12.2025 um 09:00 Uhr<br \/>Telefon +49 2404 20443  <\/p>\n<p><strong>Apotheken-Notdienst in J\u00fclich<\/strong>  <\/p>\n<p>\ud83d\udc8a Rur Apotheke<br \/><a href=\"https:\/\/www.google.de\/maps\/place\/Kleine+K\u00f6lnstr.+16,+J\u00fclich\" rel=\"nofollow noopener\" target=\"_blank\"><strong>Kleine K\u00f6lnstr. 16 in 52428 J\u00fclich<\/strong><\/a><br \/>Apotheken-Notdienst von 20.12.2025 um 09:00 Uhr bis 21.12.2025 um 09:00 Uhr<br \/>Telefon +49 2461 51152  <\/p>\n<p><strong>Apotheken-Notdienst in D\u00fcren<\/strong>  <\/p>\n<p>\ud83d\udc8a Linden-Apotheke Schramm oHG am <a href=\"https:\/\/www.news.de\/thema\/krankenhaus\/1\/\" target=\"_blank\" rel=\"noopener\"><strong>Krankenhaus<\/strong><\/a> D\u00fcren<br \/><a href=\"https:\/\/www.google.de\/maps\/place\/Merzenicher+Strasse+33,+D\u00fcren\" rel=\"nofollow noopener\" target=\"_blank\"><strong>Merzenicher Strasse 33 in 52351 D\u00fcren<\/strong><\/a><br \/>Apotheken-Notdienst von 20.12.2025 um 09:00 Uhr bis 21.12.2025 um 09:00 Uhr<br \/>Telefon +49 2421 306510  <\/p>\n<p>+++ Redaktioneller Hinweis: Die Daten werden vom offiziellen Gesundheitsportal der deutschen Apothekerinnen und Apotheker und der Kassen\u00e4rztlichen Bundesvereinigung bereitgestellt. Dieser Text wird t\u00e4glich datengetrieben aktualisiert. Letzter Datenabruf: 20.12.2025. Bei Anmerkungen oder R\u00fcckfragen wenden Sie sich bitte an hinweis@news.de. +++<\/p>\n<p><a href=\"https:\/\/www.news.de\/autor\/Sarah+Knauth\/\" rel=\"author noopener\" target=\"_blank\">kns<\/a>\/roj\/news.de<\/p>\n","protected":false},"excerpt":{"rendered":"In diesem Artikel erfahren Patientinnen und Patienten im Landkreis St\u00e4dteregion Aachen, &#8230; welche Notaufnahmen in ihrer N\u00e4he sind,&hellip;\n","protected":false},"author":2,"featured_media":101205,"comment_status":"","ping_status":"","sticky":false,"template":"","format":"standard","meta":{"footnotes":""},"categories":[1853],"tags":[1424,3364,29,548,663,3934,30,141,13,14,15,1209,12],"class_list":{"0":"post-658862","1":"post","2":"type-post","3":"status-publish","4":"format-standard","5":"has-post-thumbnail","7":"category-aachen","8":"tag-aachen","9":"tag-de","10":"tag-deutschland","11":"tag-eu","12":"tag-europa","13":"tag-europe","14":"tag-germany","15":"tag-gesundheit","16":"tag-headlines","17":"tag-nachrichten","18":"tag-news","19":"tag-nordrhein-westfalen","20":"tag-schlagzeilen"},"share_on_mastodon":{"url":"https:\/\/pubeurope.com\/@de\/115749728041005030","error":""},"_links":{"self":[{"href":"https:\/\/www.europesays.com\/de\/wp-json\/wp\/v2\/posts\/658862","targetHints":{"allow":["GET"]}}],"collection":[{"href":"https:\/\/www.europesays.com\/de\/wp-json\/wp\/v2\/posts"}],"about":[{"href":"https:\/\/www.europesays.com\/de\/wp-json\/wp\/v2\/types\/post"}],"author":[{"embeddable":true,"href":"https:\/\/www.europesays.com\/de\/wp-json\/wp\/v2\/users\/2"}],"replies":[{"embeddable":true,"href":"https:\/\/www.europesays.com\/de\/wp-json\/wp\/v2\/comments?post=658862"}],"version-history":[{"count":0,"href":"https:\/\/www.europesays.com\/de\/wp-json\/wp\/v2\/posts\/658862\/revisions"}],"wp:featuredmedia":[{"embeddable":true,"href":"https:\/\/www.europesays.com\/de\/wp-json\/wp\/v2\/media\/101205"}],"wp:attachment":[{"href":"https:\/\/www.europesays.com\/de\/wp-json\/wp\/v2\/media?parent=658862"}],"wp:term":[{"taxonomy":"category","embeddable":true,"href":"https:\/\/www.europesays.com\/de\/wp-json\/wp\/v2\/categories?post=658862"},{"taxonomy":"post_tag","embeddable":true,"href":"https:\/\/www.europesays.com\/de\/wp-json\/wp\/v2\/tags?post=658862"}],"curies":[{"name":"wp","href":"https:\/\/api.w.org\/{rel}","templated":true}]}}