{"id":658863,"date":"2025-12-20T03:17:16","date_gmt":"2025-12-20T03:17:16","guid":{"rendered":"https:\/\/www.europesays.com\/de\/658863\/"},"modified":"2025-12-20T03:17:16","modified_gmt":"2025-12-20T03:17:16","slug":"freilichtmuseum-molfsee-auf-erfolgskurs","status":"publish","type":"post","link":"https:\/\/www.europesays.com\/de\/658863\/","title":{"rendered":"Freilichtmuseum Molfsee auf Erfolgskurs"},"content":{"rendered":"<p class=\"Textstyled__Text-sc-1cqv9mi-0 cLyiiX\">Molfsee. Das 60. Jahr des Bestehens des Freilichtmuseums Molfsee war ein besonderes. Und das nicht nur, weil es eine gro\u00dfe Festveranstaltung gab. \u201eWir haben in diesem Jahr viele Projekte beenden k\u00f6nnen. Und damit einen gro\u00dfen Schritt in die Zukunft gemacht\u201c, sagt Museumsdirektorin Kerstin Poehls. <\/p>\n<p>Weiterlesen nach der Anzeige<\/p>\n<p>Weiterlesen nach der Anzeige<\/p>\n<p class=\"Textstyled__Text-sc-1cqv9mi-0 cLyiiX\">Wie gut die Arbeit in den vergangenen Jahren bei den G\u00e4sten ankommt, beweisen die aktuellen Besucherzahlen: Fast 134.000 Menschen haben das Freilichtmuseum im Jahr 2025 besucht \u2013 eine unglaubliche Zahl. <\/p>\n<p>134.000 Besucher im Jahr 2025<\/p>\n<p class=\"Textstyled__Text-sc-1cqv9mi-0 cLyiiX\">Geschichte zum Anfassen, Atmosph\u00e4re zum Verlieben \u2013 und ein Museum, das beweist: Hier geht richtig was. Das ist das Fazit, das Poehls ziehen kann. \u201eF\u00fcr uns und unsere G\u00e4ste war es ein ereignisreiches Jahr\u201c, erkl\u00e4rt Poehls.<\/p>\n<p>Weiterlesen nach der Anzeige<\/p>\n<p>Weiterlesen nach der Anzeige<\/p>\n<blockquote><p>F\u00fcr uns und unsere G\u00e4ste war es ein ereignisreiches Jahr.<\/p><\/blockquote>\n<p class=\"Quotestyled__Author-sc-q277fq-1 iQZobn\">Kerstin Poehls, Museumsdirektorin<\/p>\n<p class=\"Textstyled__Text-sc-1cqv9mi-0 cLyiiX\">Und f\u00fcgt hinzu: \u201eWir sind auch stolz, denn es war auch viel Arbeit auf vielen Ebenen.\u201c Es wurde an allen Ecken und Enden gebaut, parallel wurde aber auch weiter konzipiert, es wurden Ausstellungen auf den Weg gebracht und M\u00e4rkte wie beispielsweise der zehnt\u00e4gige Herbstmarkt veranstaltet.<\/p>\n<p class=\"Textstyled__Text-sc-1cqv9mi-0 cLyiiX\">Eines der gro\u00dfen Projekte: Die <a href=\"https:\/\/www.kn-online.de\/lokales\/rendsburg-eckernfoerde\/sanierung-von-bockwindmuehle-in-molfsee-neue-fluegel-im-freilichtmuseum-OT63OMQMZNDQJMKBWAIJZGLENE.html\" target=\"_self\" rel=\"noopener\" title=\"https:\/\/www.kn-online.de\/lokales\/rendsburg-eckernfoerde\/sanierung-von-bockwindmuehle-in-molfsee-neue-fluegel-im-freilichtmuseum-OT63OMQMZNDQJMKBWAIJZGLENE.html\" data-vars-event-category=\"intext_link\" data-vars-event-action=\"click\" data-vars-event-label=\"https:\/\/www.kn-online.de\/lokales\/rendsburg-eckernfoerde\/sanierung-von-bockwindmuehle-in-molfsee-neue-fluegel-im-freilichtmuseum-OT63OMQMZNDQJMKBWAIJZGLENE.html\">Fertigstellung der Bockwindm\u00fchle<\/a>, die endlich neue Fl\u00fcgel bekommen hat und sich seitdem auch wieder drehen kann \u2013 wenn entsprechend Wind weht.<\/p>\n<p>Gro\u00dfer Erfolg auf allen Ebenen<\/p>\n<p class=\"Textstyled__Text-sc-1cqv9mi-0 cLyiiX\">In Sachen Baumpflanzaktion wurde vorbildlich und sehr eng mit dem F\u00f6rderverein Freilichtmuseum Molfsee zusammengearbeitet. \u201eDie Idee war toll und wurde so erfolgreich umgesetzt. Insgesamt sind 60 neue B\u00e4ume gepflanzt worden.\u201c<\/p>\n<p class=\"Textstyled__Text-sc-1cqv9mi-0 cLyiiX\">\u201eAls Museum k\u00f6nnen wir gut zur CO\u2082-Bilanz beitragen und k\u00f6nnen mit diesen B\u00e4umen auch k\u00fcnftig arbeiten. Denn so wird es 2026 einen Apfelbaumtag geben\u201c, sagt Poehls. Und zwar am 25. Oktober.<\/p>\n<p>Weiterlesen nach der Anzeige<\/p>\n<p>Weiterlesen nach der Anzeige<\/p>\n<p class=\"Textstyled__Text-sc-1cqv9mi-0 cLyiiX\">Die Wegeinfrastruktur wurde ebenfalls angepackt: \u201eDie Wege sind ausgeleuchtet und auch in der D\u00e4mmerung kein Problem mehr.\u201c Und noch etwas verr\u00e4t Poehls: \u201eEs wird im kommenden Jahr noch mehr kuratorisches Programm an den Wochenenden geben.\u201c<\/p>\n<p><img decoding=\"async\" alt=\"60 Jahre, 60 B\u00e4ume: Unter diesem Motto startete die erste Baumpflanzung im Freilichtmuseum Molfsee. Utz Schliesky, Vorsitzender im F\u00f6rderverein, und Museumsdirektorin Kerstin Poehls schaufelten, w\u00e4hrend Imke L\u00fcders die Linde festhielt. Am Ende des Jubil\u00e4umsjahres war es geschafft: 60 neue B\u00e4ume wurden gepflanzt.\" loading=\"lazy\"  src=\"https:\/\/www.europesays.com\/de\/wp-content\/uploads\/2025\/12\/TK5UE6TDYBEPLJXHY5NMJHONUY.jpeg\" \/><\/p>\n<p class=\"Textstyled__Text-sc-1cqv9mi-0 cLyiiX\">28 Geb\u00e4ude sind in den vergangenen Jahren \u201ebearbeitet\u201c worden. \u201eFast 5,5 Millionen Euro haben wir f\u00fcr Sanierungen ausgegeben. Das ist eine unglaubliche Summe, die uns wirklich tolle Objekte bereitet hat\u201c, erkl\u00e4rt Poehls. Aber nun geht es an die \u201eInnenr\u00e4ume\u201c, denn auch die m\u00fcssen gemacht werden.<\/p>\n<p class=\"Textstyled__Text-sc-1cqv9mi-0 cLyiiX\">Ein weiteres neues Projekt: Das Haus des Jahres. \u201eWir wollen k\u00fcnftig ein Haus in den Mittelpunkt stellen, das \u00fcber das Jahr sozusagen einen Vorher-nachher-Effekt hat.\u201c<\/p>\n<p>Premiere 2026: Haus des Jahres<\/p>\n<p class=\"Textstyled__Text-sc-1cqv9mi-0 cLyiiX\">Auch die Besucherzahlen k\u00f6nnen sich erneut sehen lassen. Nach 2023 mit 128.123 G\u00e4sten steigerte sich die Zahl der Besucher im vergangenen Jahr auf 139.757 Menschen, die das Freilichtmuseum besucht haben.<\/p>\n<p>Weiterlesen nach der Anzeige<\/p>\n<p>Weiterlesen nach der Anzeige<\/p>\n<p class=\"Textstyled__Text-sc-1cqv9mi-0 cLyiiX\">Im laufenden Jahr wurden 133.839 G\u00e4ste in Molfsee gez\u00e4hlt. Ein kleines Minus von 4.2 Prozent. Woran lag es? \u201eDas ist dem schlechten Wetter beim Herbstmarkt geschuldet. Das ist leider so, dass es sofort zu merken ist\u201c, sagt Poehls.<\/p>\n<p class=\"Textstyled__Text-sc-1cqv9mi-0 cLyiiX\">F\u00fcr sie steht fest: \u201eJetzt, nachdem diese gro\u00dfen Sanierungsprojekte abgeschlossen sind, geht es f\u00fcr uns wirklich los, dass das Museum sich von seiner sch\u00f6nsten Seite zeigen kann. Es war harte Arbeit, wir mussten r\u00e4umen, hin- und her, aufr\u00e4umen, sichten, aber jetzt k\u00f6nnen wir uns erst mal auf das konzentrieren, was wir sind: ein tolles Museum mit einem tollen kuratorischen Angebot auch im Winter.\u201c <\/p>\n<p class=\"Textstyled__Text-sc-1cqv9mi-0 cLyiiX\">Auf 60 Jahre blickt das Freilichtmuseum Molfsee bereits zur\u00fcck, die n\u00e4chsten Jahre sollen \u2013 wenn es nach Museumsdirektorin Kerstin Poehls geht \u2013 genauso erfolgreich und spannend werden. <\/p>\n<p class=\"Editorialstyled__Editorial-sc-1bfvh9l-0 cSmjnJ\">KN<\/p>\n","protected":false},"excerpt":{"rendered":"Molfsee. Das 60. Jahr des Bestehens des Freilichtmuseums Molfsee war ein besonderes. Und das nicht nur, weil es&hellip;\n","protected":false},"author":2,"featured_media":658864,"comment_status":"","ping_status":"","sticky":false,"template":"","format":"standard","meta":{"footnotes":""},"categories":[1852],"tags":[3364,29,548,663,3934,30,13,4949,14,15,12,1971],"class_list":{"0":"post-658863","1":"post","2":"type-post","3":"status-publish","4":"format-standard","5":"has-post-thumbnail","7":"category-kiel","8":"tag-de","9":"tag-deutschland","10":"tag-eu","11":"tag-europa","12":"tag-europe","13":"tag-germany","14":"tag-headlines","15":"tag-kiel","16":"tag-nachrichten","17":"tag-news","18":"tag-schlagzeilen","19":"tag-schleswig-holstein"},"share_on_mastodon":{"url":"https:\/\/pubeurope.com\/@de\/115749732626968095","error":""},"_links":{"self":[{"href":"https:\/\/www.europesays.com\/de\/wp-json\/wp\/v2\/posts\/658863","targetHints":{"allow":["GET"]}}],"collection":[{"href":"https:\/\/www.europesays.com\/de\/wp-json\/wp\/v2\/posts"}],"about":[{"href":"https:\/\/www.europesays.com\/de\/wp-json\/wp\/v2\/types\/post"}],"author":[{"embeddable":true,"href":"https:\/\/www.europesays.com\/de\/wp-json\/wp\/v2\/users\/2"}],"replies":[{"embeddable":true,"href":"https:\/\/www.europesays.com\/de\/wp-json\/wp\/v2\/comments?post=658863"}],"version-history":[{"count":0,"href":"https:\/\/www.europesays.com\/de\/wp-json\/wp\/v2\/posts\/658863\/revisions"}],"wp:featuredmedia":[{"embeddable":true,"href":"https:\/\/www.europesays.com\/de\/wp-json\/wp\/v2\/media\/658864"}],"wp:attachment":[{"href":"https:\/\/www.europesays.com\/de\/wp-json\/wp\/v2\/media?parent=658863"}],"wp:term":[{"taxonomy":"category","embeddable":true,"href":"https:\/\/www.europesays.com\/de\/wp-json\/wp\/v2\/categories?post=658863"},{"taxonomy":"post_tag","embeddable":true,"href":"https:\/\/www.europesays.com\/de\/wp-json\/wp\/v2\/tags?post=658863"}],"curies":[{"name":"wp","href":"https:\/\/api.w.org\/{rel}","templated":true}]}}