{"id":658875,"date":"2025-12-20T03:24:20","date_gmt":"2025-12-20T03:24:20","guid":{"rendered":"https:\/\/www.europesays.com\/de\/658875\/"},"modified":"2025-12-20T03:24:20","modified_gmt":"2025-12-20T03:24:20","slug":"unfall-beim-fahrstreifenwechsel-autofahrer-verletzt-metropoljournal-com","status":"publish","type":"post","link":"https:\/\/www.europesays.com\/de\/658875\/","title":{"rendered":"Unfall beim Fahrstreifenwechsel \u2013 Autofahrer verletzt \u2013 Metropoljournal.com"},"content":{"rendered":"<p>\t\t\t<img fetchpriority=\"high\" decoding=\"async\" src=\"https:\/\/www.europesays.com\/de\/wp-content\/uploads\/2025\/09\/ret.jpg\" itemprop=\"image\" alt=\"Ludwigshafen: Unfall beim Fahrstreifenwechsel \u2013 Autofahrer verletzt\" width=\"1280\" height=\"853\" loading=\"eager\"\/>\t\t<\/p>\n<p>\t\t\t<a href=\"https:\/\/www.metropoljournal.com\/lokales\/rheinland-pfalz\/ludwigshafen-am-rhein.html\" target=\"_blank\" rel=\"noopener\">Ludwigshafen am Rhein<\/a><\/p>\n<p>\t\t20. Dezember 2025\t<\/p>\n<p>\t\tLudwigshafen: Unfall beim Fahrstreifenwechsel \u2013 Autofahrer verletzt<\/p>\n<p style=\"text-align: center; font-style: italic; color: #555; font-size: 1.2rem; margin-bottom: 2rem;\">Auf der Carl-Bosch-Stra\u00dfe kam es am Donnerstagabend zu einem Verkehrsunfall mit Verletzten. W\u00e4hrend der Unfallaufnahme musste die Stra\u00dfe zeitweise gesperrt werden.<\/p>\n<p>Am Donnerstagabend, dem 18. Dezember 2025, kam es gegen 18:29 Uhr auf der Carl-Bosch-Stra\u00dfe in Ludwigshafen zu einem Verkehrsunfall. Nach Angaben der Polizei wechselte ein 53-j\u00e4hriger Lkw-Fahrer den Fahrstreifen und \u00fcbersah dabei einen neben ihm fahrenden 43-j\u00e4hrigen Autofahrer. Infolge des Fahrstreifenwechsels kollidierten beide Fahrzeuge. Der 43-j\u00e4hrige Pkw-Fahrer zog sich bei dem Zusammensto\u00df Verletzungen zu und musste zur medizinischen Versorgung in ein Krankenhaus gebracht werden. \u00dcber die Schwere der Verletzungen machte die Polizei keine weiteren Angaben. W\u00e4hrend der Unfallaufnahme sowie der Bergung der beteiligten Fahrzeuge musste die Carl-Bosch-Stra\u00dfe in Fahrtrichtung Oppau f\u00fcr etwa eine Stunde voll gesperrt werden. In diesem Zeitraum kam es zu Verkehrsbeeintr\u00e4chtigungen. Die weiteren Ermittlungen zum Unfallhergang dauern an.&#13;<\/p>\n<p>Die Polizei weist darauf hin, dass beim Fahrstreifenwechsel besondere Aufmerksamkeit erforderlich ist. Ein Schulterblick und ausreichend Abstand k\u00f6nnen helfen, Unf\u00e4lle zu vermeiden.<\/p>\n<p>&#13;<\/p>\n<p>Quelle: Polizeipr\u00e4sidium Rheinpfalz, Pressemitteilung vom 19.12.2025, POL-PPRP.<\/p>\n<p>&#13;<\/p>\n","protected":false},"excerpt":{"rendered":"Ludwigshafen am Rhein 20. Dezember 2025 Ludwigshafen: Unfall beim Fahrstreifenwechsel \u2013 Autofahrer verletzt Auf der Carl-Bosch-Stra\u00dfe kam es&hellip;\n","protected":false},"author":2,"featured_media":425425,"comment_status":"","ping_status":"","sticky":false,"template":"","format":"standard","meta":{"footnotes":""},"categories":[1845],"tags":[1634,3364,29,548,663,3934,30,13,2096,14,15,12],"class_list":{"0":"post-658875","1":"post","2":"type-post","3":"status-publish","4":"format-standard","5":"has-post-thumbnail","7":"category-mannheim","8":"tag-baden-wuerttemberg","9":"tag-de","10":"tag-deutschland","11":"tag-eu","12":"tag-europa","13":"tag-europe","14":"tag-germany","15":"tag-headlines","16":"tag-mannheim","17":"tag-nachrichten","18":"tag-news","19":"tag-schlagzeilen"},"share_on_mastodon":{"url":"https:\/\/pubeurope.com\/@de\/115749759810982034","error":""},"_links":{"self":[{"href":"https:\/\/www.europesays.com\/de\/wp-json\/wp\/v2\/posts\/658875","targetHints":{"allow":["GET"]}}],"collection":[{"href":"https:\/\/www.europesays.com\/de\/wp-json\/wp\/v2\/posts"}],"about":[{"href":"https:\/\/www.europesays.com\/de\/wp-json\/wp\/v2\/types\/post"}],"author":[{"embeddable":true,"href":"https:\/\/www.europesays.com\/de\/wp-json\/wp\/v2\/users\/2"}],"replies":[{"embeddable":true,"href":"https:\/\/www.europesays.com\/de\/wp-json\/wp\/v2\/comments?post=658875"}],"version-history":[{"count":0,"href":"https:\/\/www.europesays.com\/de\/wp-json\/wp\/v2\/posts\/658875\/revisions"}],"wp:featuredmedia":[{"embeddable":true,"href":"https:\/\/www.europesays.com\/de\/wp-json\/wp\/v2\/media\/425425"}],"wp:attachment":[{"href":"https:\/\/www.europesays.com\/de\/wp-json\/wp\/v2\/media?parent=658875"}],"wp:term":[{"taxonomy":"category","embeddable":true,"href":"https:\/\/www.europesays.com\/de\/wp-json\/wp\/v2\/categories?post=658875"},{"taxonomy":"post_tag","embeddable":true,"href":"https:\/\/www.europesays.com\/de\/wp-json\/wp\/v2\/tags?post=658875"}],"curies":[{"name":"wp","href":"https:\/\/api.w.org\/{rel}","templated":true}]}}