{"id":658899,"date":"2025-12-20T03:38:19","date_gmt":"2025-12-20T03:38:19","guid":{"rendered":"https:\/\/www.europesays.com\/de\/658899\/"},"modified":"2025-12-20T03:38:19","modified_gmt":"2025-12-20T03:38:19","slug":"pfreundt-aus-suedlohn-gruendet-tochterfirma-in-den-usa","status":"publish","type":"post","link":"https:\/\/www.europesays.com\/de\/658899\/","title":{"rendered":"Pfreundt aus S\u00fcdlohn gr\u00fcndet Tochterfirma in den USA"},"content":{"rendered":"<p>\t\tS\u00fcdlohner Unternehmen expandiert in die USA<br \/>\n\t\t\t\t\tPfreundt gr\u00fcndet Tochterfirma in Indiana<\/p>\n<p>\t\t<img alt=\"\" src=\"https:\/\/www.europesays.com\/de\/wp-content\/uploads\/2025\/12\/Moritz-van-der-Sande.png\"  class=\"avatar avatar-36 photo avatar-default\" height=\"36\" width=\"36\" loading=\"eager\" decoding=\"async\"\/>\t\t<a class=\"article-author__name\" href=\"https:\/\/www.muensterlandzeitung.de\/author\/moritz-van-der-sande\/\" rel=\"author noopener\" target=\"_blank\">Moritz van der Sande<\/a><br \/>\n\t\tVolont\u00e4r<\/p>\n<p>    <a href=\"https:\/\/www.muensterlandzeitung.de\/wp-content\/uploads\/2025\/12\/18\/13\/630_0900_5496052_-1648x824.jpg\" target=\"_blank\" rel=\"noopener\"><\/p>\n<p>            <img loading=\"lazy\" decoding=\"async\" src=\"https:\/\/www.europesays.com\/de\/wp-content\/uploads\/2025\/12\/630_0900_5496049_-640x428.jpg\" width=\"640\" height=\"428\"  alt=\"\"\/><\/p>\n<p>    <\/a><br \/>\n    Tom Kerr \u00fcbernimmt die Position des General Managers f\u00fcr PF Scales. \u00a9 Pfreundt GmbH<\/p>\n<p class=\"article__teaser-text\">Pfreundt hat mit PF Scales eine Tochtergesellschaft in den USA gegr\u00fcndet. Vom Standort Indiana aus soll k\u00fcnftig das Gesch\u00e4ft auf dem US-Markt gesteuert werden.<\/p>\n<p>1 Min Lesezeit<\/p>\n<p>Der Wiegesystem-Hersteller Pfreundt aus <a href=\"https:\/\/www.muensterlandzeitung.de\/suedlohn\/\" data-imported=\"1\" target=\"_blank\" rel=\"noopener\">S\u00fcdlohn<\/a> hat eine Tochtergesellschaft in den Vereinigten Staaten gegr\u00fcndet. Das neue Unternehmen hei\u00dft PF Scales Inc. und soll k\u00fcnftig das Gesch\u00e4ft auf dem US-Markt \u00fcbernehmen. Das teilte Pfreundt in einer Mitteilung mit.<\/p>\n<p>Der Sitz der neuen Gesellschaft befindet sich im Bundesstaat Indiana. Die Region geh\u00f6rt zum sogenannten Rust Belt und ist laut Unternehmen industriell gepr\u00e4gt. Von dort aus soll PF Scales Kunden in den USA betreuen und den Markt weiter erschlie\u00dfen.<\/p>\n<p>Leitung und Aufgaben<\/p>\n<p>Die Gesch\u00e4ftsf\u00fchrung von PF Scales \u00fcbernimmt Tom Kerr. Er ist als General Manager f\u00fcr den Aufbau und die Entwicklung der US-Tochter zust\u00e4ndig. Nach Angaben von Pfreundt verf\u00fcgt Kerr \u00fcber langj\u00e4hrige Erfahrung in der Baumaschinenbranche und kennt die Anforderungen des amerikanischen Marktes.<\/p>\n<p>PF Scales soll nach Unternehmensangaben vor allem Wiegel\u00f6sungen f\u00fcr Kunden in den Bereichen Rohstoffgewinnung und Industrie anbieten. Stephen L\u00fcdiger, Vertriebsleiter von Pfreundt, erkl\u00e4rte, mit der neuen Gesellschaft werde die Pr\u00e4senz in den USA gest\u00e4rkt.<\/p>\n<p>Hintergrund zum Unternehmen<\/p>\n<p>Pfreundt ist seit mehr als vierzig Jahren im Bereich mobiler und station\u00e4rer Wiegesysteme t\u00e4tig. Das Unternehmen mit Sitz in S\u00fcdlohn entwickelt Systeme, die unter anderem in der Rohstoffgewinnung, in der Entsorgung, im Recycling sowie in der Industrie eingesetzt werden.<\/p>\n<p>Mit der Gr\u00fcndung von PF Scales \u00fcbernimmt die neue Tochtergesellschaft k\u00fcnftig Verantwortung f\u00fcr das operative Gesch\u00e4ft in den Vereinigten Staaten.<\/p>\n","protected":false},"excerpt":{"rendered":"S\u00fcdlohner Unternehmen expandiert in die USA Pfreundt gr\u00fcndet Tochterfirma in Indiana Moritz van der Sande Volont\u00e4r Tom Kerr&hellip;\n","protected":false},"author":2,"featured_media":658900,"comment_status":"","ping_status":"","sticky":false,"template":"","format":"standard","meta":{"footnotes":""},"categories":[3977],"tags":[331,332,13,154003,14,15,12,4017,4018,173,4016,64,4019,4020],"class_list":{"0":"post-658899","1":"post","2":"type-post","3":"status-publish","4":"format-standard","5":"has-post-thumbnail","7":"category-usa","8":"tag-aktuelle-nachrichten","9":"tag-aktuelle-news","10":"tag-headlines","11":"tag-internationaler-schritt","12":"tag-nachrichten","13":"tag-news","14":"tag-schlagzeilen","15":"tag-united-states","16":"tag-united-states-of-america","17":"tag-unternehmen","18":"tag-us","19":"tag-usa","20":"tag-vereinigte-staaten","21":"tag-vereinigte-staaten-von-amerika"},"share_on_mastodon":{"url":"https:\/\/pubeurope.com\/@de\/115749815641890407","error":""},"_links":{"self":[{"href":"https:\/\/www.europesays.com\/de\/wp-json\/wp\/v2\/posts\/658899","targetHints":{"allow":["GET"]}}],"collection":[{"href":"https:\/\/www.europesays.com\/de\/wp-json\/wp\/v2\/posts"}],"about":[{"href":"https:\/\/www.europesays.com\/de\/wp-json\/wp\/v2\/types\/post"}],"author":[{"embeddable":true,"href":"https:\/\/www.europesays.com\/de\/wp-json\/wp\/v2\/users\/2"}],"replies":[{"embeddable":true,"href":"https:\/\/www.europesays.com\/de\/wp-json\/wp\/v2\/comments?post=658899"}],"version-history":[{"count":0,"href":"https:\/\/www.europesays.com\/de\/wp-json\/wp\/v2\/posts\/658899\/revisions"}],"wp:featuredmedia":[{"embeddable":true,"href":"https:\/\/www.europesays.com\/de\/wp-json\/wp\/v2\/media\/658900"}],"wp:attachment":[{"href":"https:\/\/www.europesays.com\/de\/wp-json\/wp\/v2\/media?parent=658899"}],"wp:term":[{"taxonomy":"category","embeddable":true,"href":"https:\/\/www.europesays.com\/de\/wp-json\/wp\/v2\/categories?post=658899"},{"taxonomy":"post_tag","embeddable":true,"href":"https:\/\/www.europesays.com\/de\/wp-json\/wp\/v2\/tags?post=658899"}],"curies":[{"name":"wp","href":"https:\/\/api.w.org\/{rel}","templated":true}]}}