{"id":659120,"date":"2025-12-20T06:10:28","date_gmt":"2025-12-20T06:10:28","guid":{"rendered":"https:\/\/www.europesays.com\/de\/659120\/"},"modified":"2025-12-20T06:10:28","modified_gmt":"2025-12-20T06:10:28","slug":"spanischer-krimi-von-netflix-erreicht-seltene-100-bei-kritikern","status":"publish","type":"post","link":"https:\/\/www.europesays.com\/de\/659120\/","title":{"rendered":"Spanischer Krimi von Netflix erreicht seltene 100 % bei Kritikern"},"content":{"rendered":"<ol class=\"id-DonaldBreadcrumb lp_west_breadcrumb id-DonaldBreadcrumb--default\" data-k5a-pos=\"west_breadcrumb\">\n<li class=\"id-Breadcrumb-item\"><a href=\"https:\/\/www.serienjunkies.de\/\" class=\"id-Breadcrumb-link\" data-id-ec=\"{\" shn=\"\" textlink=\"\" data-k5a-pos=\"1_serienjunkies\" rel=\"nofollow noopener\" target=\"_blank\">serienjunkies<\/a><\/li>\n<li class=\"id-Breadcrumb-item\"><a href=\"https:\/\/www.serienjunkies.de\/news\/\" class=\"id-Breadcrumb-link\" data-id-ec=\"{\" shn=\"\" textlink=\"\" data-k5a-pos=\"2_news\" rel=\"nofollow noopener\" target=\"_blank\">News<\/a><\/li>\n<li class=\"id-Breadcrumb-item\"><a href=\"https:\/\/www.serienjunkies.de\/news\/storys\/\" class=\"id-Breadcrumb-link\" data-id-ec=\"{\" shn=\"\" textlink=\"\" data-k5a-pos=\"3_storys\" rel=\"nofollow noopener\" target=\"_blank\">Storys<\/a><\/li>\n<\/ol>\n<p class=\"id-Story-timestamp id-Story-timestamp--default\">Stand: 20.12.2025, 04:53 Uhr<\/p>\n<p class=\"id-Story-authors id-Story-authors--default\">Von: <a class=\"id-Story-authors-link lp_west_author\" href=\"https:\/\/www.serienjunkies.de\/autor\/adam-arndt-jg7gt6np.html\" title=\"Zur Autorenseite von Adam Arndt\" data-id-ec=\"{\" shn=\"\" author-link=\"\" arndt=\"\" data-k5a-pos=\"west_author\" rel=\"nofollow noopener\" target=\"_blank\">Adam Arndt<\/a><\/p>\n<p class=\"id-Story-interactionBar id-Story-interactionBar--default\">DruckenTeilen<\/p>\n<p class=\"id-StoryElement-leadText\">Ein d\u00fcsterer Mordfall in Barcelona entfacht Spannung und bleibt trotzdem von vielen Zuschauern bisher unentdeckt.<\/p>\n<p class=\"id-StoryElement-paragraph\">Mit kaum Marketingaufwand durch den <a href=\"https:\/\/www.serienjunkies.de\/glossar\/vod.html\" target=\"_blank\" class=\"id-import-Link\" data-id-ec=\"{&quot;sht&quot;:&quot;Container&quot;,&quot;shn&quot;:&quot;Story&quot;,&quot;p&quot;:{&quot;containerType&quot;:&quot;Paragraph&quot;,&quot;displayType&quot;:&quot;Paragraph InlineLink&quot;,&quot;type&quot;:&quot;INLINE_LINK&quot;,&quot;value&quot;:&quot;Streamingdienst&quot;,&quot;variant&quot;:&quot;standardLink&quot;,&quot;sponsored&quot;:false,&quot;linkHref&quot;:&quot;https:\/\/www.serienjunkies.de\/glossar\/vod.html&quot;,&quot;storyElementPosition&quot;:8,&quot;storyElementCount&quot;:23}}\" rel=\"nofollow noopener\">Streamingdienst<\/a> <a href=\"https:\/\/www.serienjunkies.de\/sender\/netflix\/\" target=\"_blank\" class=\"id-import-Link\" data-id-ec=\"{&quot;sht&quot;:&quot;Container&quot;,&quot;shn&quot;:&quot;Story&quot;,&quot;p&quot;:{&quot;containerType&quot;:&quot;Paragraph&quot;,&quot;displayType&quot;:&quot;Paragraph InlineLink&quot;,&quot;type&quot;:&quot;INLINE_LINK&quot;,&quot;value&quot;:&quot;Netflix&quot;,&quot;variant&quot;:&quot;standardLink&quot;,&quot;sponsored&quot;:false,&quot;linkHref&quot;:&quot;https:\/\/www.serienjunkies.de\/sender\/netflix\/&quot;,&quot;storyElementPosition&quot;:8,&quot;storyElementCount&quot;:23}}\" rel=\"nofollow noopener\">Netflix<\/a><a href=\"https:\/\/www.serienjunkies.de\/news\/serien\/stadt-der-schatten-spanische-krimiserie-startet-heute-auf-netflix-94078631.html\" class=\"id-import-Link\" data-id-ec=\"{&quot;sht&quot;:&quot;Container&quot;,&quot;shn&quot;:&quot;Story&quot;,&quot;p&quot;:{&quot;containerType&quot;:&quot;Paragraph&quot;,&quot;displayType&quot;:&quot;Paragraph InlineLink&quot;,&quot;type&quot;:&quot;INLINE_LINK&quot;,&quot;value&quot;:&quot; ist &#x201E;City of Shadows&#x201C; aka &#x201E;Stadt der Schatten&#x201C; unerwartet am 12. Dezember 2025 erschienen&quot;,&quot;variant&quot;:&quot;standardLink&quot;,&quot;sponsored&quot;:false,&quot;linkHref&quot;:&quot;https:\/\/www.serienjunkies.de\/news\/serien\/stadt-der-schatten-spanische-krimiserie-startet-heute-auf-netflix-94078631.html&quot;,&quot;storyElementPosition&quot;:8,&quot;storyElementCount&quot;:23}}\" rel=\"nofollow noopener\" target=\"_blank\"> ist \u201eCity of Shadows\u201c aka \u201eStadt der Schatten\u201c unerwartet am 12. Dezember 2025 erschienen<\/a>. Die spanische <a href=\"https:\/\/www.serienjunkies.de\/serien\/genre\/krimi\/\" target=\"_blank\" class=\"id-import-Link\" data-id-ec=\"{&quot;sht&quot;:&quot;Container&quot;,&quot;shn&quot;:&quot;Story&quot;,&quot;p&quot;:{&quot;containerType&quot;:&quot;Paragraph&quot;,&quot;displayType&quot;:&quot;Paragraph InlineLink&quot;,&quot;type&quot;:&quot;INLINE_LINK&quot;,&quot;value&quot;:&quot;Krimiserie&quot;,&quot;variant&quot;:&quot;standardLink&quot;,&quot;sponsored&quot;:false,&quot;linkHref&quot;:&quot;https:\/\/www.serienjunkies.de\/serien\/genre\/krimi\/&quot;,&quot;storyElementPosition&quot;:8,&quot;storyElementCount&quot;:23}}\" rel=\"nofollow noopener\">Krimiserie<\/a>, bestehend aus sechs Folgen zu je rund 50 Minuten, erh\u00e4lt von Kritikern auf Rotten Tomatoes eine makellose Bewertung von 100 % Das ist selbst f\u00fcr etablierte Formate ein seltener Triumph. Inhaltlich bewegt sich die <a href=\"https:\/\/www.serienjunkies.de\/glossar\/miniserie.html\" target=\"_blank\" class=\"id-import-Link\" data-id-ec=\"{&quot;sht&quot;:&quot;Container&quot;,&quot;shn&quot;:&quot;Story&quot;,&quot;p&quot;:{&quot;containerType&quot;:&quot;Paragraph&quot;,&quot;displayType&quot;:&quot;Paragraph InlineLink&quot;,&quot;type&quot;:&quot;INLINE_LINK&quot;,&quot;value&quot;:&quot;Miniserie&quot;,&quot;variant&quot;:&quot;standardLink&quot;,&quot;sponsored&quot;:false,&quot;linkHref&quot;:&quot;https:\/\/www.serienjunkies.de\/glossar\/miniserie.html&quot;,&quot;storyElementPosition&quot;:8,&quot;storyElementCount&quot;:23}}\" rel=\"nofollow noopener\">Miniserie<\/a> zwischen d\u00fcsterer Polizeiarbeit, melancholischer Stadtarchitektur und einem schwelenden gesellschaftlichen Kommentar. Aktuell befindet sich die Serie auf Platz vier der deutschen Netflix-Charts.<\/p>\n<p><img decoding=\"async\" class=\"id-RatioPlaceholder-element wv_story_el_image\" src=\"https:\/\/www.europesays.com\/de\/wp-content\/uploads\/2025\/12\/40889477-szenenfoto-aus-der-spanischen-netflixserie-stadt-der-schatten-aka-city-of-shadows-OnBG.jpg\" loading=\"lazy\"   height=\"660\" width=\"1100\" alt=\"Szenenfoto aus der spanischen Netflix-Serie &#x201E;Stadt der Schatten&#x201C; aka &#x201E;City of Shadows&#x201C;\"\/>Bei Netflix unter dem Radar: Spaniens stiller Netflix-Hit mit 100 % Kritikwerten \u00a9\u00a0LUCIA FARAIG\/NETFLIX<\/p>\n<p class=\"id-StoryElement-paragraph\">Die Handlung beginnt spektakul\u00e4r: Ein menschlicher K\u00f6rper brennt an einer der ikonischen Bauten von Antoni Gaud\u00ed. Der grausige Fund zieht den in Ungnade gefallenen Ermittler (gespielt von <a href=\"https:\/\/www.serienjunkies.de\/person\/miguel-angel-silvestre\/622041\/\" target=\"_blank\" class=\"id-import-Link\" data-id-ec=\"{&quot;sht&quot;:&quot;Container&quot;,&quot;shn&quot;:&quot;Story&quot;,&quot;p&quot;:{&quot;containerType&quot;:&quot;Paragraph&quot;,&quot;displayType&quot;:&quot;Paragraph InlineLink&quot;,&quot;type&quot;:&quot;INLINE_LINK&quot;,&quot;value&quot;:&quot;Miguel &#xC1;ngel Silvestre&quot;,&quot;variant&quot;:&quot;standardLink&quot;,&quot;sponsored&quot;:false,&quot;linkHref&quot;:&quot;https:\/\/www.serienjunkies.de\/person\/miguel-angel-silvestre\/622041\/&quot;,&quot;storyElementPosition&quot;:11,&quot;storyElementCount&quot;:23}}\" rel=\"nofollow noopener\">Miguel \u00c1ngel Silvestre<\/a>) zur\u00fcck in ein Leben, das er hinter sich lassen wollte. Diese Ausgangslage ist typisch f\u00fcr das spanische <a href=\"https:\/\/www.serienjunkies.de\/serien\/genre\/thriller\/\" target=\"_blank\" class=\"id-import-Link\" data-id-ec=\"{&quot;sht&quot;:&quot;Container&quot;,&quot;shn&quot;:&quot;Story&quot;,&quot;p&quot;:{&quot;containerType&quot;:&quot;Paragraph&quot;,&quot;displayType&quot;:&quot;Paragraph InlineLink&quot;,&quot;type&quot;:&quot;INLINE_LINK&quot;,&quot;value&quot;:&quot;Thrillerkino&quot;,&quot;variant&quot;:&quot;standardLink&quot;,&quot;sponsored&quot;:false,&quot;linkHref&quot;:&quot;https:\/\/www.serienjunkies.de\/serien\/genre\/thriller\/&quot;,&quot;storyElementPosition&quot;:11,&quot;storyElementCount&quot;:23}}\" rel=\"nofollow noopener\">Thrillerkino<\/a>: moralisch ambivalent, emotional druckvoll, visuell pr\u00e4gnant. <a href=\"https:\/\/www.serienjunkies.de\/news\/film\/nur-noch-wenige-tage-kinohit-vom-sommer-bringt-zombie-horror-zu-netflix-94077289.html\" class=\"id-import-Link\" data-id-ec=\"{&quot;sht&quot;:&quot;Container&quot;,&quot;shn&quot;:&quot;Story&quot;,&quot;p&quot;:{&quot;containerType&quot;:&quot;Paragraph&quot;,&quot;displayType&quot;:&quot;Paragraph InlineLink&quot;,&quot;type&quot;:&quot;INLINE_LINK&quot;,&quot;value&quot;:&quot;Fr&#xFC;hzeitiges Weihnachtsgeschenk von Netflix &#x2013; Kinohit aus diesem Jahr schon bald streamen&quot;,&quot;variant&quot;:&quot;standardLink&quot;,&quot;sponsored&quot;:false,&quot;linkHref&quot;:&quot;https:\/\/www.serienjunkies.de\/news\/film\/nur-noch-wenige-tage-kinohit-vom-sommer-bringt-zombie-horror-zu-netflix-94077289.html&quot;,&quot;storyElementPosition&quot;:11,&quot;storyElementCount&quot;:23}}\" rel=\"nofollow noopener\" target=\"_blank\">Fr\u00fchzeitiges Weihnachtsgeschenk von Netflix \u2013 Kinohit aus diesem Jahr schon bald streamen<\/a>.<\/p>\n<p>\u201eCity of Shadows\u201c: Wenn Barcelona in Flammen steht<\/p>\n<p class=\"id-StoryElement-paragraph\">Die Regie inszeniert Barcelona als fiebrige Metropole, deren Sch\u00f6nheit von Schuld und Verfall \u00fcberzogen ist. Visuell und rhythmisch erinnert \u201eCity of Shadows\u201c an <a href=\"https:\/\/www.serienjunkies.de\/glossar\/production.html\" target=\"_blank\" class=\"id-import-Link\" data-id-ec=\"{&quot;sht&quot;:&quot;Container&quot;,&quot;shn&quot;:&quot;Story&quot;,&quot;p&quot;:{&quot;containerType&quot;:&quot;Paragraph&quot;,&quot;displayType&quot;:&quot;Paragraph InlineLink&quot;,&quot;type&quot;:&quot;INLINE_LINK&quot;,&quot;value&quot;:&quot;Produktionen&quot;,&quot;variant&quot;:&quot;standardLink&quot;,&quot;sponsored&quot;:false,&quot;linkHref&quot;:&quot;https:\/\/www.serienjunkies.de\/glossar\/production.html&quot;,&quot;storyElementPosition&quot;:13,&quot;storyElementCount&quot;:23}}\" rel=\"nofollow noopener\">Produktionen<\/a> wie \u201e<a href=\"https:\/\/www.serienjunkies.de\/haus-des-geldes\/\" target=\"_blank\" class=\"id-import-Link\" data-id-ec=\"{&quot;sht&quot;:&quot;Container&quot;,&quot;shn&quot;:&quot;Story&quot;,&quot;p&quot;:{&quot;containerType&quot;:&quot;Paragraph&quot;,&quot;displayType&quot;:&quot;Paragraph InlineLink&quot;,&quot;type&quot;:&quot;INLINE_LINK&quot;,&quot;value&quot;:&quot;Haus des Geldes&quot;,&quot;variant&quot;:&quot;standardLink&quot;,&quot;sponsored&quot;:false,&quot;linkHref&quot;:&quot;https:\/\/www.serienjunkies.de\/haus-des-geldes\/&quot;,&quot;storyElementPosition&quot;:13,&quot;storyElementCount&quot;:23}}\" rel=\"nofollow noopener\">Haus des Geldes<\/a>\u201c oder \u201e<a href=\"https:\/\/www.serienjunkies.de\/das-maedchen-im-schnee\/\" target=\"_blank\" class=\"id-import-Link\" data-id-ec=\"{&quot;sht&quot;:&quot;Container&quot;,&quot;shn&quot;:&quot;Story&quot;,&quot;p&quot;:{&quot;containerType&quot;:&quot;Paragraph&quot;,&quot;displayType&quot;:&quot;Paragraph InlineLink&quot;,&quot;type&quot;:&quot;INLINE_LINK&quot;,&quot;value&quot;:&quot;Das M&#xE4;dchen im Schnee&quot;,&quot;variant&quot;:&quot;standardLink&quot;,&quot;sponsored&quot;:false,&quot;linkHref&quot;:&quot;https:\/\/www.serienjunkies.de\/das-maedchen-im-schnee\/&quot;,&quot;storyElementPosition&quot;:13,&quot;storyElementCount&quot;:23}}\" rel=\"nofollow noopener\">Das M\u00e4dchen im Schnee<\/a>\u201c, bleibt aber bodenst\u00e4ndiger. Die Kamera folgt nicht der Rasanz, sondern dem inneren Verfall der Figuren. Das Ergebnis ist ein Krimi, der bewusst entschleunigt und durch pr\u00e4zise Bildkomposition Spannung erzeugt. Kritiker loben die Produktion als \u201ewohlproduziert, sorgf\u00e4ltig getaktet und hervorragend gespielt\u201c. Der leise Ton, das Spiel mit religi\u00f6sen Symbolen und die Trostlosigkeit urbaner Einsamkeit geben der Serie eine ganz eigene Atmosph\u00e4re. Ebenfalls interessant: <a href=\"https:\/\/www.serienjunkies.de\/news\/serien\/mehr-gore-mehr-horror-diese-aspekte-machen-fallout-staffel-zur-sensation-94068918.html\" class=\"id-import-Link\" data-id-ec=\"{&quot;sht&quot;:&quot;Container&quot;,&quot;shn&quot;:&quot;Story&quot;,&quot;p&quot;:{&quot;containerType&quot;:&quot;Paragraph&quot;,&quot;displayType&quot;:&quot;Paragraph InlineLink&quot;,&quot;type&quot;:&quot;INLINE_LINK&quot;,&quot;value&quot;:&quot;Nach 3 Episoden bin ich &#xFC;berw&#xE4;ltigt: Warum &#x201E;Fallout&#x201C; Staffel 2 alle Erwartungen &#xFC;bertrifft&quot;,&quot;variant&quot;:&quot;standardLink&quot;,&quot;sponsored&quot;:false,&quot;linkHref&quot;:&quot;https:\/\/www.serienjunkies.de\/news\/serien\/mehr-gore-mehr-horror-diese-aspekte-machen-fallout-staffel-zur-sensation-94068918.html&quot;,&quot;storyElementPosition&quot;:13,&quot;storyElementCount&quot;:23}}\" rel=\"nofollow noopener\" target=\"_blank\">Nach 3 Episoden bin ich \u00fcberw\u00e4ltigt: Warum \u201eFallout\u201c Staffel 2 alle Erwartungen \u00fcbertrifft<\/a>.<\/p>\n<p>Charaktere zwischen Schuld und Erl\u00f6sung<\/p>\n<p class=\"id-StoryElement-paragraph\">Der namenlose Ermittler (Silvestre) tr\u00e4gt die Handlung. Einst gefeiert, jetzt ge\u00e4chtet, dient seine R\u00fcckkehr nicht nur der Aufkl\u00e4rung eines Mordes, sondern seiner moralischen Rehabilitation. Ihm gegen\u00fcber steht Kommissarin Vega (<a href=\"https:\/\/www.serienjunkies.de\/person\/maribel-verd\/91161\/\" target=\"_blank\" class=\"id-import-Link\" data-id-ec=\"{&quot;sht&quot;:&quot;Container&quot;,&quot;shn&quot;:&quot;Story&quot;,&quot;p&quot;:{&quot;containerType&quot;:&quot;Paragraph&quot;,&quot;displayType&quot;:&quot;Paragraph InlineLink&quot;,&quot;type&quot;:&quot;INLINE_LINK&quot;,&quot;value&quot;:&quot;Maribel Verd&#xFA;&quot;,&quot;variant&quot;:&quot;standardLink&quot;,&quot;sponsored&quot;:false,&quot;linkHref&quot;:&quot;https:\/\/www.serienjunkies.de\/person\/maribel-verd\/91161\/&quot;,&quot;storyElementPosition&quot;:16,&quot;storyElementCount&quot;:23}}\" rel=\"nofollow noopener\">Maribel Verd\u00fa<\/a>), die den Fall mit fachlicher Klarheit, aber innerer Verunsicherung vorantreibt. Beide repr\u00e4sentieren verschiedene Wege, mit pers\u00f6nlichem Versagen umzugehen \u2013 ein Thema, das weit \u00fcber den <a href=\"https:\/\/www.serienjunkies.de\/glossar\/arc.html\" target=\"_blank\" class=\"id-import-Link\" data-id-ec=\"{&quot;sht&quot;:&quot;Container&quot;,&quot;shn&quot;:&quot;Story&quot;,&quot;p&quot;:{&quot;containerType&quot;:&quot;Paragraph&quot;,&quot;displayType&quot;:&quot;Paragraph InlineLink&quot;,&quot;type&quot;:&quot;INLINE_LINK&quot;,&quot;value&quot;:&quot;Plot&quot;,&quot;variant&quot;:&quot;standardLink&quot;,&quot;sponsored&quot;:false,&quot;linkHref&quot;:&quot;https:\/\/www.serienjunkies.de\/glossar\/arc.html&quot;,&quot;storyElementPosition&quot;:16,&quot;storyElementCount&quot;:23}}\" rel=\"nofollow noopener\">Plot<\/a> hinausragt.<\/p>\n<p>Harlan Coben: Alle Serienhits und geplante Projekte des Bestsellerautors<img decoding=\"async\" class=\"id-RatioPlaceholder-element wv_story_el_interstitialImage\" src=\"https:\/\/www.europesays.com\/de\/wp-content\/uploads\/2025\/04\/36836336-serien-von-harlan-coben-missing-you-the-stranger-fool-me-once-1Zfe.jpg\" loading=\"lazy\"   height=\"1125\" width=\"2000\" alt=\"Serien von Harlan Coben: Missing you, The Stranger, Fool me once\"\/><a href=\"https:\/\/www.serienjunkies.de\/news\/storys\/alle-serien-und-geplante-projekte-des-bestsellerautors-harlan-coben-zr-93532407.html\" class=\"id-StoryElement-intestitialLink-link\" data-id-ec=\"{\" shn=\"\" ansehen=\"\" data-k5a-pos=\"west_story_16_photoGalleryLink\" title=\"Zur Fotostrecke: Harlan Coben: Alle Serienhits und geplante Projekte des Bestsellerautors\" rel=\"nofollow noopener\" target=\"_blank\">Fotostrecke ansehen<\/a>Kritische Stimmen und die Kunst des Understatements<\/p>\n<p class=\"id-StoryElement-paragraph\">Medien wie <a href=\"https:\/\/elpais.com\/television\/series\/2025-12-12\/asi-es-ciudad-de-sombras-la-serie-postuma-de-veronica-echegui-en-netflix.html\" rel=\"nofollow noopener\" target=\"_blank\" class=\"id-import-Link id-pageApi-Link--externalDomain\" data-id-ec=\"{&quot;sht&quot;:&quot;Container&quot;,&quot;shn&quot;:&quot;Story&quot;,&quot;p&quot;:{&quot;containerType&quot;:&quot;Paragraph&quot;,&quot;displayType&quot;:&quot;Paragraph InlineLink&quot;,&quot;type&quot;:&quot;INLINE_LINK&quot;,&quot;value&quot;:&quot;El Pa&#xED;s&quot;,&quot;variant&quot;:&quot;standardLink&quot;,&quot;sponsored&quot;:false,&quot;linkHref&quot;:&quot;https:\/\/elpais.com\/television\/series\/2025-12-12\/asi-es-ciudad-de-sombras-la-serie-postuma-de-veronica-echegui-en-netflix.html&quot;,&quot;storyElementPosition&quot;:20,&quot;storyElementCount&quot;:23}}\">El Pa\u00eds<\/a> beschreiben die Serie als \u201evon Schmerz durchzogen und nichts f\u00fcr leichtf\u00fc\u00dfige Unterhaltung\u201c. Diese bewusste Schwere l\u00e4sst sie aus der Masse gleichf\u00f6rmiger Thriller hervorstechen. Auch international best\u00e4tigt sich die Wahrnehmung eines \u00e4sthetischen, aber anspruchsvollen Dramas. Netflix selbst hat \u201eCity of Shadows\u201c jedoch kaum in Szene gesetzt: kein Trendplatz, kein Social\u2011Push. Dadurch bleibt sie ein Geheimtipp \u2013 doch einer, der Best\u00e4ndigkeit besitzen k\u00f6nnte. <a href=\"https:\/\/www.serienjunkies.de\/news\/storys\/100-prozent-bei-rotten-tomatoes-yellowstone-macher-bricht-rekord-in-staffel-94087116.html\" class=\"id-import-Link\" data-id-ec=\"{&quot;sht&quot;:&quot;Container&quot;,&quot;shn&quot;:&quot;Story&quot;,&quot;p&quot;:{&quot;containerType&quot;:&quot;Paragraph&quot;,&quot;displayType&quot;:&quot;Paragraph InlineLink&quot;,&quot;type&quot;:&quot;INLINE_LINK&quot;,&quot;value&quot;:&quot;Kritiker sind von aktueller Staffel begeistert: Rekord f&#xFC;r Serie vom &#x201E;Yellowstone&#x201C;-Macher&quot;,&quot;variant&quot;:&quot;standardLink&quot;,&quot;sponsored&quot;:false,&quot;linkHref&quot;:&quot;https:\/\/www.serienjunkies.de\/news\/storys\/100-prozent-bei-rotten-tomatoes-yellowstone-macher-bricht-rekord-in-staffel-94087116.html&quot;,&quot;storyElementPosition&quot;:20,&quot;storyElementCount&quot;:23}}\" rel=\"nofollow noopener\" target=\"_blank\">Kritiker sind von aktueller Staffel begeistert: Rekord f\u00fcr Serie vom \u201eYellowstone\u201c-Macher<\/a>.<\/p>\n<p>Ein Juwel im Schatten der Streaming\u2011Masse<\/p>\n<p class=\"id-StoryElement-paragraph\">W\u00e4hrend Formate wie \u201e<a href=\"https:\/\/www.serienjunkies.de\/the-abandons\/\" target=\"_blank\" class=\"id-import-Link\" data-id-ec=\"{&quot;sht&quot;:&quot;Container&quot;,&quot;shn&quot;:&quot;Story&quot;,&quot;p&quot;:{&quot;containerType&quot;:&quot;Paragraph&quot;,&quot;displayType&quot;:&quot;Paragraph InlineLink&quot;,&quot;type&quot;:&quot;INLINE_LINK&quot;,&quot;value&quot;:&quot;The Abandons&quot;,&quot;variant&quot;:&quot;standardLink&quot;,&quot;sponsored&quot;:false,&quot;linkHref&quot;:&quot;https:\/\/www.serienjunkies.de\/the-abandons\/&quot;,&quot;storyElementPosition&quot;:23,&quot;storyElementCount&quot;:23}}\" rel=\"nofollow noopener\">The Abandons<\/a>\u201c oder \u201e<a href=\"https:\/\/www.serienjunkies.de\/man-vs-baby\/\" target=\"_blank\" class=\"id-import-Link\" data-id-ec=\"{&quot;sht&quot;:&quot;Container&quot;,&quot;shn&quot;:&quot;Story&quot;,&quot;p&quot;:{&quot;containerType&quot;:&quot;Paragraph&quot;,&quot;displayType&quot;:&quot;Paragraph InlineLink&quot;,&quot;type&quot;:&quot;INLINE_LINK&quot;,&quot;value&quot;:&quot;Man vs. Baby&quot;,&quot;variant&quot;:&quot;standardLink&quot;,&quot;sponsored&quot;:false,&quot;linkHref&quot;:&quot;https:\/\/www.serienjunkies.de\/man-vs-baby\/&quot;,&quot;storyElementPosition&quot;:23,&quot;storyElementCount&quot;:23}}\" rel=\"nofollow noopener\">Man vs. Baby<\/a>\u201c hohe Abrufzahlen erzielen, bleibt \u201eCity of Shadows\u201c vorerst von vielen unentdeckt. Dabei vereint die Serie alles, was hochwertige europ\u00e4ische Thriller pr\u00e4gt: ein starkes <a href=\"https:\/\/www.serienjunkies.de\/glossar\/cast-contingnt-pickup.html\" target=\"_blank\" class=\"id-import-Link\" data-id-ec=\"{&quot;sht&quot;:&quot;Container&quot;,&quot;shn&quot;:&quot;Story&quot;,&quot;p&quot;:{&quot;containerType&quot;:&quot;Paragraph&quot;,&quot;displayType&quot;:&quot;Paragraph InlineLink&quot;,&quot;type&quot;:&quot;INLINE_LINK&quot;,&quot;value&quot;:&quot;Ensemble&quot;,&quot;variant&quot;:&quot;standardLink&quot;,&quot;sponsored&quot;:false,&quot;linkHref&quot;:&quot;https:\/\/www.serienjunkies.de\/glossar\/cast-contingnt-pickup.html&quot;,&quot;storyElementPosition&quot;:23,&quot;storyElementCount&quot;:23}}\" rel=\"nofollow noopener\">Ensemble<\/a>, visuelle Eleganz und subtile Gesellschaftskommentare. Sie verk\u00f6rpert eine fast klassische Form des Erz\u00e4hlens: reduziert, ernst und dabei \u00fcberaus sehenswert. Wer sich auf die Dunkelheit Barcelonas einl\u00e4sst, findet hier keine Explosion aus Effekten, sondern feine, stets vorhandene Spannung. \u201eCity of Shadows\u201c beweist, dass Qualit\u00e4t sich nicht zwingend laut ank\u00fcndigen muss. <a href=\"https:\/\/www.serienjunkies.de\/news\/serien\/netflix-im-januar-2026-stranger-things-finale-bridgerton-und-alle-james-bond-filme-94078122.html\" class=\"id-import-Link\" data-id-ec=\"{&quot;sht&quot;:&quot;Container&quot;,&quot;shn&quot;:&quot;Story&quot;,&quot;p&quot;:{&quot;containerType&quot;:&quot;Paragraph&quot;,&quot;displayType&quot;:&quot;Paragraph InlineLink&quot;,&quot;type&quot;:&quot;INLINE_LINK&quot;,&quot;value&quot;:&quot;Das sind die Streaming-Highlights im Januar 2026 bei Netflix&quot;,&quot;variant&quot;:&quot;standardLink&quot;,&quot;sponsored&quot;:false,&quot;linkHref&quot;:&quot;https:\/\/www.serienjunkies.de\/news\/serien\/netflix-im-januar-2026-stranger-things-finale-bridgerton-und-alle-james-bond-filme-94078122.html&quot;,&quot;storyElementPosition&quot;:23,&quot;storyElementCount&quot;:23}}\" rel=\"nofollow noopener\" target=\"_blank\">Das sind die Streaming-Highlights im Januar 2026 bei Netflix<\/a>.<\/p>\n","protected":false},"excerpt":{"rendered":"serienjunkies News Storys Stand: 20.12.2025, 04:53 Uhr Von: Adam Arndt DruckenTeilen Ein d\u00fcsterer Mordfall in Barcelona entfacht Spannung&hellip;\n","protected":false},"author":2,"featured_media":659121,"comment_status":"","ping_status":"","sticky":false,"template":"","format":"standard","meta":{"footnotes":""},"categories":[1773],"tags":[29,214,30,471,1780,215],"class_list":{"0":"post-659120","1":"post","2":"type-post","3":"status-publish","4":"format-standard","5":"has-post-thumbnail","7":"category-serien","8":"tag-deutschland","9":"tag-entertainment","10":"tag-germany","11":"tag-serien","12":"tag-series","13":"tag-unterhaltung"},"share_on_mastodon":{"url":"https:\/\/pubeurope.com\/@de\/115750413793517223","error":""},"_links":{"self":[{"href":"https:\/\/www.europesays.com\/de\/wp-json\/wp\/v2\/posts\/659120","targetHints":{"allow":["GET"]}}],"collection":[{"href":"https:\/\/www.europesays.com\/de\/wp-json\/wp\/v2\/posts"}],"about":[{"href":"https:\/\/www.europesays.com\/de\/wp-json\/wp\/v2\/types\/post"}],"author":[{"embeddable":true,"href":"https:\/\/www.europesays.com\/de\/wp-json\/wp\/v2\/users\/2"}],"replies":[{"embeddable":true,"href":"https:\/\/www.europesays.com\/de\/wp-json\/wp\/v2\/comments?post=659120"}],"version-history":[{"count":0,"href":"https:\/\/www.europesays.com\/de\/wp-json\/wp\/v2\/posts\/659120\/revisions"}],"wp:featuredmedia":[{"embeddable":true,"href":"https:\/\/www.europesays.com\/de\/wp-json\/wp\/v2\/media\/659121"}],"wp:attachment":[{"href":"https:\/\/www.europesays.com\/de\/wp-json\/wp\/v2\/media?parent=659120"}],"wp:term":[{"taxonomy":"category","embeddable":true,"href":"https:\/\/www.europesays.com\/de\/wp-json\/wp\/v2\/categories?post=659120"},{"taxonomy":"post_tag","embeddable":true,"href":"https:\/\/www.europesays.com\/de\/wp-json\/wp\/v2\/tags?post=659120"}],"curies":[{"name":"wp","href":"https:\/\/api.w.org\/{rel}","templated":true}]}}