{"id":659365,"date":"2025-12-20T08:47:13","date_gmt":"2025-12-20T08:47:13","guid":{"rendered":"https:\/\/www.europesays.com\/de\/659365\/"},"modified":"2025-12-20T08:47:13","modified_gmt":"2025-12-20T08:47:13","slug":"gewandhaus-preise-steigen-um-durchschnittlich-10-prozent","status":"publish","type":"post","link":"https:\/\/www.europesays.com\/de\/659365\/","title":{"rendered":"Gewandhaus-Preise steigen um durchschnittlich 10 Prozent"},"content":{"rendered":"<p>Kostenfrei bis 10:30 Uhr lesen<\/p>\n<p>Einstimmiger Beschluss<\/p>\n<p>Kostenpflichtig<\/p>\n<p>Kostenpflichtig<\/p>\n<p>\ufeffLeipziger Stadtrat: Gewandhaus-Preise steigen um durchschnittlich 10 Prozent<\/p>\n<p class=\"Textstyled__Text-sc-1cqv9mi-0 cLyiiX ArticleHeadstyled__ArticleSubHeadline-sc-tdzyy5-11 fXdZot\">Ab der Saison 2026\/2027 gilt f\u00fcr den Musentempel am Augustusplatz eine neue Entgeltordnung. Die gute Nachricht: Nicht alle Angebote verteuern sich.<\/p>\n<p class=\"Textstyled__Text-sc-1cqv9mi-0 cLyiiX\">Leipzig. Einstimmig und ohne Aussprache hat die Leipziger Ratsversammlung jetzt neue Eintrittspreise f\u00fcr das Gewandhaus beschlossen. Diese gelten ab der Spielzeit 2026\/27 und betreffen alle \u201eGro\u00dfen Concerte\u201c im Gro\u00dfen Saal \u2013 also die sinfonischen Konzerte mit dem Gewandhausorchester \u2013 sowie sonstige Veranstaltungen in dem Musentempel am Augustusplatz.<\/p>\n<p>Weiterlesen nach der Anzeige<\/p>\n<p>Weiterlesen nach der Anzeige<\/p>\n<p class=\"Textstyled__Text-sc-1cqv9mi-0 cLyiiX\">Begr\u00fcndet wird der Preisanstieg um durchschnittlich 10 Prozent im Freiverkauf sowie bei den Abonnements mit gestiegenen Sachkosten \u2013 etwa f\u00fcr die Energie \u2013 und h\u00f6heren Verg\u00fctungen aufgrund von Tarifsteigerungen. Auch die Anhebung des gesetzlichen Mindestlohnes \u2013 beispielsweise f\u00fcr Besch\u00e4ftigte in den Bereichen Besucherservice und Reinigung \u2013 machten eine Preisanpassung ab dem 1. August 2026 unabdingbar, hie\u00df es in der Beschlussvorlage f\u00fcr die Stadtr\u00e4tinnen und Stadtr\u00e4te.<\/p>\n<p>Letzte Preiserh\u00f6hung datiert aus dem Jahr 2023<\/p>\n<p class=\"Textstyled__Text-sc-1cqv9mi-0 cLyiiX\">Die letzte Anpassung hatte am Beginn der Spielzeit 2023\/2024 stattgefunden. Seither kostet eine Premium-Konzertkarte im Einzelverkauf f\u00fcr Vollzahler 80 Euro und ein Ticket in der untersten Kategorie (Preisgruppe 5) f\u00fcr Personen ohne Erm\u00e4\u00dfigungsberechtigung 6 Euro. Ab dem Sommer n\u00e4chsten Jahres werden f\u00fcr die Premium-Karte 89 Euro (+11 Prozent) und f\u00fcr die Preisgruppe 5 weiterhin 6 Euro aufgerufen. <\/p>\n<p>Weiterlesen nach der Anzeige<\/p>\n<p>Weiterlesen nach der Anzeige<\/p>\n<p class=\"Textstyled__Text-sc-1cqv9mi-0 cLyiiX\">F\u00fcr die \u201eGro\u00dfen Concerte\u201c im Anrecht \u2013 pro Saison sechs Konzerte am Donnerstag\/Freitag \u2013 werden bald 378 Euro statt 342 Euro im Premium-Segment (+ 11 Prozent) und 168 Euro statt 156 Euro in der untersten Preisgruppe 3 f\u00e4llig (+ 8 Prozent). Etwas h\u00f6her fallen die Verteuerungen f\u00fcr Inhaber des Leipzig-Passes aus. Sie zahlen f\u00fcr das Anrecht am Donnerstag\/Freitag in der Preisgruppe 1 bald 204 Euro statt gegenw\u00e4rtig 180 Euro (+ 13 Prozent) und in der Preisgruppe 3 demn\u00e4chst 120 Euro statt momentan 108 Euro (+ 11 Prozent).<\/p>\n<p>Bei den Gewandhausorchster-Cards bleibt alles beim Alten<\/p>\n<p class=\"Textstyled__Text-sc-1cqv9mi-0 cLyiiX\">Unangetastet bleiben derweil s\u00e4mtliche Preise f\u00fcr die drei Versionen der Gewandhausorchester-Card, die jeweils f\u00fcr eine Saison g\u00fcltig sind und unterschiedlich hohe Erm\u00e4\u00dfigungen f\u00fcr alle Veranstaltungsreihen vorsehen. So kostet die Card20 im Normalpreis auch in Zukunft 35 Euro, die Card50 exakt 230 Euro und die Card100 wie gehabt 1050 Euro. Beschr\u00e4nkungen im Hinblick auf die Anzahl der Events existieren nicht.<\/p>\n<p class=\"Textstyled__Text-sc-1cqv9mi-0 cLyiiX\">Der st\u00e4dtische Eigenbetrieb Gewandhaus wies in seiner Erl\u00e4uterung zur k\u00fcnftigen Entgeltordnung darauf hin, dass \u201edie Spreizung\u201c zwischen den verschiedenen Preisgruppen beibehalten werde, \u201eum Menschen mit niedrigeren Einkommen einen Konzertbesuch auch weiterhin zu erm\u00f6glichen\u201c und gleichzeitig der steigenden Nachfrage \u201enach besten und damit hochpreisigen Pl\u00e4tzen\u201c gerecht zu werden.<\/p>\n<p>Florian Stiehler wird neuer Verwaltungsdirektor <img decoding=\"async\" alt=\"Er wird Nachfolger von Professor Gereon R\u00f6ckrath als Verwaltungsdirektor des Gewandhauses zu Leipzig: Florian Stiehler.\" loading=\"lazy\"  src=\"https:\/\/www.europesays.com\/de\/wp-content\/uploads\/2025\/12\/26RAO36KUBEV5FDTIQLEFLEZZE.jpg\" \/><\/p>\n<p>Weiterlesen nach der Anzeige<\/p>\n<p>Weiterlesen nach der Anzeige<\/p>\n<p class=\"Textstyled__Text-sc-1cqv9mi-0 cLyiiX\">Ebenfalls einm\u00fctig fiel das Votum des Stadtrats zu einer exponierten Personalie aus. Florian Stiehler wird zum 1. Februar 2026 neuer Verwaltungsdirektor des Gewandhauses zu Leipzig. Er l\u00f6st Professor Gereon R\u00f6ckrath ab, der zum Jahresende in den Ruhestand wechselt. An der Ausschreibung hatten sich 25 Bewerberinnen und Bewerber beteiligt. Die Stelle ist bis zum 31. Januar 2031 befristet. Stiehler, Jahrgang 1974, ist aktuell Vorstand der Stiftung f\u00fcr Kulturelle Weiterbildung und Kulturberatung in Berlin. <\/p>\n<p class=\"Editorialstyled__Editorial-sc-1bfvh9l-0 cSmjnJ\">LVZ<\/p>\n","protected":false},"excerpt":{"rendered":"Kostenfrei bis 10:30 Uhr lesen Einstimmiger Beschluss Kostenpflichtig Kostenpflichtig \ufeffLeipziger Stadtrat: Gewandhaus-Preise steigen um durchschnittlich 10 Prozent Ab&hellip;\n","protected":false},"author":2,"featured_media":659366,"comment_status":"","ping_status":"","sticky":false,"template":"","format":"standard","meta":{"footnotes":""},"categories":[1832],"tags":[3364,29,30,71,859],"class_list":{"0":"post-659365","1":"post","2":"type-post","3":"status-publish","4":"format-standard","5":"has-post-thumbnail","7":"category-leipzig","8":"tag-de","9":"tag-deutschland","10":"tag-germany","11":"tag-leipzig","12":"tag-sachsen"},"share_on_mastodon":{"url":"https:\/\/pubeurope.com\/@de\/115751030372451140","error":""},"_links":{"self":[{"href":"https:\/\/www.europesays.com\/de\/wp-json\/wp\/v2\/posts\/659365","targetHints":{"allow":["GET"]}}],"collection":[{"href":"https:\/\/www.europesays.com\/de\/wp-json\/wp\/v2\/posts"}],"about":[{"href":"https:\/\/www.europesays.com\/de\/wp-json\/wp\/v2\/types\/post"}],"author":[{"embeddable":true,"href":"https:\/\/www.europesays.com\/de\/wp-json\/wp\/v2\/users\/2"}],"replies":[{"embeddable":true,"href":"https:\/\/www.europesays.com\/de\/wp-json\/wp\/v2\/comments?post=659365"}],"version-history":[{"count":0,"href":"https:\/\/www.europesays.com\/de\/wp-json\/wp\/v2\/posts\/659365\/revisions"}],"wp:featuredmedia":[{"embeddable":true,"href":"https:\/\/www.europesays.com\/de\/wp-json\/wp\/v2\/media\/659366"}],"wp:attachment":[{"href":"https:\/\/www.europesays.com\/de\/wp-json\/wp\/v2\/media?parent=659365"}],"wp:term":[{"taxonomy":"category","embeddable":true,"href":"https:\/\/www.europesays.com\/de\/wp-json\/wp\/v2\/categories?post=659365"},{"taxonomy":"post_tag","embeddable":true,"href":"https:\/\/www.europesays.com\/de\/wp-json\/wp\/v2\/tags?post=659365"}],"curies":[{"name":"wp","href":"https:\/\/api.w.org\/{rel}","templated":true}]}}