{"id":659597,"date":"2025-12-20T11:10:39","date_gmt":"2025-12-20T11:10:39","guid":{"rendered":"https:\/\/www.europesays.com\/de\/659597\/"},"modified":"2025-12-20T11:10:39","modified_gmt":"2025-12-20T11:10:39","slug":"hertha-bsc-reagiert-mit-trotz-auf-die-enttaeuschung-gegen-bielefeld","status":"publish","type":"post","link":"https:\/\/www.europesays.com\/de\/659597\/","title":{"rendered":"Hertha BSC reagiert mit Trotz auf die Entt\u00e4uschung gegen Bielefeld"},"content":{"rendered":"<p class=\"tspAGen\"><a href=\"https:\/\/www.tagesspiegel.de\/sport\/fabian-reese-im-gesprach-ich-lebe-nicht-von-toxischer-mannlichkeit-so-viel-ist-klar-14532668.html?icid=in-text-link_15068699\" class=\"link link--internal\" data-gtm-class=\"article-text-link\" data-gtm-val=\"internal\" target=\"_blank\" rel=\"noopener\">Fabian Reese<\/a> war nicht gut zu sprechen auf Arminia Bielefeld. Nicht nach diesem Spiel, das f\u00fcr <a href=\"https:\/\/www.tagesspiegel.de\/sport\/themen\/hertha-bsc?icid=in-text-link_15068699\" class=\"link link--internal\" data-gtm-class=\"article-text-link\" data-gtm-val=\"internal\" target=\"_blank\" rel=\"noopener\">Hertha BSC<\/a> mit dem Ausgleich zum 1:1 in der letzten Minute der Nachspielzeit ein ausgesprochen bitteres Ende gefunden hatte. Und nicht nach dem robusten Auftritt der Ostwestfalen im Berliner Olympiastadion.<\/p>\n<p class=\"tspAGen\">\u201eIch glaube, der Gegner wollte heute nicht den Fair-Play-Award gewinnen\u201c, sagte Herthas Kapit\u00e4n Reese. \u201eAber wir haben ja noch ein R\u00fcckspiel.\u201c&#13;<\/p>\n<p class=\"tspAGen\">Der Gedanke an das Rendezvous im Mai, dann auf der Bielefelder Alm, zauberte Herthas Offensivspieler ein seliges L\u00e4cheln ins Gesicht. \u201eDa werden wir alles daf\u00fcr geben, dass wir was zu feiern haben\u201c, sagte er. Reese strahlte, als w\u00e4re er ein Junge, der l\u00e4ngst wei\u00df, dass zu Weihnachten <a href=\"https:\/\/www.tagesspiegel.de\/sport\/wir-alle-haben-den-aufstieg-als-ziel-deyovaisio-zeefuik-will-mit-hertha-bsc-zuruck-in-die-bundesliga-14038787.html?icid=in-text-link_15068699\" class=\"link link--internal\" data-gtm-class=\"article-text-link\" data-gtm-val=\"internal\" target=\"_blank\" rel=\"noopener\">sein sehnlichster Wunsch<\/a> in Erf\u00fcllung gehen wird.<\/p>\n<p><a href=\"https:\/\/www.tagesspiegel.de\/sport\/die-enttauschung-zum-jahresende-hertha-bsc-spielt-nur-11-gegen-arminia-bielefeld-15068691.html?icid=single-topic_15068699___\" data-gtm-class=\"article-mzt-link\" class=\"tspBTll\" target=\"_blank\" rel=\"noopener\">Entt\u00e4uschung zum Jahresende Hertha BSC spielt nur 1:1 gegen Arminia Bielefeld <\/a><\/p>\n<p class=\"tspAGen\">Eigentlich h\u00e4tten Fabian Reese und seine Kollegen an diesem Abend jeden erdenklichen Grund gehabt, bedr\u00fcckt und niedergeschlagen zu sein: Zum Beispiel wegen der zweifelhaften Roten Karte gegen ihren Abwehrchef Toni Leistner, die dem Spiel die wohl entscheidende Wendung gab. \u201eIch bin kein Hellseher, aber ich w\u00fcrde mit ziemlich gro\u00dfer Wahrscheinlichkeit sagen, dass wir das Spiel gewinnen, wenn wir mit elf gegen elf zu Ende spielen\u201c, sagte Reese.<\/p>\n<p class=\"tspAGen\">Er und seine Kollegen h\u00e4tten sich auch gr\u00e4men k\u00f6nnen, dass ihnen erneut <a href=\"https:\/\/www.tagesspiegel.de\/sport\/die-enttauschung-zum-jahresende-hertha-bsc-spielt-nur-11-gegen-arminia-bielefeld-15068691.html?icid=in-text-link_15068699\" class=\"link link--internal\" data-gtm-class=\"article-text-link\" data-gtm-val=\"internal\" target=\"_blank\" rel=\"noopener\">ein fast schon sicher geglaubter Sieg noch durch die H\u00e4nde geflutscht<\/a> war. So wie in der Woche zuvor, als Hertha nach einer 2:0- und 3:2-F\u00fchrung bei der Spielvereinigung Greuther F\u00fcrth ebenfalls <a href=\"https:\/\/www.tagesspiegel.de\/sport\/und-plotzlich-hapert-es-in-der-defensive-hertha-bsc-hadert-mit-der-33-niederlage-in-furth-15048243.html?icid=in-text-link_15068699\" class=\"link link--internal\" data-gtm-class=\"article-text-link\" data-gtm-val=\"internal\" target=\"_blank\" rel=\"noopener\">mit nur einem Punkt abgespeist<\/a> worden war. <\/p>\n<blockquote class=\"tspAYhp\">\n<p>Mund abputzen, diese Wut mitnehmen in die Pause und dann im neuen Jahr in positive Energie umwandeln. Die Messe ist noch nicht gelesen.<\/p>\n<\/blockquote>\n<p class=\"tspAYhq\">Herthas Torh\u00fcter <strong>Tjark Ernst<\/strong><\/p>\n<p class=\"tspAGen\">Die Partie gegen die Bielefelder wirkte wie eine Kurzversion der gesamten Hinrunde des Berliner Fu\u00dfball-Zweitligisten. Es war z\u00e4h losgegangen, dann brachten die Gastgeber das Spiel dank ihrer fu\u00dfballerischen Klasse mehr und mehr auf ihre Seite. Und dass sie Mitte der zweiten H\u00e4lfte durch das erste Tor von <a href=\"https:\/\/www.tagesspiegel.de\/sport\/das-habe-ich-mir-anders-vorgestellt-paul-seguin-zeigt-bei-seinem-debut-was-er-hertha-bsc-geben-kann-14605025.html?icid=in-text-link_15068699\" class=\"link link--internal\" data-gtm-class=\"article-text-link\" data-gtm-val=\"internal\" target=\"_blank\" rel=\"noopener\">Mittelfeldspieler Paul Seguin <\/a>f\u00fcr seinen neuen Klub in F\u00fchrung gingen, war fast folgerichtig. Trotzdem brachte Hertha den Sieg am Ende nicht ins Ziel.<\/p>\n<p class=\"tspAGen\">Das Ende der gro\u00dfen Hinrundenerz\u00e4hlung weist zu diesem Verlauf erstaunliche Parallelen auf. Weil f\u00fcr die Berliner aus den letzten drei Spielen gegen den Tabellenletzten, gegen den Drittletzten und gegen die ausw\u00e4rtsschw\u00e4chste Mannschaft der Liga nur zwei Punkte und kein einziger Sieg heraussprangen, haben sie die Halbserie und die Aufholjagd in der Tabelle ebenfalls nicht zu einem erfolgreichen Ende bringen k\u00f6nnen. &#13;<\/p>\n<p class=\"tspAGen\">Statt mit <a href=\"https:\/\/www.tagesspiegel.de\/sport\/der-letzte-eindruck-bleibt-hertha-bsc-braucht-einen-erfolgreichen-abschluss-der-hinrunde-15059347.html?icid=in-text-link_15068699\" class=\"link link--internal\" data-gtm-class=\"article-text-link\" data-gtm-val=\"internal\" target=\"_blank\" rel=\"noopener\">den angestrebten 30 Punkten<\/a> in Tuchf\u00fchlung zu den Aufstiegsr\u00e4ngen zu \u00fcberwintern, klafft nach oben weiterhin eine beachtliche L\u00fccke. \u201eDie letzten drei Spiele haben wir uns nat\u00fcrlich anders vorgestellt\u201c, sagte Fabian Reese. Deswegen gehe man \u201emit einem ged\u00e4mpften Gef\u00fchl\u201c in die Pause. Aber eben auch \u201emit der Gewissheit, dass wir ein System gefunden haben, dass wir eine Formation gefunden haben und eine Art und Weise, wie wir Fu\u00dfball spielen wollen\u201c.<\/p>\n<p class=\"tspAGen\">Torsch\u00fctze Seguin bescheinigte dem Team \u201eeine klare Handschrift\u201c. Herthas Darbietungen seien in der Hinrunde zwar nicht immer spektakul\u00e4r gewesen, \u201eaber wir funktionieren als Einheit, sind immer kompakt, haben gute Abst\u00e4nde. Ich glaube, dass wir auf einem guten Weg sind.\u201c<\/p>\n<p><img decoding=\"async\" src=\"https:\/\/www.europesays.com\/de\/wp-content\/uploads\/2025\/12\/fussball-2-bundesliga-hertha-bsc-berlin-arminia-bielefeld.jpeg\"   alt=\"\" aria-labelledby=\"caption-15069180\" width=\"440\" height=\"330\" loading=\"lazy\" class=\"tspAMgd\"\/> Nach dem Spiel sprach Reese zu den Fans und erw\u00e4hnte explizit den ganz gro\u00dfen Traum, am Ende der Saison aufzusteigen. <\/p>\n<p class=\"tspACdz\"> \u00a9 imago\/Jan Huebner\/IMAGO\/Michael Taeger <\/p>\n<p class=\"tspAGen\">So verabschiedeten sich Herthas Spieler am Freitagabend nicht etwa mit h\u00e4ngenden K\u00f6pfen in die Weihnachtsferien, sondern mit dem festen Glauben, dass in dieser Saison was m\u00f6glich ist. Etwas Gro\u00dfes. Sie erhoben noch einmal ihre H\u00e4upter, reckten das Kinn und streckten die Brust raus. <\/p>\n<p class=\"tspAGen\">Fabian Reese sprach nach dem Schlusspfiff \u00fcber die Stadionlautsprecher zu den Fans auf den R\u00e4ngen und erw\u00e4hnte dabei explizit \u201eunser ganz gro\u00dfes Ziel\u201c. Die R\u00fcckkehr in die Bundesliga eben.&#13;<\/p>\n<p class=\"tspAGen\">\u201eIch glaube, am Ende wird uns so ein R\u00fcckschlag st\u00e4rker machen\u201c, sagte Herthas Sportdirektor Benjamin Weber. Der gro\u00dfe Traum jedenfalls wurde am Freitagabend m\u00e4chtig befeuert, von Trotz und mit \u00dcberzeugung. <\/p>\n<p> Mehr zu Hertha BSC bei Tagesspiegel Plus <a href=\"https:\/\/www.tagesspiegel.de\/sport\/wenn-luca-schuler-zu-erling-haaland-wird-gegen-seinen-ex-klub-trifft-er-fur-hertha-bsc-am-liebsten-15010958.html?icid=topic-list_15068699___\" data-gtm-class=\"article-mzt-link\" data-hydrate-fingerprint=\"09740a54944caac75fd2c0c63fd5c5df\" data-hydrate-props=\"{&amp;escapedquot;element&amp;escapedquot;:{&amp;escapedquot;type&amp;escapedquot;:&amp;escapedquot;relatedContent&amp;escapedquot;,&amp;escapedquot;fieldMap&amp;escapedquot;:{},&amp;escapedquot;relation&amp;escapedquot;:{&amp;escapedquot;fields&amp;escapedquot;:{&amp;escapedquot;isPaid&amp;escapedquot;:true},&amp;escapedquot;href&amp;escapedquot;:&amp;escapedquot;\/sport\/wenn-luca-schuler-zu-erling-haaland-wird-gegen-seinen-ex-klub-trifft-er-fur-hertha-bsc-am-liebsten-15010958.html&amp;escapedquot;,&amp;escapedquot;teaserTitle&amp;escapedquot;:{&amp;escapedquot;kicker&amp;escapedquot;:&amp;escapedquot;Wenn Luca Schuler zu Erling Haaland wird&amp;escapedquot;,&amp;escapedquot;headline&amp;escapedquot;:&amp;escapedquot;Gegen seinen Ex-Klub trifft er f\u00fcr Hertha BSC am liebsten&amp;escapedquot;},&amp;escapedquot;id&amp;escapedquot;:&amp;escapedquot;15010958&amp;escapedquot;,&amp;escapedquot;type&amp;escapedquot;:&amp;escapedquot;story&amp;escapedquot;},&amp;escapedquot;isPartOfList&amp;escapedquot;:true,&amp;escapedquot;topicListType&amp;escapedquot;:&amp;escapedquot;topic-list&amp;escapedquot;},&amp;escapedquot;showArrow&amp;escapedquot;:true}\" data-hydrate-slots=\"{&#039;default&#039;:[]}\" class=\"tspBTll\" target=\"_blank\" rel=\"noopener\">Wenn Luca Schuler zu Erling Haaland wird Gegen seinen Ex-Klub trifft er f\u00fcr Hertha BSC am liebsten <\/a><a href=\"https:\/\/www.tagesspiegel.de\/sport\/geplatzter-traum-an-diesem-freitag-wollte-hertha-bsc-sein-neues-stadion-eroffnen-14074637.html?icid=topic-list_15068699___\" data-gtm-class=\"article-mzt-link\" data-hydrate-fingerprint=\"09740a54944caac75fd2c0c63fd5c5df\" data-hydrate-props=\"{&amp;escapedquot;element&amp;escapedquot;:{&amp;escapedquot;type&amp;escapedquot;:&amp;escapedquot;relatedContent&amp;escapedquot;,&amp;escapedquot;fieldMap&amp;escapedquot;:{},&amp;escapedquot;relation&amp;escapedquot;:{&amp;escapedquot;fields&amp;escapedquot;:{&amp;escapedquot;isPaid&amp;escapedquot;:true},&amp;escapedquot;href&amp;escapedquot;:&amp;escapedquot;\/sport\/geplatzter-traum-an-diesem-freitag-wollte-hertha-bsc-sein-neues-stadion-eroffnen-14074637.html&amp;escapedquot;,&amp;escapedquot;teaserTitle&amp;escapedquot;:{&amp;escapedquot;kicker&amp;escapedquot;:&amp;escapedquot;Geplatzte Er\u00f6ffnung&amp;escapedquot;,&amp;escapedquot;headline&amp;escapedquot;:&amp;escapedquot;Im Sommer 2025 h\u00e4tte das neue Stadion von Hertha BSC fertig sein sollen&amp;escapedquot;},&amp;escapedquot;id&amp;escapedquot;:&amp;escapedquot;14074637&amp;escapedquot;,&amp;escapedquot;type&amp;escapedquot;:&amp;escapedquot;story&amp;escapedquot;},&amp;escapedquot;isPartOfList&amp;escapedquot;:true,&amp;escapedquot;topicListType&amp;escapedquot;:&amp;escapedquot;topic-list&amp;escapedquot;},&amp;escapedquot;showArrow&amp;escapedquot;:true}\" data-hydrate-slots=\"{&#039;default&#039;:[]}\" class=\"tspBTll\" target=\"_blank\" rel=\"noopener\">Geplatzte Er\u00f6ffnung Im Sommer 2025 h\u00e4tte das neue Stadion von Hertha BSC fertig sein sollen <\/a><a href=\"https:\/\/www.tagesspiegel.de\/sport\/hertha-bsc-und-die-trainer-ein-gluckliches-handchen-sieht-anders-aus-13136125.html?icid=topic-list_15068699___\" data-gtm-class=\"article-mzt-link\" data-hydrate-fingerprint=\"09740a54944caac75fd2c0c63fd5c5df\" data-hydrate-props=\"{&amp;escapedquot;element&amp;escapedquot;:{&amp;escapedquot;type&amp;escapedquot;:&amp;escapedquot;relatedContent&amp;escapedquot;,&amp;escapedquot;fieldMap&amp;escapedquot;:{},&amp;escapedquot;relation&amp;escapedquot;:{&amp;escapedquot;fields&amp;escapedquot;:{&amp;escapedquot;isPaid&amp;escapedquot;:true},&amp;escapedquot;href&amp;escapedquot;:&amp;escapedquot;\/sport\/hertha-bsc-und-die-trainer-ein-gluckliches-handchen-sieht-anders-aus-13136125.html&amp;escapedquot;,&amp;escapedquot;teaserTitle&amp;escapedquot;:{&amp;escapedquot;kicker&amp;escapedquot;:&amp;escapedquot;Hertha BSC und die Trainer&amp;escapedquot;,&amp;escapedquot;headline&amp;escapedquot;:&amp;escapedquot;Ein gl\u00fcckliches H\u00e4ndchen sieht anders aus&amp;escapedquot;},&amp;escapedquot;id&amp;escapedquot;:&amp;escapedquot;13136125&amp;escapedquot;,&amp;escapedquot;type&amp;escapedquot;:&amp;escapedquot;story&amp;escapedquot;},&amp;escapedquot;isPartOfList&amp;escapedquot;:true,&amp;escapedquot;topicListType&amp;escapedquot;:&amp;escapedquot;topic-list&amp;escapedquot;},&amp;escapedquot;showArrow&amp;escapedquot;:true}\" data-hydrate-slots=\"{&#039;default&#039;:[]}\" class=\"tspBTll\" target=\"_blank\" rel=\"noopener\">Hertha BSC und die Trainer Ein gl\u00fcckliches H\u00e4ndchen sieht anders aus <\/a><\/p>\n<p class=\"tspAGen\">Torh\u00fcter Tjark Ernst empfahl seiner Mannschaft: \u201eMund abputzen, auch ruhig ein bisschen diese Wut, die man jetzt versp\u00fcrt, mitnehmen in die Pause und dann im neuen Jahr in positive Energie umwandeln. Ich glaube, dass die Messe bei weitem noch nicht gelesen ist.\u201c<\/p>\n<p class=\"tspAGen\">Die komplette R\u00fcckserie bleibe noch, um es nach ganz oben zu schaffen. \u201eDann geben wir Vollgas und greifen voll an\u201c, sagte Ernst. Nein, Trotz sei das nicht, erkl\u00e4rte er. \u201eDas ist einfach der pure Glaube daran.\u201c<\/p>\n","protected":false},"excerpt":{"rendered":"Fabian Reese war nicht gut zu sprechen auf Arminia Bielefeld. Nicht nach diesem Spiel, das f\u00fcr Hertha BSC&hellip;\n","protected":false},"author":2,"featured_media":659598,"comment_status":"","ping_status":"","sticky":false,"template":"","format":"standard","meta":{"footnotes":""},"categories":[1841],"tags":[1089,1605,299,531,3364,29,485,30,1088,1209,12289],"class_list":{"0":"post-659597","1":"post","2":"type-post","3":"status-publish","4":"format-standard","5":"has-post-thumbnail","7":"category-bielefeld","8":"tag-berlin-sport","9":"tag-bielefeld","10":"tag-bundesliga","11":"tag-charlottenburg-wilmersdorf","12":"tag-de","13":"tag-deutschland","14":"tag-fussball-bundesliga","15":"tag-germany","16":"tag-hertha-bsc","17":"tag-nordrhein-westfalen","18":"tag-weihnachten"},"share_on_mastodon":{"url":"https:\/\/pubeurope.com\/@de\/115751592680761041","error":""},"_links":{"self":[{"href":"https:\/\/www.europesays.com\/de\/wp-json\/wp\/v2\/posts\/659597","targetHints":{"allow":["GET"]}}],"collection":[{"href":"https:\/\/www.europesays.com\/de\/wp-json\/wp\/v2\/posts"}],"about":[{"href":"https:\/\/www.europesays.com\/de\/wp-json\/wp\/v2\/types\/post"}],"author":[{"embeddable":true,"href":"https:\/\/www.europesays.com\/de\/wp-json\/wp\/v2\/users\/2"}],"replies":[{"embeddable":true,"href":"https:\/\/www.europesays.com\/de\/wp-json\/wp\/v2\/comments?post=659597"}],"version-history":[{"count":0,"href":"https:\/\/www.europesays.com\/de\/wp-json\/wp\/v2\/posts\/659597\/revisions"}],"wp:featuredmedia":[{"embeddable":true,"href":"https:\/\/www.europesays.com\/de\/wp-json\/wp\/v2\/media\/659598"}],"wp:attachment":[{"href":"https:\/\/www.europesays.com\/de\/wp-json\/wp\/v2\/media?parent=659597"}],"wp:term":[{"taxonomy":"category","embeddable":true,"href":"https:\/\/www.europesays.com\/de\/wp-json\/wp\/v2\/categories?post=659597"},{"taxonomy":"post_tag","embeddable":true,"href":"https:\/\/www.europesays.com\/de\/wp-json\/wp\/v2\/tags?post=659597"}],"curies":[{"name":"wp","href":"https:\/\/api.w.org\/{rel}","templated":true}]}}