{"id":659601,"date":"2025-12-20T11:12:12","date_gmt":"2025-12-20T11:12:12","guid":{"rendered":"https:\/\/www.europesays.com\/de\/659601\/"},"modified":"2025-12-20T11:12:12","modified_gmt":"2025-12-20T11:12:12","slug":"pallas-athene-wird-durch-skulptur-eulensicht-ergaenzt","status":"publish","type":"post","link":"https:\/\/www.europesays.com\/de\/659601\/","title":{"rendered":"\u201ePallas Athene\u201c wird durch Skulptur \u201eEulensicht\u201c erg\u00e4nzt"},"content":{"rendered":"<p class=\"text_ohne_einzug richtext text-em-55 !leading-serif mx-6 desktop:mx-0\">Die Statue \u201ePallas Athene\u201c von Arno Breker steht wieder vor dem Wilhelm-D\u00f6rpfeld-Gymnasium (WDG) in Elberfeld. Sie wird erg\u00e4nzt durch eine neue Arbeit der K\u00fcnstlerin und Architekturhistorikerin Azra Ak\u0161amija. Ihre Skulptur \u201eEulensicht\u201c entstand im Rahmen des Wettbewerbs f\u00fcr eine k\u00fcnstlerische Kommentierung der \u201ePallas Athene\u201c von Arno Breker. Der Umgang mit der Figur war aufgrund von Brekers Rolle als einer der prominentesten und einflussreichsten K\u00fcnstler im Nationalsozialismus viele Jahre umstritten. Am 28. Januar folgt eine feierliche Einweihung.<\/p>\n","protected":false},"excerpt":{"rendered":"Die Statue \u201ePallas Athene\u201c von Arno Breker steht wieder vor dem Wilhelm-D\u00f6rpfeld-Gymnasium (WDG) in Elberfeld. Sie wird erg\u00e4nzt&hellip;\n","protected":false},"author":2,"featured_media":659602,"comment_status":"","ping_status":"","sticky":false,"template":"","format":"standard","meta":{"footnotes":"","_share_on_mastodon":"0"},"categories":[1840],"tags":[154106,154105,154103,154108,3364,29,30486,154109,154107,40191,30,154110,3910,4819,54653,10427,53225,1209,154104,11838,14227,4418],"class_list":["post-659601","post","type-post","status-publish","format-standard","has-post-thumbnail","category-wuppertal","tag-amija","tag-arno-breker","tag-athene","tag-azra","tag-de","tag-deutschland","tag-eule","tag-eulenkopfes","tag-eulensicht","tag-figur","tag-germany","tag-kopfes","tag-kuenstler","tag-kuenstlerin","tag-kuenstlerisch","tag-kuenstlerische","tag-kuenstlerischen","tag-nordrhein-westfalen","tag-pallas","tag-skulptur","tag-statue","tag-wuppertal"],"share_on_mastodon":{"url":"https:\/\/pubeurope.com\/@de\/115751599843238064","error":""},"_links":{"self":[{"href":"https:\/\/www.europesays.com\/de\/wp-json\/wp\/v2\/posts\/659601","targetHints":{"allow":["GET"]}}],"collection":[{"href":"https:\/\/www.europesays.com\/de\/wp-json\/wp\/v2\/posts"}],"about":[{"href":"https:\/\/www.europesays.com\/de\/wp-json\/wp\/v2\/types\/post"}],"author":[{"embeddable":true,"href":"https:\/\/www.europesays.com\/de\/wp-json\/wp\/v2\/users\/2"}],"replies":[{"embeddable":true,"href":"https:\/\/www.europesays.com\/de\/wp-json\/wp\/v2\/comments?post=659601"}],"version-history":[{"count":0,"href":"https:\/\/www.europesays.com\/de\/wp-json\/wp\/v2\/posts\/659601\/revisions"}],"wp:featuredmedia":[{"embeddable":true,"href":"https:\/\/www.europesays.com\/de\/wp-json\/wp\/v2\/media\/659602"}],"wp:attachment":[{"href":"https:\/\/www.europesays.com\/de\/wp-json\/wp\/v2\/media?parent=659601"}],"wp:term":[{"taxonomy":"category","embeddable":true,"href":"https:\/\/www.europesays.com\/de\/wp-json\/wp\/v2\/categories?post=659601"},{"taxonomy":"post_tag","embeddable":true,"href":"https:\/\/www.europesays.com\/de\/wp-json\/wp\/v2\/tags?post=659601"}],"curies":[{"name":"wp","href":"https:\/\/api.w.org\/{rel}","templated":true}]}}