{"id":660008,"date":"2025-12-20T15:40:14","date_gmt":"2025-12-20T15:40:14","guid":{"rendered":"https:\/\/www.europesays.com\/de\/660008\/"},"modified":"2025-12-20T15:40:14","modified_gmt":"2025-12-20T15:40:14","slug":"diese-schlagzeilen-wuenschen-wir-uns-fuer-2026-in-kiel","status":"publish","type":"post","link":"https:\/\/www.europesays.com\/de\/660008\/","title":{"rendered":"Diese Schlagzeilen w\u00fcnschen wir uns f\u00fcr 2026 in Kiel"},"content":{"rendered":"<p class=\"Textstyled__Text-sc-1cqv9mi-0 cLyiiX\">Kiel. Die Zeit der Wunschzettel geht allm\u00e4hlich zu Ende: Vier Tage vor Weihnachten sollte die letzte Bestellung beim Weihnachtsmann aufgegeben sein, im Onlineshop w\u00e4re es heute schon zu sp\u00e4t. Bevor Sie jetzt aber noch den station\u00e4ren Handel nach den letzten Begehrlichkeiten aufsuchen, haben wir \u2013 die Kieler Lokalredaktion \u2013 noch eine ganz besondere Wunschliste f\u00fcr Sie. Wir haben Schlagzeilen zusammengetragen, die wir uns f\u00fcr das kommende Jahr w\u00fcnschen. Nicht immer ernst gemeint, nicht alles wird in Erf\u00fcllung gehen \u2013 aber welche Wunschliste tut das schon.<\/p>\n<p>Weiterlesen nach der Anzeige<\/p>\n<p>Weiterlesen nach der Anzeige<\/p>\n<p class=\"Textstyled__Text-sc-1cqv9mi-0 cLyiiX\"><b>Nach Sting: Taylor Swift tritt auf dem Norder auf<\/b><\/p>\n<p class=\"Textstyled__Text-sc-1cqv9mi-0 cLyiiX\"><b>Konzertsaal er\u00f6ffnet: Dieser Klang erinnert an die Elbphilharmonie<\/b><\/p>\n<p class=\"Textstyled__Text-sc-1cqv9mi-0 cLyiiX\"><b>Klares Votum: Kieler stimmen bei B\u00fcrgerentscheid f\u00fcr Olympia<\/b><\/p>\n<p>Weiterlesen nach der Anzeige<\/p>\n<p>Weiterlesen nach der Anzeige<\/p>\n<p class=\"Textstyled__Text-sc-1cqv9mi-0 cLyiiX\"><b>Haushaltsloch gestopft: Neuer OB Yilmaz findet Goldschatz im Rathaus-Keller<\/b><\/p>\n<p class=\"Textstyled__Text-sc-1cqv9mi-0 cLyiiX\"><b>Ganz viel Lokalkolorit: N\u00e4chster Tatort spielt ausschlie\u00dflich in Kiel<\/b><\/p>\n<p class=\"Textstyled__Text-sc-1cqv9mi-0 cLyiiX\"><b>\u00dcberraschende Wende: Jugendkriminalit\u00e4t geht drastisch zur\u00fcck<\/b><\/p>\n<p class=\"Textstyled__Text-sc-1cqv9mi-0 cLyiiX\"><b>Kiel ist wieder clean: Stadt so sauber wie noch nie<\/b><\/p>\n<p class=\"Textstyled__Text-sc-1cqv9mi-0 cLyiiX\"><b>Dank eines Fl\u00f6tenspielers aus Hameln: Gaardens Rattenproblem ist gel\u00f6st<\/b><\/p>\n<p class=\"Textstyled__Text-sc-1cqv9mi-0 cLyiiX\"><b>WAHNSINN! Holstein Kiel gewinnt den DFB-Pokal<\/b><\/p>\n<p>Weiterlesen nach der Anzeige<\/p>\n<p>Weiterlesen nach der Anzeige<\/p>\n<p class=\"Textstyled__Text-sc-1cqv9mi-0 cLyiiX\"><b>Zu viele neue Wohnungen frustrieren Kieler Vermieter: \u201eWir finden einfach keine Mieter mehr\u201c<\/b><\/p>\n<p class=\"Textstyled__Text-sc-1cqv9mi-0 cLyiiX\"><b>Keine Kriegsgefahr mehr: Bundeswehr verzichtet auf das Gel\u00e4nde Holtenau-Ost<\/b><\/p>\n<p class=\"Textstyled__Text-sc-1cqv9mi-0 cLyiiX\"><b>Alle Gesch\u00e4fte belegt: Kein Leerstand mehr in der Holstenstra\u00dfe<\/b><\/p>\n<p class=\"Textstyled__Text-sc-1cqv9mi-0 cLyiiX\"><b>Neuer Uni-Pr\u00e4sident jubelt: CAU erh\u00e4lt Exzellenzstatus <\/b><\/p>\n<p class=\"Textstyled__Text-sc-1cqv9mi-0 cLyiiX\"><b>Preisrutsch in Kieler Restaurants: Gastronomen geben Mehrwertsteuersenkung an G\u00e4ste weiter<\/b><\/p>\n<p class=\"Textstyled__Text-sc-1cqv9mi-0 cLyiiX\"><b>Auf und Ab im Wei\u00dfen Riesen: Aufz\u00fcge funktionieren 365 Tage im Jahr<\/b><\/p>\n<p>Weiterlesen nach der Anzeige<\/p>\n<p>Weiterlesen nach der Anzeige<\/p>\n<p class=\"Textstyled__Text-sc-1cqv9mi-0 cLyiiX\"><b>Tiefgarage am Europaplatz gerettet: Diskothek lockt mit \u201eUnderground\u201c-Musik <\/b><\/p>\n<p class=\"Textstyled__Text-sc-1cqv9mi-0 cLyiiX\"><b>Messer sind wieder out: Gangster gehen mit Pl\u00fcschtieren aufeinander los<\/b><\/p>\n<p class=\"Textstyled__Text-sc-1cqv9mi-0 cLyiiX\"><b>Kieler Woche wird zum Exportschlager: Mallorca veranstaltet \u201eQuilla Wochos\u201c<\/b><\/p>\n<p class=\"Textstyled__Text-sc-1cqv9mi-0 cLyiiX\"><b>Gesch\u00e4fte im Hauptbahnhof verzweifelt: Kaum Kunden, weil Z\u00fcge immer p\u00fcnktlich kommen<\/b><\/p>\n<p class=\"Textstyled__Text-sc-1cqv9mi-0 cLyiiX\"><b>Fehlerloses Jahr: Kieler Nachrichten erhalten Preis f\u00fcr perfekte Rechtschreibung<\/b><\/p>\n<p>Weiterlesen nach der Anzeige<\/p>\n<p>Weiterlesen nach der Anzeige<\/p>\n<p class=\"Textstyled__Text-sc-1cqv9mi-0 cLyiiX\">Daran, dass der letzte Wunsch wahr wird, k\u00f6nnen und werden wir t\u00e4glich arbeiten. Auf die \u00fcbrigen Geschehnisse in der Stadt haben wir leider keinen Einfluss. Aber w\u00fcnschen darf man sich doch alles, nicht wahr?<\/p>\n<p class=\"Editorialstyled__Editorial-sc-1bfvh9l-0 cSmjnJ\">KN<\/p>\n","protected":false},"excerpt":{"rendered":"Kiel. Die Zeit der Wunschzettel geht allm\u00e4hlich zu Ende: Vier Tage vor Weihnachten sollte die letzte Bestellung beim&hellip;\n","protected":false},"author":2,"featured_media":660009,"comment_status":"","ping_status":"","sticky":false,"template":"","format":"standard","meta":{"footnotes":""},"categories":[1852],"tags":[3364,29,548,663,3934,30,13,4949,14,15,12,1971],"class_list":{"0":"post-660008","1":"post","2":"type-post","3":"status-publish","4":"format-standard","5":"has-post-thumbnail","7":"category-kiel","8":"tag-de","9":"tag-deutschland","10":"tag-eu","11":"tag-europa","12":"tag-europe","13":"tag-germany","14":"tag-headlines","15":"tag-kiel","16":"tag-nachrichten","17":"tag-news","18":"tag-schlagzeilen","19":"tag-schleswig-holstein"},"share_on_mastodon":{"url":"https:\/\/pubeurope.com\/@de\/115752653750603352","error":""},"_links":{"self":[{"href":"https:\/\/www.europesays.com\/de\/wp-json\/wp\/v2\/posts\/660008","targetHints":{"allow":["GET"]}}],"collection":[{"href":"https:\/\/www.europesays.com\/de\/wp-json\/wp\/v2\/posts"}],"about":[{"href":"https:\/\/www.europesays.com\/de\/wp-json\/wp\/v2\/types\/post"}],"author":[{"embeddable":true,"href":"https:\/\/www.europesays.com\/de\/wp-json\/wp\/v2\/users\/2"}],"replies":[{"embeddable":true,"href":"https:\/\/www.europesays.com\/de\/wp-json\/wp\/v2\/comments?post=660008"}],"version-history":[{"count":0,"href":"https:\/\/www.europesays.com\/de\/wp-json\/wp\/v2\/posts\/660008\/revisions"}],"wp:featuredmedia":[{"embeddable":true,"href":"https:\/\/www.europesays.com\/de\/wp-json\/wp\/v2\/media\/660009"}],"wp:attachment":[{"href":"https:\/\/www.europesays.com\/de\/wp-json\/wp\/v2\/media?parent=660008"}],"wp:term":[{"taxonomy":"category","embeddable":true,"href":"https:\/\/www.europesays.com\/de\/wp-json\/wp\/v2\/categories?post=660008"},{"taxonomy":"post_tag","embeddable":true,"href":"https:\/\/www.europesays.com\/de\/wp-json\/wp\/v2\/tags?post=660008"}],"curies":[{"name":"wp","href":"https:\/\/api.w.org\/{rel}","templated":true}]}}