{"id":660032,"date":"2025-12-20T15:53:17","date_gmt":"2025-12-20T15:53:17","guid":{"rendered":"https:\/\/www.europesays.com\/de\/660032\/"},"modified":"2025-12-20T15:53:17","modified_gmt":"2025-12-20T15:53:17","slug":"seit-einem-vierteljahrhundert-bielefelder-verwandelt-strasse-in-eine-maerchenlandschaft","status":"publish","type":"post","link":"https:\/\/www.europesays.com\/de\/660032\/","title":{"rendered":"Seit einem Vierteljahrhundert: Bielefelder verwandelt Stra\u00dfe in eine M\u00e4rchenlandschaft"},"content":{"rendered":"<p id=\"absatz1\" class=\"em_text\">Bielefeld. Ab dem ersten Advent verwandelt sich der Milser Sandbrink erneut in ein M\u00e4rchenparadies. Vor 25 Jahren gab Heinz Neuhaus sein Versprechen, jedes Jahr ein neues M\u00e4rchen zu gestalten und diese Sammlung in der gesamten Stra\u00dfe auszustellen. J\u00e4hrlich erwarte er im Durchschnitt 2.000 Besucher der M\u00e4rchenstra\u00dfe, f\u00fcr die er ab und zu die Fenster seines Hauses \u00f6ffnet und auf seinem Klavier Musik spielt. Trotz des gro\u00dfen Zeitaufwandes f\u00fcr die einzelnen Figuren sagt er: \u201eIch hatte jede Minute meiner T\u00e4tigkeit Spa\u00df daran. Das ist eben mein Leben.\u201c W\u00e4hrend auf dem Milser Weihnachtsmarkt vor 25 Jahren M\u00e4rchen vorgelesen wurden, bastelte Neuhaus<\/p>\n<p id=\"absatz2\" class=\"em_text\">entsprechende Figuren dazu. Nach dem Ende des Weihnachtsmarktes entschloss er sich dazu, diese Figuren mit nach Hause zu nehmen und in seinem Vorgarten zu pr\u00e4sentieren. Durch die Unterst\u00fctzung und Neugierde der Nachbarschaft f\u00fcllten sich St\u00fcck f\u00fcr St\u00fcck die Vorg\u00e4rten des Sandbrinks mit anschaulichen M\u00e4rchenszenen. \u201eDas war die Geburt der M\u00e4rchenstra\u00dfe\u201c erinnert sich der selbst ernannte M\u00e4rchenmann.<\/p>\n<p>20 M\u00e4rchen und viele neue Szenen<\/p>\n<p id=\"absatz3\" class=\"em_text\">Dieses Jahr stehen 20 unterschiedliche M\u00e4rchen zur Schau. Darunter bildet er gleich mehrere Szenen der M\u00e4rchen H\u00e4nsel und Gretel, Dornr\u00f6schen und der Bremer Stadtmusikanten ab. Aus Sperrholzplatten und Fassadenfarbe erweckt der ehemalige Grafiker lebendige Figuren, die bei Einbruch der Dunkelheit hell erleuchten. Das Erstellen<\/p>\n<p>        <a href=\"https:\/\/www.nw.de\/_em_daten\/_cache\/image\/1xWVhsb1grYnJYWHl1NWwwV1VSWlAwbHRUZVRISm1QUDhHYnRxSTNWRVowRzhuQjBIcHNmVEtjVHM5MlZlT3NYVlhVaGloRjZSRXRXRUFzNncrV0QrTlp5S3owL3lwSjZyUThES0o1R2dwSUU9\/251220-1243-679844837.jpg\" class=\"nw-article-image\" title=\"Bielefelder M\u00e4rchenstra\u00dfe, Heinz Neuhaus&lt;br \/&gt;&#010;Foto: J\u00f6rg Dieckmann\" data-glightbox=\"type: image; description: Bielefelder M\u00e4rchenstra\u00dfe, Heinz Neuhaus&lt;br \/&gt;&#010;Foto: J\u00f6rg Dieckmann  | \u00a9 J\u00f6rg Dieckmann \" target=\"_blank\" rel=\"noopener\"><br \/>\n            <img decoding=\"async\" src=\"https:\/\/www.europesays.com\/de\/wp-content\/uploads\/2025\/12\/251220-1243-679844837.jpg\" class=\"nw-img-fluid nw-w-full nw-lazy nw-rounded-t-md\" alt=\"Bielefelder M\u00e4rchenstra\u00dfe, Heinz Neuhaus&#10;&#10;Foto: J\u00f6rg Dieckmann - \u00a9 J\u00f6rg Dieckmann\" data-format=\"16:9\"\/><br \/>\n        <\/a><\/p>\n<p>                Bielefelder M\u00e4rchenstra\u00dfe, Heinz Neuhaus<br \/>Foto: J\u00f6rg Dieckmann<br \/>\n                                    | \u00a9 J\u00f6rg Dieckmann<\/p>\n<p id=\"absatz4\" class=\"em_text\">der M\u00e4rchenszenen beanspruche teilweise mehrer Tage. F\u00fcr das M\u00e4rchen \u201eFrau Holle\u201c s\u00e4gte und malte der Rentner die Holzplatten ganze 75 Stunden in Form. Sein Lebenswerk, die M\u00e4rchenstra\u00dfe, finanziere er selbst. \u201eDie begeisterten und strahlenden Kinderaugen sind mein Lohn daf\u00fcr\u201c, sagt Neuhaus. Er erhalte viele positive<\/p>\n<p>\n        \u00d7\n    <\/p>\n<p>\n            Sie erhalten in wenigen Minuten eine E-Mail zur Best\u00e4tigung Ihrer Anmeldung.\n        <\/p>\n<p>Erst danach ist diese abgeschlossen.<\/p>\n<p>Bitte pr\u00fcfen Sie auch den Spam-Ordner.<\/p>\n<p>\n        \u00d7\n    <\/p>\n<p>\n            Sie haben bisher Ihre E-Mail-Adresse noch nicht best\u00e4tigt.\n        <\/p>\n<p>Erst danach ist diese abgeschlossen.<\/p>\n<p>Bitte pr\u00fcfen Sie auch den Spam-Ordner.<\/p>\n<p>\n        \u00d7\n    <\/p>\n<p>\n            Es ist einen Fehler aufgetreten\n        <\/p>\n<p>Bei Fragen hilft unser Newsletter-Support<\/p>\n<p> Newsletter<\/p>\n<p> Aus Bielefeld<\/p>\n<p>W\u00f6chentliche News direkt aus der Redaktion Bielefeld.<\/p>\n<p>                Jetzt anmelden<\/p>\n<p id=\"absatz5\" class=\"em_text\">R\u00fcckmeldungen und erfreue sich an staunenden Besuchern seiner Kunst. Auch bekannte Gesichter von Eltern, die bereits als Kinder schon die M\u00e4rchenstra\u00dfe besuchten, spornen den Hobby-K\u00fcnstler weiter an: \u201eDas ist Motivation pur!\u201c Wie viele Jahre die M\u00e4rchenstra\u00dfe noch bewundert werden kann, stehe nicht fest. Heinz Neuhaus plane allerdings f\u00fcr n\u00e4chstes Jahr keine neuen M\u00e4rchen mehr zu gestalten.<\/p>\n","protected":false},"excerpt":{"rendered":"Bielefeld. Ab dem ersten Advent verwandelt sich der Milser Sandbrink erneut in ein M\u00e4rchenparadies. Vor 25 Jahren gab&hellip;\n","protected":false},"author":2,"featured_media":660033,"comment_status":"","ping_status":"","sticky":false,"template":"","format":"standard","meta":{"footnotes":""},"categories":[1841],"tags":[1605,102818,3364,29,154175,30,154177,9311,9307,730,16359,4280,154174,154171,154176,734,736,9312,16362,1209,154172,154173,20696],"class_list":{"0":"post-660032","1":"post","2":"type-post","3":"status-publish","4":"format-standard","5":"has-post-thumbnail","7":"category-bielefeld","8":"tag-bielefeld","9":"tag-cnt_aufmacher","10":"tag-de","11":"tag-deutschland","12":"tag-familientipp","13":"tag-germany","14":"tag-heinz-neuhaus","15":"tag-label_familie-freizeit","16":"tag-label_foto","17":"tag-label_grafik","18":"tag-label_inspiriere-mich","19":"tag-label_l-120","20":"tag-mrchenlandschaft","21":"tag-mrchenparadies","22":"tag-mrchenstrae","23":"tag-meta_artikelklasse_nachricht","24":"tag-meta_copyrights_nw","25":"tag-meta_themen_familie_bildung_freizeit","26":"tag-meta_userneeds_inspirieremich","27":"tag-nordrhein-westfalen","28":"tag-sandbrink","29":"tag-vierteljahrhundert","30":"tag-vorgarten"},"share_on_mastodon":{"url":"","error":"Validation failed: Text character limit of 500 exceeded"},"_links":{"self":[{"href":"https:\/\/www.europesays.com\/de\/wp-json\/wp\/v2\/posts\/660032","targetHints":{"allow":["GET"]}}],"collection":[{"href":"https:\/\/www.europesays.com\/de\/wp-json\/wp\/v2\/posts"}],"about":[{"href":"https:\/\/www.europesays.com\/de\/wp-json\/wp\/v2\/types\/post"}],"author":[{"embeddable":true,"href":"https:\/\/www.europesays.com\/de\/wp-json\/wp\/v2\/users\/2"}],"replies":[{"embeddable":true,"href":"https:\/\/www.europesays.com\/de\/wp-json\/wp\/v2\/comments?post=660032"}],"version-history":[{"count":0,"href":"https:\/\/www.europesays.com\/de\/wp-json\/wp\/v2\/posts\/660032\/revisions"}],"wp:featuredmedia":[{"embeddable":true,"href":"https:\/\/www.europesays.com\/de\/wp-json\/wp\/v2\/media\/660033"}],"wp:attachment":[{"href":"https:\/\/www.europesays.com\/de\/wp-json\/wp\/v2\/media?parent=660032"}],"wp:term":[{"taxonomy":"category","embeddable":true,"href":"https:\/\/www.europesays.com\/de\/wp-json\/wp\/v2\/categories?post=660032"},{"taxonomy":"post_tag","embeddable":true,"href":"https:\/\/www.europesays.com\/de\/wp-json\/wp\/v2\/tags?post=660032"}],"curies":[{"name":"wp","href":"https:\/\/api.w.org\/{rel}","templated":true}]}}