{"id":660051,"date":"2025-12-20T16:03:12","date_gmt":"2025-12-20T16:03:12","guid":{"rendered":"https:\/\/www.europesays.com\/de\/660051\/"},"modified":"2025-12-20T16:03:12","modified_gmt":"2025-12-20T16:03:12","slug":"the-magic-of-abba-europes-no1-concert-show-show-wasserburg-am-inn-badria-halle-13-03-2026-tickets-kaufen","status":"publish","type":"post","link":"https:\/\/www.europesays.com\/de\/660051\/","title":{"rendered":"THE MAGIC OF ABBA &#8211; Europe`s NO1 Concert Show Show &#8211; Wasserburg am Inn &#8211; Badria Halle &#8211; 13.03.2026: Tickets kaufen"},"content":{"rendered":"<p>\t\t\t\t\t\t\tSo nah am einzigartigen ABBA-Sound wie keine andere Show!<\/p>\n<p>Seit \u00fcber 25 Jahren begeistert THE MAGIC OF ABBA das Publikum in mehr als 30 L\u00e4ndern weltweit &#8211; authentisch und mitrei\u00dfend. Europas NO1 ABBA-Concert-Show pr\u00e4sentiert sich jetzt gr\u00f6\u00dfer, spektakul\u00e4rer und energiegeladener als je zuvor!<\/p>\n<p>Also: Glitzer-Outfit an, Plateauschuhe raus &#8211; und los geht&#8217;s!<\/p>\n<p>Erleben Sie eine unvergessliche Zeitreise in die 70er und fr\u00fchen 80er. Tauchen Sie ein in die Magie der schwedischen Kultband und feiern Sie ihre gr\u00f6\u00dften Hits live auf der B\u00fchne.<\/p>\n<p>Singen Sie mit, tanzen Sie im Takt der unvergesslichen Melodien und lassen Sie sich von der Energie, dem Glamour und der Lebensfreude dieser Show verzaubern.<\/p>\n<p>Werden Sie Teil dieses einzigartigen Erlebnisses &#8211; und sp\u00fcren Sie die Faszination, die ABBA-Fans auf der ganzen Welt verbindet.<\/p>\n<p>F\u00fcr zwei Stunden hei\u00dft es: Zur\u00fcck in die goldene \u00c4ra des Pop &#8211; wo Musik Herzen ber\u00fchrte und Tr\u00e4ume wahr wurden.<\/p>\n<p>Quelle: Veranstalter<\/p>\n<p class=\"text-right reset-margin-padding\">Ver\u00f6ffentlicht am Sa, 20. Dezember 2025 um 03:58 Uhr<\/p>\n","protected":false},"excerpt":{"rendered":"So nah am einzigartigen ABBA-Sound wie keine andere Show! Seit \u00fcber 25 Jahren begeistert THE MAGIC OF ABBA&hellip;\n","protected":false},"author":2,"featured_media":660052,"comment_status":"","ping_status":"","sticky":false,"template":"","format":"standard","meta":{"footnotes":""},"categories":[3933],"tags":[331,332,47857,47858,548,663,158,3934,3935,13,14,15,12],"class_list":{"0":"post-660051","1":"post","2":"type-post","3":"status-publish","4":"format-standard","5":"has-post-thumbnail","7":"category-eu","8":"tag-aktuelle-nachrichten","9":"tag-aktuelle-news","10":"tag-badische-zeitung","11":"tag-bz-ticket-de","12":"tag-eu","13":"tag-europa","14":"tag-europaeische-union","15":"tag-europe","16":"tag-european-union","17":"tag-headlines","18":"tag-nachrichten","19":"tag-news","20":"tag-schlagzeilen"},"share_on_mastodon":{"url":"https:\/\/pubeurope.com\/@de\/115752743898329065","error":""},"_links":{"self":[{"href":"https:\/\/www.europesays.com\/de\/wp-json\/wp\/v2\/posts\/660051","targetHints":{"allow":["GET"]}}],"collection":[{"href":"https:\/\/www.europesays.com\/de\/wp-json\/wp\/v2\/posts"}],"about":[{"href":"https:\/\/www.europesays.com\/de\/wp-json\/wp\/v2\/types\/post"}],"author":[{"embeddable":true,"href":"https:\/\/www.europesays.com\/de\/wp-json\/wp\/v2\/users\/2"}],"replies":[{"embeddable":true,"href":"https:\/\/www.europesays.com\/de\/wp-json\/wp\/v2\/comments?post=660051"}],"version-history":[{"count":0,"href":"https:\/\/www.europesays.com\/de\/wp-json\/wp\/v2\/posts\/660051\/revisions"}],"wp:featuredmedia":[{"embeddable":true,"href":"https:\/\/www.europesays.com\/de\/wp-json\/wp\/v2\/media\/660052"}],"wp:attachment":[{"href":"https:\/\/www.europesays.com\/de\/wp-json\/wp\/v2\/media?parent=660051"}],"wp:term":[{"taxonomy":"category","embeddable":true,"href":"https:\/\/www.europesays.com\/de\/wp-json\/wp\/v2\/categories?post=660051"},{"taxonomy":"post_tag","embeddable":true,"href":"https:\/\/www.europesays.com\/de\/wp-json\/wp\/v2\/tags?post=660051"}],"curies":[{"name":"wp","href":"https:\/\/api.w.org\/{rel}","templated":true}]}}