{"id":660084,"date":"2025-12-20T16:21:37","date_gmt":"2025-12-20T16:21:37","guid":{"rendered":"https:\/\/www.europesays.com\/de\/660084\/"},"modified":"2025-12-20T16:21:37","modified_gmt":"2025-12-20T16:21:37","slug":"nordrhein-westfalen-essen-demonstration-gegen-rettungsdienst-gebuehren","status":"publish","type":"post","link":"https:\/\/www.europesays.com\/de\/660084\/","title":{"rendered":"Nordrhein-Westfalen: Essen: Demonstration gegen Rettungsdienst-Geb\u00fchren"},"content":{"rendered":"<p>            <img loading=\"lazy\" decoding=\"async\" class=\"ts-image\" src=\"https:\/\/www.europesays.com\/de\/wp-content\/uploads\/2025\/12\/wdr-demonstration-gegen-rettungsdienst-gebuehren-in-essen-100.jpg\" alt=\"Demonstration gegen Rettungsdienst-Geb\u00fchren in Essen\" title=\"Demonstration gegen Rettungsdienst-Geb\u00fchren in Essen | WDR \/ Akkermann\"\/><\/p>\n<p class=\"metatextline\">Stand: 20.12.2025 13:39 Uhr<\/p>\n<p class=\"article-head__shorttext\">\n        <strong><strong>Ein B\u00fcndnis von Organisationen und Gruppen hat heute in Essen gegen m\u00f6gliche Geb\u00fchren f\u00fcr Rettungswagen-Eins\u00e4tze demonstriert. Und das, obwohl die Stadt angek\u00fcndigt hat, die Geb\u00fchren vorerst doch nicht zu erheben.<\/strong><\/strong>\n    <\/p>\n<p class=\"textabsatz m-ten m-offset-one l-eight l-offset-two columns twelve\">Der Aufschub sei kein Grund zur Entwarnung, betont das B\u00fcndnis. &#8222;Solange keine verbindliche L\u00f6sung existiert, bleibt die Gefahr bestehen, dass Menschen am Ende doch zur Kasse gebeten werden, ausgerechnet in Situationen, in denen sie um ihre Gesundheit oder ihr Leben f\u00fcrchten.&#8220; Bis zu 267 Euro k\u00f6nnte dann ein Rettungswagen-Einsatz kosten. Die Resonanz auf den Aufruf war dann aber eher entt\u00e4uschend. Statt der erwarteten 2.000 kamen laut Polizei lediglich 80 Menschen.<\/p>\n<p>    Oberb\u00fcrgermeister hat Geb\u00fchrenerhebung ausgesetzt<\/p>\n<p class=\"textabsatz m-ten m-offset-one l-eight l-offset-two columns twelve\">Essens Oberb\u00fcrgermeister Thomas Kufen hatte am Donnerstag die Erhebung der Geb\u00fchren zun\u00e4chst bis Ostern 2026 ausgesetzt. In diesem Zeitraum soll eine Einigung zwischen Stadt und Krankenkassen erzielt werden. Sollte diese Einigung jedoch ausbleiben, droht weiterhin die r\u00fcckwirkende Zustellung von Geb\u00fchrenbescheiden f\u00fcr Rettungswagenfahrten.<\/p>\n<p class=\"textabsatz m-ten m-offset-one l-eight l-offset-two columns twelve\">Urspr\u00fcnglich hatte der Rat Mitte Dezember beschlossen, dass Patienten, die Geb\u00fchren \u00fcbernehmen sollen. Hintergrund ist ein Streit zwischen Krankenkassen und Kommunen. Die Krankenkassen wollten nicht mehr die volle Geb\u00fchr f\u00fcr die Eins\u00e4tze \u00fcbernehmen.<\/p>\n<ul class=\"buttongroup buttongroup--copytext\">\n<li class=\"buttongroup__item\">\n<p>    <a class=\"btn btn--text btn--standard-secondary btn--fullwidth\" href=\"https:\/\/www1.wdr.de\/nachrichten\/ruhrgebiet\/essen-patienten-kosten-rettungstransport-100.html\" rel=\"nofollow noopener\" target=\"_blank\"><br \/>\n        267 Euro pro Fahrt: Essener Rat stimmt f\u00fcr Rettungswagen-Geb\u00fchren<br \/>\n        Pfeil rechts<\/p>\n<p>    <\/a>\n<\/li>\n<li class=\"buttongroup__item\">\n<p>    <a class=\"btn btn--text btn--standard-secondary btn--fullwidth\" href=\"https:\/\/www1.wdr.de\/nachrichten\/ruhrgebiet\/rettungsdienst-gebuehren-essen-100.html\" rel=\"nofollow noopener\" target=\"_blank\"><br \/>\n        Vorerst doch keine Rettungsdienst-Geb\u00fchren in Essen<br \/>\n        Pfeil rechts<\/p>\n<p>    <\/a>\n<\/li>\n<\/ul>\n<p>    Unsere Quellen:<\/p>\n<ul class=\"bulletpoint-list \">\n<li>Pressemitteilung der Organisatoren der Demonstration<\/li>\n<li>Stadt Essen<\/li>\n<li>WDR-Reporter<\/li>\n<\/ul>\n<ul class=\"buttongroup buttongroup--copytext\">\n<li class=\"buttongroup__item\">\n<p>    <a class=\"btn btn--text btn--standard-secondary btn--fullwidth\" href=\"https:\/\/www1.wdr.de\/nachrichten\/rettungswagen-fehlfahrten-gebuehren-plaene-100.html\" rel=\"nofollow noopener\" target=\"_blank\"><br \/>\n        F\u00fcr den Rettungsdienst selbst zahlen? Antworten auf eure Fragen<br \/>\n        Pfeil rechts<\/p>\n<p>    <\/a>\n<\/li>\n<li class=\"buttongroup__item\">\n<p>    <a class=\"btn btn--text btn--standard-secondary btn--fullwidth\" href=\"https:\/\/www1.wdr.de\/nachrichten\/ruhrgebiet\/feuerwehr-rettungsdienst-essen-reaktion-notruf-kosten-100.html\" rel=\"nofollow noopener\" target=\"_blank\"><br \/>\n        Feuerwehr und Rettungsdienst Essen: &#8222;W\u00e4hlen Sie weiterhin den Notruf&#8220;<br \/>\n        Pfeil rechts<\/p>\n<p>    <\/a>\n<\/li>\n<\/ul>\n<p class=\"textabsatz m-ten m-offset-one l-eight l-offset-two columns twelve\"><strong>Sendung: <\/strong>WDR 2, <strong>WDR aktuell,<\/strong>\u00a0<strong>20.12.2025<\/strong>, 07.00 Uhr<\/p>\n<p>                                        <a class=\"backlink__link\" href=\"https:\/\/www1.wdr.de\/nachrichten\/ruhrgebiet\/demonstration-essen-gebuehr-rettungsdienst-100.html\" rel=\"nofollow noopener\" target=\"_blank\"><\/p>\n<p>                                                <img decoding=\"async\" src=\"https:\/\/images.tagesschau.de\/image\/9ef70e2e-6dd6-4b18-afd2-7063c40e8939\/AAABlap_yqU\/AAABmyZDc0k\/original\/lra-wdr-logo-100.svg\" alt=\"Westdeutscher Rundfunk\"\/><\/p>\n<p>                                        <\/a><\/p>\n","protected":false},"excerpt":{"rendered":"Stand: 20.12.2025 13:39 Uhr Ein B\u00fcndnis von Organisationen und Gruppen hat heute in Essen gegen m\u00f6gliche Geb\u00fchren f\u00fcr&hellip;\n","protected":false},"author":2,"featured_media":660085,"comment_status":"","ping_status":"","sticky":false,"template":"","format":"standard","meta":{"footnotes":""},"categories":[1834],"tags":[3364,29,3688,30,1209,225],"class_list":{"0":"post-660084","1":"post","2":"type-post","3":"status-publish","4":"format-standard","5":"has-post-thumbnail","7":"category-essen","8":"tag-de","9":"tag-deutschland","10":"tag-essen","11":"tag-germany","12":"tag-nordrhein-westfalen","13":"tag-wdr"},"share_on_mastodon":{"url":"https:\/\/pubeurope.com\/@de\/115752815577215616","error":""},"_links":{"self":[{"href":"https:\/\/www.europesays.com\/de\/wp-json\/wp\/v2\/posts\/660084","targetHints":{"allow":["GET"]}}],"collection":[{"href":"https:\/\/www.europesays.com\/de\/wp-json\/wp\/v2\/posts"}],"about":[{"href":"https:\/\/www.europesays.com\/de\/wp-json\/wp\/v2\/types\/post"}],"author":[{"embeddable":true,"href":"https:\/\/www.europesays.com\/de\/wp-json\/wp\/v2\/users\/2"}],"replies":[{"embeddable":true,"href":"https:\/\/www.europesays.com\/de\/wp-json\/wp\/v2\/comments?post=660084"}],"version-history":[{"count":0,"href":"https:\/\/www.europesays.com\/de\/wp-json\/wp\/v2\/posts\/660084\/revisions"}],"wp:featuredmedia":[{"embeddable":true,"href":"https:\/\/www.europesays.com\/de\/wp-json\/wp\/v2\/media\/660085"}],"wp:attachment":[{"href":"https:\/\/www.europesays.com\/de\/wp-json\/wp\/v2\/media?parent=660084"}],"wp:term":[{"taxonomy":"category","embeddable":true,"href":"https:\/\/www.europesays.com\/de\/wp-json\/wp\/v2\/categories?post=660084"},{"taxonomy":"post_tag","embeddable":true,"href":"https:\/\/www.europesays.com\/de\/wp-json\/wp\/v2\/tags?post=660084"}],"curies":[{"name":"wp","href":"https:\/\/api.w.org\/{rel}","templated":true}]}}