{"id":660098,"date":"2025-12-20T16:28:11","date_gmt":"2025-12-20T16:28:11","guid":{"rendered":"https:\/\/www.europesays.com\/de\/660098\/"},"modified":"2025-12-20T16:28:11","modified_gmt":"2025-12-20T16:28:11","slug":"unfall-in-esslingen-fahrerin-kommt-ums-leben","status":"publish","type":"post","link":"https:\/\/www.europesays.com\/de\/660098\/","title":{"rendered":"Unfall in Esslingen: Fahrerin kommt ums Leben"},"content":{"rendered":"<p>In Esslingen ist am Samstagmittag eine Frau bei einem Verkehrsunfall ums Leben gekommen. Die 82-J\u00e4hrige war mit ihrem Wagen auf der Hohenheimer Stra\u00dfe gegen 12:30 Uhr aus bislang unbekannter Ursache auf die Gegenfahrbahn geraten. Dort kollidierte sie frontal mit einem Linienbus. Sie wurde in ihrem Fahrzeug eingeklemmt und verstarb trotz sofortiger Reanimationsversuche noch an der Unfallstelle. <\/p>\n<p>Auto und Linienbus kollidieren in Esslingen<\/p>\n<p>Ihr Wagen war nach der Kollision mit dem Bus noch mit einem anderen Auto zusammengesto\u00dfen. Der Fahrer und seine 42-j\u00e4hrige Beifahrerin blieben unverletzt. F\u00fcnf Fahrg\u00e4ste im Bus sowie der 66 Jahre alte Busfahrer zogen sich leichte Verletzungen zu und mussten mit dem Rettungsdienst in nahegelegene Kliniken gebracht werden. An den Autos entstand nach Sch\u00e4tzung der Polizei ein Sachschaden von etwa 50.000 Euro.<\/p>\n","protected":false},"excerpt":{"rendered":"In Esslingen ist am Samstagmittag eine Frau bei einem Verkehrsunfall ums Leben gekommen. Die 82-J\u00e4hrige war mit ihrem&hellip;\n","protected":false},"author":2,"featured_media":660099,"comment_status":"","ping_status":"","sticky":false,"template":"","format":"standard","meta":{"footnotes":""},"categories":[1830],"tags":[1634,3364,29,30,1441],"class_list":{"0":"post-660098","1":"post","2":"type-post","3":"status-publish","4":"format-standard","5":"has-post-thumbnail","7":"category-stuttgart","8":"tag-baden-wuerttemberg","9":"tag-de","10":"tag-deutschland","11":"tag-germany","12":"tag-stuttgart"},"share_on_mastodon":{"url":"https:\/\/pubeurope.com\/@de\/115752842515139590","error":""},"_links":{"self":[{"href":"https:\/\/www.europesays.com\/de\/wp-json\/wp\/v2\/posts\/660098","targetHints":{"allow":["GET"]}}],"collection":[{"href":"https:\/\/www.europesays.com\/de\/wp-json\/wp\/v2\/posts"}],"about":[{"href":"https:\/\/www.europesays.com\/de\/wp-json\/wp\/v2\/types\/post"}],"author":[{"embeddable":true,"href":"https:\/\/www.europesays.com\/de\/wp-json\/wp\/v2\/users\/2"}],"replies":[{"embeddable":true,"href":"https:\/\/www.europesays.com\/de\/wp-json\/wp\/v2\/comments?post=660098"}],"version-history":[{"count":0,"href":"https:\/\/www.europesays.com\/de\/wp-json\/wp\/v2\/posts\/660098\/revisions"}],"wp:featuredmedia":[{"embeddable":true,"href":"https:\/\/www.europesays.com\/de\/wp-json\/wp\/v2\/media\/660099"}],"wp:attachment":[{"href":"https:\/\/www.europesays.com\/de\/wp-json\/wp\/v2\/media?parent=660098"}],"wp:term":[{"taxonomy":"category","embeddable":true,"href":"https:\/\/www.europesays.com\/de\/wp-json\/wp\/v2\/categories?post=660098"},{"taxonomy":"post_tag","embeddable":true,"href":"https:\/\/www.europesays.com\/de\/wp-json\/wp\/v2\/tags?post=660098"}],"curies":[{"name":"wp","href":"https:\/\/api.w.org\/{rel}","templated":true}]}}