{"id":660157,"date":"2025-12-20T17:00:40","date_gmt":"2025-12-20T17:00:40","guid":{"rendered":"https:\/\/www.europesays.com\/de\/660157\/"},"modified":"2025-12-20T17:00:40","modified_gmt":"2025-12-20T17:00:40","slug":"naechtliche-boellerei-versetzt-anwohner-in-angst-und-schrecken","status":"publish","type":"post","link":"https:\/\/www.europesays.com\/de\/660157\/","title":{"rendered":"N\u00e4chtliche B\u00f6llerei versetzt Anwohner in Angst und Schrecken"},"content":{"rendered":"<p><a href=\"https:\/\/filmpost.de\/javascript:;\" data-fancybox-trigger=\"galleryfipo\" target=\"_blank\" rel=\"noopener\"><br \/>\n<img decoding=\"async\" src=\"https:\/\/www.europesays.com\/de\/wp-content\/uploads\/2025\/12\/40795_Silvester_Feuerwerksko_rper_AdobeStock_13911455_herculaneum79.3437a9ba.jpg\" longdesc=\"\" alt=\"N\u00e4chtliche B\u00f6llerei sorgt in der Eschweiler Innenstadt f\u00fcr Angst und schlaflose N\u00e4chte.  AdobeStock_13911455 herculaneum79 - \" title=\"N\u00e4chtliche B\u00f6llerei sorgt in der Eschweiler Innenstadt f\u00fcr Angst und schlaflose N\u00e4chte.  AdobeStock_13911455 herculaneum79 - \"\/><br \/>\n<\/a><\/p>\n<p><strong>Eschweiler.<\/strong> Seit einigen Tagen f\u00fchlen sich Anwohner der Grabenstra\u00dfe und der Englertstra\u00dfe massiv in ihrer Nachtruhe gest\u00f6rt. Unbekannte z\u00fcnden dort nahezu t\u00e4glich ab etwa 22 Uhr laute Feuerwerksk\u00f6rper. \u201eDas sind keine harmlosen Knaller, sondern richtige B\u00f6ller. Sie sind so laut und heftig, dass die Fensterscheiben zittern und sich unsere Haustiere ver\u00e4ngstigt unter dem Sofa verkriechen\u201c, berichtet ein betroffener Anwohner.<\/p>\n<p>&#13;<\/p>\n<p>Zus\u00e4tzlich w\u00e4chst die Unsicherheit in den Abendstunden. Viele Anwohner h\u00e4tten Angst, nachts durch die Fu\u00dfg\u00e4ngerzone nach Hause zu gehen. Besonders der dunkle Parkplatz hinter dem Kodi-Markt gilt als Angstraum, da sich dort regelm\u00e4\u00dfig merkw\u00fcrdige Gestalten aufhalten sollen. Trotz mehrfacher Hinweise an die Polizei h\u00e4lt der n\u00e4chtliche Krach weiterhin an.<\/p>\n<p>&#13;<\/p>\n<p><strong>Irmi R\u00f6hseler<\/strong><\/p>\n<p>    <a href=\"https:\/\/filmpost.de\/assets\/medienquellen\/galerien\/assets\/galleries\/29435\/40795_Silvester_Feuerwerksko_rper_AdobeStock_13911455_herculaneum79.jpg\" data-fancybox=\"galleryfipo\" data-caption=\"N\u00e4chtliche B\u00f6llerei sorgt in der Eschweiler Innenstadt f\u00fcr Angst und schlaflose N\u00e4chte.  AdobeStock_13911455 herculaneum79  \" target=\"_blank\" rel=\"noopener\"><br \/>\n        <img decoding=\"async\" title=\"N\u00e4chtliche B\u00f6llerei sorgt in der Eschweiler Innenstadt f\u00fcr Angst und schlaflose N\u00e4chte.  AdobeStock_13911455 herculaneum79\" src=\"https:\/\/www.europesays.com\/de\/wp-content\/uploads\/2025\/12\/40795_1ea3091e44648bb213f52ae8974b515c.13b9be1c.jpg\"\/><\/p>\n<p>    <\/a><\/p>\n<p>\u00a0<\/p>\n","protected":false},"excerpt":{"rendered":"Eschweiler. Seit einigen Tagen f\u00fchlen sich Anwohner der Grabenstra\u00dfe und der Englertstra\u00dfe massiv in ihrer Nachtruhe gest\u00f6rt. Unbekannte&hellip;\n","protected":false},"author":2,"featured_media":660158,"comment_status":"","ping_status":"","sticky":false,"template":"","format":"standard","meta":{"footnotes":""},"categories":[1853],"tags":[1424,3364,29,548,663,3934,30,13,14,15,1209,12],"class_list":{"0":"post-660157","1":"post","2":"type-post","3":"status-publish","4":"format-standard","5":"has-post-thumbnail","7":"category-aachen","8":"tag-aachen","9":"tag-de","10":"tag-deutschland","11":"tag-eu","12":"tag-europa","13":"tag-europe","14":"tag-germany","15":"tag-headlines","16":"tag-nachrichten","17":"tag-news","18":"tag-nordrhein-westfalen","19":"tag-schlagzeilen"},"share_on_mastodon":{"url":"https:\/\/pubeurope.com\/@de\/115752969731211793","error":""},"_links":{"self":[{"href":"https:\/\/www.europesays.com\/de\/wp-json\/wp\/v2\/posts\/660157","targetHints":{"allow":["GET"]}}],"collection":[{"href":"https:\/\/www.europesays.com\/de\/wp-json\/wp\/v2\/posts"}],"about":[{"href":"https:\/\/www.europesays.com\/de\/wp-json\/wp\/v2\/types\/post"}],"author":[{"embeddable":true,"href":"https:\/\/www.europesays.com\/de\/wp-json\/wp\/v2\/users\/2"}],"replies":[{"embeddable":true,"href":"https:\/\/www.europesays.com\/de\/wp-json\/wp\/v2\/comments?post=660157"}],"version-history":[{"count":0,"href":"https:\/\/www.europesays.com\/de\/wp-json\/wp\/v2\/posts\/660157\/revisions"}],"wp:featuredmedia":[{"embeddable":true,"href":"https:\/\/www.europesays.com\/de\/wp-json\/wp\/v2\/media\/660158"}],"wp:attachment":[{"href":"https:\/\/www.europesays.com\/de\/wp-json\/wp\/v2\/media?parent=660157"}],"wp:term":[{"taxonomy":"category","embeddable":true,"href":"https:\/\/www.europesays.com\/de\/wp-json\/wp\/v2\/categories?post=660157"},{"taxonomy":"post_tag","embeddable":true,"href":"https:\/\/www.europesays.com\/de\/wp-json\/wp\/v2\/tags?post=660157"}],"curies":[{"name":"wp","href":"https:\/\/api.w.org\/{rel}","templated":true}]}}