{"id":660173,"date":"2025-12-20T17:09:15","date_gmt":"2025-12-20T17:09:15","guid":{"rendered":"https:\/\/www.europesays.com\/de\/660173\/"},"modified":"2025-12-20T17:09:15","modified_gmt":"2025-12-20T17:09:15","slug":"baden-wuerttemberg-in-letzter-minute-waldhof-rettet-remis-gegen-ingolstadt","status":"publish","type":"post","link":"https:\/\/www.europesays.com\/de\/660173\/","title":{"rendered":"Baden-W\u00fcrttemberg: In letzter Minute: Waldhof rettet Remis gegen Ingolstadt"},"content":{"rendered":"<p>Baden-W\u00fcrttembergIn letzter Minute: Waldhof rettet Remis gegen Ingolstadt<img decoding=\"async\" class=\"Image_img__fQCi0 Image_Img_16_9__4BLfH\" loading=\"eager\" fetchpriority=\"high\" src=\"https:\/\/www.europesays.com\/de\/wp-content\/uploads\/2025\/12\/Der-SV-Waldhof-kam-gegen-den-FC-Ingolstadt-nur-zu-einem-2-2.webp.webp\" alt=\"Der-SV-Waldhof-kam-gegen-den-FC-Ingolstadt-nur-zu-einem-2-2\"\/>TeilenFolgen auf:<a href=\"https:\/\/www.whatsapp.com\/channel\/0029Va5cdVJD8SDp5YZgYF01\" title=\"Auf WhatsApp folgen\" target=\"_blank\" rel=\"noopener\"><img decoding=\"async\" src=\"https:\/\/www.n-tv.de\/socialIcons\/whatsapp.svg\" alt=\"whatsapp\" class=\"ArticleShare_icon__FsrC2\"\/><\/a><a href=\"https:\/\/news.google.com\/publications\/CAAiEPMdif5mpRNxiLOeUpHCwwsqFAgKIhDzHYn-ZqUTcYiznlKRwsML?hl=de&amp;gl=DE&amp;ceid=DE%3Ade\" title=\"Auf Google News folgen\" target=\"_blank\" rel=\"noopener\"><img decoding=\"async\" src=\"https:\/\/www.n-tv.de\/socialIcons\/google.svg\" alt=\"whatsapp\" class=\"ArticleShare_icon__FsrC2\"\/><\/a><\/p>\n<p class=\"Typography_text-m__XI0da Typography_weight-bold__uT6mq storyline_lead_text_leadtext__q_wg8\">Mannheim will zum Jahresende eigentlich noch in die Spitzengruppe der 3. Liga aufschlie\u00dfen. Doch es kommt anders. Selbst das 2:2 gegen den FC Ingolstadt ist am Ende hart erk\u00e4mpft.<\/p>\n<p class=\"Typography_text-default__P3otY Typography_weight-normal__pqUbH storyline_paragraph_p__qSR5N\">Mannheim (dpa\/lsw) &#8211; Im letzten Spiel vor der Winterpause hat sich der Fu\u00dfball-Drittligist SV Waldhof Mannheim mit einem 2:2 (0:1)-Unentschieden gegen den FC Ingolstadt zufriedengeben m\u00fcssen. Der Portugiese Masca rettete den Gastgebern in der Nachspielzeit (90.+6) zumindest einen Punkt. Damit beendet der Waldhof die Hinrunde mit 29 Punkten im Niemandsland der Liga.<\/p>\n<p class=\"Typography_text-default__P3otY Typography_weight-normal__pqUbH storyline_paragraph_p__qSR5N\">Ingolstadt war durch Tore des Ex-Mannheimer Marcel Costly (33.) und Ognjen Drakulic (75.) jeweils in F\u00fchrung gegangen, ein Ingolst\u00e4dter Eigentor durch Lukas Fr\u00f6de (55.) hatte f\u00fcr das zwischenzeitliche 1:1 gesorgt.<\/p>\n<p class=\"Typography_text-default__P3otY Typography_weight-normal__pqUbH storyline_paragraph_p__qSR5N\">In einer Partie auf lange Zeit \u00fcberschaubarem Niveau mit vielen Unterbrechungen tat sich der Waldhof vor 9800 Zuschauern schwer. Bemerkbar machte sich das Fehlen des gelbgesperrten St\u00fcrmers Kennedy Okpala, der durch Felix Lohkemper ersetzt wurde und im Winter wohl zum Zweitligisten SC Paderborn wechseln wird. Erst nach dem Gegentor durch Costly machte Mannheim mehr und kam zu ersten kleineren Chancen.<\/p>\n<p>Mannheim wirft in der Schlussphase alles nach vorne<\/p>\n<p class=\"Typography_text-default__P3otY Typography_weight-normal__pqUbH storyline_paragraph_p__qSR5N\">Auch im zweiten Durchgang blieb die Partie mit vielen Unterbrechungen fahrig. Nach dem Ausgleich hatten die Hausherren ein leichtes Chancenplus, doch traf zun\u00e4chst Drakulic f\u00fcr die G\u00e4ste. Mannheim warf zum Ende der Partie alles nach vorne und wurde in der Nachspielzeit noch durch Masca belohnt.<\/p>\n<p class=\"Typography_text-s__wu_cm Typography_weight-normal__pqUbH Typography_color-darkgrey__sZEnP article-detail-footer_source__KslPc\">Quelle: dpa<\/p>\n","protected":false},"excerpt":{"rendered":"Baden-W\u00fcrttembergIn letzter Minute: Waldhof rettet Remis gegen IngolstadtTeilenFolgen auf: Mannheim will zum Jahresende eigentlich noch in die Spitzengruppe&hellip;\n","protected":false},"author":2,"featured_media":660174,"comment_status":"","ping_status":"","sticky":false,"template":"","format":"standard","meta":{"footnotes":""},"categories":[1845],"tags":[1634,3364,29,548,663,3934,30,13,2096,14,15,12],"class_list":{"0":"post-660173","1":"post","2":"type-post","3":"status-publish","4":"format-standard","5":"has-post-thumbnail","7":"category-mannheim","8":"tag-baden-wuerttemberg","9":"tag-de","10":"tag-deutschland","11":"tag-eu","12":"tag-europa","13":"tag-europe","14":"tag-germany","15":"tag-headlines","16":"tag-mannheim","17":"tag-nachrichten","18":"tag-news","19":"tag-schlagzeilen"},"share_on_mastodon":{"url":"https:\/\/pubeurope.com\/@de\/115753003814389625","error":""},"_links":{"self":[{"href":"https:\/\/www.europesays.com\/de\/wp-json\/wp\/v2\/posts\/660173","targetHints":{"allow":["GET"]}}],"collection":[{"href":"https:\/\/www.europesays.com\/de\/wp-json\/wp\/v2\/posts"}],"about":[{"href":"https:\/\/www.europesays.com\/de\/wp-json\/wp\/v2\/types\/post"}],"author":[{"embeddable":true,"href":"https:\/\/www.europesays.com\/de\/wp-json\/wp\/v2\/users\/2"}],"replies":[{"embeddable":true,"href":"https:\/\/www.europesays.com\/de\/wp-json\/wp\/v2\/comments?post=660173"}],"version-history":[{"count":0,"href":"https:\/\/www.europesays.com\/de\/wp-json\/wp\/v2\/posts\/660173\/revisions"}],"wp:featuredmedia":[{"embeddable":true,"href":"https:\/\/www.europesays.com\/de\/wp-json\/wp\/v2\/media\/660174"}],"wp:attachment":[{"href":"https:\/\/www.europesays.com\/de\/wp-json\/wp\/v2\/media?parent=660173"}],"wp:term":[{"taxonomy":"category","embeddable":true,"href":"https:\/\/www.europesays.com\/de\/wp-json\/wp\/v2\/categories?post=660173"},{"taxonomy":"post_tag","embeddable":true,"href":"https:\/\/www.europesays.com\/de\/wp-json\/wp\/v2\/tags?post=660173"}],"curies":[{"name":"wp","href":"https:\/\/api.w.org\/{rel}","templated":true}]}}