{"id":660475,"date":"2025-12-20T20:23:32","date_gmt":"2025-12-20T20:23:32","guid":{"rendered":"https:\/\/www.europesays.com\/de\/660475\/"},"modified":"2025-12-20T20:23:32","modified_gmt":"2025-12-20T20:23:32","slug":"verler-buergermeister-schreibt-an-den-innenminister","status":"publish","type":"post","link":"https:\/\/www.europesays.com\/de\/660475\/","title":{"rendered":"Verler B\u00fcrgermeister schreibt an den Innenminister"},"content":{"rendered":"<p>Dass Verl m\u00f6glicherweise zur n\u00e4chsten Bundestagswahl in einen anderen Wahlkreis rutscht, sieht der B\u00fcrgermeister sehr kritisch.<\/p>\n<p>Verl (gl) &#8211; Die m\u00f6gliche Verschiebung der Wahlkreise f\u00fcr die kommende Bundestagswahl (d<a href=\"https:\/\/www.die-glocke.de\/kreis-guetersloh\/artikel\/waehlt-verl-2029-den-bundestag-mit-paderborn-1764866785\" target=\"_blank\" class=\"contextmenu inlinelink\" idref=\"X0.6337299106423948\" rel=\"nofollow noopener\">iese Zeitung berichtete)<\/a>, st\u00f6\u00dft in Verl nicht auf Gegenliebe. Hintergrund ist, dass die Bundeswahlkommission neue Wahlkreiszuschnitte f\u00fcr den Kreis G\u00fctersloh plant.\u00a0<\/p>\n<p class=\"contextmenu caption\">\u00c4nderungen sollen nicht umgesetzt werden<\/p>\n<p>W\u00fcrden diese durchgesetzt, rutscht Verl vom Wahlkreis 130 (G\u00fctersloh I) in den Wahlkreis 136 (Paderborn). Etwas, das B\u00fcrgermeister Robin Rieksneuw\u00f6hner (CDU) nicht akzeptieren m\u00f6chte, wie er in der j\u00fcngsten Ratssitzung erkl\u00e4rte. Kurzerhand hat er einen Brief an NRW-Innenminister Herbert Reul (CDU) aufgesetzt, da dieser sich beim Bund f\u00fcr die Belange der Kommunen einsetze. In diesem Schreiben spricht er sich im Namen der Stadt ausdr\u00fccklich daf\u00fcr aus, diese \u00c4nderung nicht durchzusetzen. Er schreibt: \u201eEin Wahlkreis sollte eine klare, zusammenh\u00e4ngende Einheit bilden [&#8230;] Gerade die s\u00fcdlichen Kommunen im Kreis G\u00fctersloh bilden eine solche Einheit.\u201c\u00a0<\/p>\n<p>Der Zusammenhalt sei gro\u00df, die gemeinsame Identit\u00e4t stark ausgepr\u00e4gt. Und die hohe Wahlbeteiligung in Verl sei auch darauf zur\u00fcckzuf\u00fchren, dass die bisherigen Wahl-Kreisabgeordneten aus dem Kreis G\u00fctersloh den W\u00e4hlerinnen und W\u00e4hlern bekannt und Ansprechpartner vor Ort sind. \u201eVerl geh\u00f6rt uneingeschr\u00e4nkt zum Kreis G\u00fctersloh und sollte daher auch Teil des Wahlkreises G\u00fctersloh I bleiben. Gerade in Zeiten zunehmender Politikverdrossenheit ist es besonders wichtig, die demokratische Teilhabe zu st\u00e4rken und die Bev\u00f6lkerung nicht unn\u00f6tig zu verunsichern\u201c, hei\u00dft es abschlie\u00dfend.<\/p>\n<p>Texte und Fotos von die-glocke.de sind urheberrechtlich gesch\u00fctzt.<br \/>\n            Weiterverwendung nur mit Genehmigung der Chefredaktion.<\/p>\n","protected":false},"excerpt":{"rendered":"Dass Verl m\u00f6glicherweise zur n\u00e4chsten Bundestagswahl in einen anderen Wahlkreis rutscht, sieht der B\u00fcrgermeister sehr kritisch. Verl (gl)&hellip;\n","protected":false},"author":2,"featured_media":660476,"comment_status":"","ping_status":"","sticky":false,"template":"","format":"standard","meta":{"footnotes":""},"categories":[1841],"tags":[1605,424,3364,29,30,15016,1209,727,3724],"class_list":{"0":"post-660475","1":"post","2":"type-post","3":"status-publish","4":"format-standard","5":"has-post-thumbnail","7":"category-bielefeld","8":"tag-bielefeld","9":"tag-bundestagswahl","10":"tag-de","11":"tag-deutschland","12":"tag-germany","13":"tag-herbert-reul","14":"tag-nordrhein-westfalen","15":"tag-paderborn","16":"tag-verl"},"share_on_mastodon":{"url":"https:\/\/pubeurope.com\/@de\/115753766654474236","error":""},"_links":{"self":[{"href":"https:\/\/www.europesays.com\/de\/wp-json\/wp\/v2\/posts\/660475","targetHints":{"allow":["GET"]}}],"collection":[{"href":"https:\/\/www.europesays.com\/de\/wp-json\/wp\/v2\/posts"}],"about":[{"href":"https:\/\/www.europesays.com\/de\/wp-json\/wp\/v2\/types\/post"}],"author":[{"embeddable":true,"href":"https:\/\/www.europesays.com\/de\/wp-json\/wp\/v2\/users\/2"}],"replies":[{"embeddable":true,"href":"https:\/\/www.europesays.com\/de\/wp-json\/wp\/v2\/comments?post=660475"}],"version-history":[{"count":0,"href":"https:\/\/www.europesays.com\/de\/wp-json\/wp\/v2\/posts\/660475\/revisions"}],"wp:featuredmedia":[{"embeddable":true,"href":"https:\/\/www.europesays.com\/de\/wp-json\/wp\/v2\/media\/660476"}],"wp:attachment":[{"href":"https:\/\/www.europesays.com\/de\/wp-json\/wp\/v2\/media?parent=660475"}],"wp:term":[{"taxonomy":"category","embeddable":true,"href":"https:\/\/www.europesays.com\/de\/wp-json\/wp\/v2\/categories?post=660475"},{"taxonomy":"post_tag","embeddable":true,"href":"https:\/\/www.europesays.com\/de\/wp-json\/wp\/v2\/tags?post=660475"}],"curies":[{"name":"wp","href":"https:\/\/api.w.org\/{rel}","templated":true}]}}