{"id":660568,"date":"2025-12-20T21:23:16","date_gmt":"2025-12-20T21:23:16","guid":{"rendered":"https:\/\/www.europesays.com\/de\/660568\/"},"modified":"2025-12-20T21:23:16","modified_gmt":"2025-12-20T21:23:16","slug":"gaeste-sendetermin-uebertragung-heute-im-tv-und-stream-wiederholung","status":"publish","type":"post","link":"https:\/\/www.europesays.com\/de\/660568\/","title":{"rendered":"G\u00e4ste, Sendetermin, \u00dcbertragung heute im TV und Stream, Wiederholung"},"content":{"rendered":"<p class=\"mb-6 text-xs md:text-m lg:text-l font-serif group-[.font-sans]:font-sans \">\n    In einer neuen Ausgabe der \u201eBeatrice Egli Show\u201c steht eine weihnachtlich gepr\u00e4gte R\u00fcckschau auf das musikalische Jahr 2025 im Mittelpunkt. Die Sendung verbindet musikalische Beitr\u00e4ge mit Gespr\u00e4chen oder pers\u00f6nlichen Geschichten und greift dabei sowohl kulturelle als auch gesellschaftliche Themen auf.\n  <\/p>\n<p class=\"mb-6 text-xs md:text-m lg:text-l font-serif group-[.font-sans]:font-sans \">\n    Ein weiterer Schwerpunkt liegt auf Ereignissen, die 2025 \u00f6ffentliche Aufmerksamkeit erhalten haben. Darunter auch internationale Musikwettbewerbe wie der ESC und sportliche Gro\u00dfereignisse im Frauenfu\u00dfball. Auch soziale und humanit\u00e4re Themen finden Raum, etwa durch Berichte \u00fcber ehrenamtliches Engagement, internationale Hilfsprojekte oder Menschen, die in ihrem Alltag Verantwortung f\u00fcr andere \u00fcbernehmen.\n  <\/p>\n<p class=\"mb-6 text-xs md:text-m lg:text-l font-serif group-[.font-sans]:font-sans \">\n    Wann ist die n\u00e4chste \u201eBeatrice Egli Show\u201c 2025? Welche G\u00e4ste sind dabei? Und gibt es eine Wiederholung? Antworten auf diese Fragen und weitere Infos zur n\u00e4chsten \u201eBeatrice Egli Show\u201c 2025 gibt es hier.\n  <\/p>\n<p>            \u201eDie Beatrice Egli Show\u201c 2025: Sendetermin &#8211; wann l\u00e4uft die Show? <\/p>\n<p class=\"mb-6 text-xs md:text-m lg:text-l font-serif group-[.font-sans]:font-sans \">\n    Noch vor Weihnachten 2025 zeigt Das Erste eine neue Ausgabe der \u201eBeatrice Egli Show\u201c. Die Musik- und Unterhaltungsshow wird am Samstag, dem 20. Dezember, um 20.15 Uhr ausgestrahlt.\n  <\/p>\n<p>            \u00dcbertragung von \u201eDie Beatrice Egli Show\u201c 2025 heute im TV und Stream<\/p>\n<p class=\"mb-6 text-xs md:text-m lg:text-l font-serif group-[.font-sans]:font-sans \">\n    Die Sendung l\u00e4uft, wie bereits erw\u00e4hnt, am 20. Dezember, um 20.15 Uhr, im Ersten &#8211; parallel dazu ist die Show auch im<a href=\"https:\/\/www.ardmediathek.de\/live\/Y3JpZDovL2Rhc2Vyc3RlLmRlL2xpdmUvY2xpcC9hYmNhMDdhMy0zNDc2LTQ4NTEtYjE2Mi1mZGU4ZjY0NmQ0YzQ\" rel=\"nofollow noopener\" target=\"_blank\" class=\"underline \"> Live-Stream des Senders<\/a> abrufbar. Es handelt sich um eine regul\u00e4re Ausgabe der Show, die in weihnachtlicher Atmosph\u00e4re pr\u00e4sentiert wird. Die Show wird jedoch nicht live gesendet, die Aufzeichnung fand bereits im September statt.\n  <\/p>\n<p>            \u201eBeatrice Egli Show\u201c 2025: Diese G\u00e4ste sind dabei<\/p>\n<p class=\"mb-6 text-xs md:text-m lg:text-l font-serif group-[.font-sans]:font-sans \">\n    Die Sendung setzt auf eine Mischung aus langj\u00e4hrig etablierten Acts und popul\u00e4ren Musikprojekten, die einem breiten Fernsehpublikum bekannt sind. In der diesj\u00e4hrigen Ausgabe sind K\u00fcnstlerinnen und K\u00fcnstler aus verschiedenen Musikrichtungen zu Gast. Zu den Mitwirkenden z\u00e4hlt unter anderem Heinz Rudolf Kunze, der seit den 1980er-Jahren zu den pr\u00e4genden Songwritern der deutschsprachigen Rock- und Popmusik geh\u00f6rt. Ebenfalls dabei ist Annett Louisan, die haupts\u00e4chlich durch ihre Chanson- und Popver\u00f6ffentlichungen bekannt wurde. Erg\u00e4nzt wird das Line-up durch Santiano, eine Band, die mit maritim gepr\u00e4gtem Folk-Rock regelm\u00e4\u00dfig in den deutschen Charts vertreten ist.\n  <\/p>\n<p class=\"mb-6 text-xs md:text-m lg:text-l font-serif group-[.font-sans]:font-sans \">\n    Eine genaue \u00dcbersicht der G\u00e4ste zur Show am 20. Dezember 2025 finden Sie hier:\n  <\/p>\n<ul rel=\"\" class=\"[&amp;&gt;li]:relative list-none  [&amp;&gt;li]:pl-[1.2em] [&amp;&gt;li]:marker:text-[0] [&amp;&gt;li]:relative [&amp;&gt;li]:before:absolute [&amp;&gt;li]:before:w-3 [&amp;&gt;li]:before:h-3 [&amp;&gt;li]:before:bg-brand [&amp;&gt;li]:before:left-0 [&amp;&gt;li]:before:top-[8px] [&amp;&gt;li]:before:rounded-full  my-5\">\n<li class=\" mb-3 text-xs md:text-m lg:text-l\">Dick Brave<\/li>\n<li class=\" mb-3 text-xs md:text-m lg:text-l\">Maite Kelly<\/li>\n<li class=\" mb-3 text-xs md:text-m lg:text-l\">Julia Lindholm<\/li>\n<li class=\" mb-3 text-xs md:text-m lg:text-l\">Rockabilly<\/li>\n<li class=\" mb-3 text-xs md:text-m lg:text-l\">Chris Norman<\/li>\n<li class=\" mb-3 text-xs md:text-m lg:text-l\">Linda Hesse<\/li>\n<li class=\" mb-3 text-xs md:text-m lg:text-l\">Kerstin Ott<\/li>\n<li class=\" mb-3 text-xs md:text-m lg:text-l\">Ben Zucker<\/li>\n<li class=\" mb-3 text-xs md:text-m lg:text-l\">Santiano<\/li>\n<li class=\" mb-3 text-xs md:text-m lg:text-l\">Heinz Rudolf Kunze<\/li>\n<li class=\" mb-3 text-xs md:text-m lg:text-l\">Annett Louisan<\/li>\n<li class=\" mb-3 text-xs md:text-m lg:text-l\">2themoonbeats (Julia Lindholm und Linda Hesse)<\/li>\n<li class=\" mb-3 text-xs md:text-m lg:text-l\">Francine Jordi<\/li>\n<li class=\" mb-3 text-xs md:text-m lg:text-l\">Ella Endlich<\/li>\n<li class=\" mb-3 text-xs md:text-m lg:text-l\">Oimara (\u201eWackelkontakt\u201c)<\/li>\n<li class=\" mb-3 text-xs md:text-m lg:text-l\">Pietro Basile<\/li>\n<li class=\" mb-3 text-xs md:text-m lg:text-l\">Sophia<\/li>\n<li class=\" mb-3 text-xs md:text-m lg:text-l\">Nele Wilke<\/li>\n<li class=\" mb-3 text-xs md:text-m lg:text-l\">Trauffer (Schweizer S\u00e4nger)<\/li>\n<li class=\" mb-3 text-xs md:text-m lg:text-l\">Alsterfr\u00f6sche (Kinder- und Jugendchor aus Hamburg)<\/li>\n<\/ul>\n<p class=\"mb-6 text-xs md:text-m lg:text-l font-serif group-[.font-sans]:font-sans \">\n    Neben bekannten Liedern und Momenten aus dem vergangenen Jahr widmet sich die Show Begegnungen mit Menschen, die durch besondere Erfahrungen, Engagement oder Lebenswege auffallen. Erz\u00e4hlt werden Geschichten von Hoffnung, Zusammenhalt und pers\u00f6nlichem Einsatz, erg\u00e4nzt durch Gespr\u00e4che mit G\u00e4sten aus unterschiedlichen Bereichen. Darunter befinden sich unter anderem die deutsche Nationaltorh\u00fcterin Ann-Katrin Berger oder der ESC-Kommentator Thorsten Schorn.\n  <\/p>\n<p>            \u201eDie Beatrice Egli Show\u201c 2025: Gibt es eine Wiederholung?<\/p>\n<p class=\"mb-6 text-xs md:text-m lg:text-l font-serif group-[.font-sans]:font-sans \">\n    Eine weitere Ver\u00f6ffentlichung der \u201eBeatrice Egli Show\u201c 2025 im linearen Fernsehen ist derzeit nicht vorgesehen. Stattdessen wird die Sendung nach der Erstausstrahlung f\u00fcr einen bestimmten Zeitraum in der <a href=\"https:\/\/www.ardmediathek.de\/\" rel=\"nofollow noopener\" target=\"_blank\" class=\"underline \">ARD-Mediathek<\/a> zur Verf\u00fcgung gestellt und kann dort unabh\u00e4ngig von festen Sendeterminen abgerufen werden.\n  <\/p>\n<p class=\"mb-6 text-xs md:text-m lg:text-l font-serif group-[.font-sans]:font-sans \">\n    Die Sendung kombiniert Musik, R\u00fcckblicke und pers\u00f6nliche Einblicke zu einer Ausgabe, die das Jahr 2025 aus verschiedenen Blickwinkeln betrachtet und dabei sowohl gro\u00dfe Ereignisse als auch individuelle Geschichten aufgreift.\n  <\/p>\n<ul data-module-id=\"DragDropModule\" class=\"flex flex-wrap justify-start group-[.no-bookmarks]:hidden\">\n<li class=\"mb-3 mr-3\">\n    Sarina Franke<\/p>\n<p>      Icon Haken im Kreis gesetzt<\/p>\n<p>      Icon Plus im Kreis<\/p>\n<\/li>\n<li class=\"mb-3 mr-3\">\n    Beatrice Egli<\/p>\n<p>      Icon Haken im Kreis gesetzt<\/p>\n<p>      Icon Plus im Kreis<\/p>\n<\/li>\n<li class=\"mb-3 mr-3\">\n    Sendung<\/p>\n<p>      Icon Haken im Kreis gesetzt<\/p>\n<p>      Icon Plus im Kreis<\/p>\n<\/li>\n<\/ul>\n","protected":false},"excerpt":{"rendered":"In einer neuen Ausgabe der \u201eBeatrice Egli Show\u201c steht eine weihnachtlich gepr\u00e4gte R\u00fcckschau auf das musikalische Jahr 2025&hellip;\n","protected":false},"author":2,"featured_media":660569,"comment_status":"","ping_status":"","sticky":false,"template":"","format":"standard","meta":{"footnotes":""},"categories":[1773],"tags":[83029,102002,11245,29,214,4631,30,108071,33249,140026,2876,471,1780,684,215,12289],"class_list":{"0":"post-660568","1":"post","2":"type-post","3":"status-publish","4":"format-standard","5":"has-post-thumbnail","7":"category-serien","8":"tag-ann-katrin-berger","9":"tag-annett-louisan","10":"tag-beatrice-egli","11":"tag-deutschland","12":"tag-entertainment","13":"tag-eurovision-song-contest","14":"tag-germany","15":"tag-heinz-rudolf-kunze","16":"tag-santiano","17":"tag-sendetermin","18":"tag-sendung","19":"tag-serien","20":"tag-series","21":"tag-tv","22":"tag-unterhaltung","23":"tag-weihnachten"},"share_on_mastodon":{"url":"https:\/\/pubeurope.com\/@de\/115754002338206239","error":""},"_links":{"self":[{"href":"https:\/\/www.europesays.com\/de\/wp-json\/wp\/v2\/posts\/660568","targetHints":{"allow":["GET"]}}],"collection":[{"href":"https:\/\/www.europesays.com\/de\/wp-json\/wp\/v2\/posts"}],"about":[{"href":"https:\/\/www.europesays.com\/de\/wp-json\/wp\/v2\/types\/post"}],"author":[{"embeddable":true,"href":"https:\/\/www.europesays.com\/de\/wp-json\/wp\/v2\/users\/2"}],"replies":[{"embeddable":true,"href":"https:\/\/www.europesays.com\/de\/wp-json\/wp\/v2\/comments?post=660568"}],"version-history":[{"count":0,"href":"https:\/\/www.europesays.com\/de\/wp-json\/wp\/v2\/posts\/660568\/revisions"}],"wp:featuredmedia":[{"embeddable":true,"href":"https:\/\/www.europesays.com\/de\/wp-json\/wp\/v2\/media\/660569"}],"wp:attachment":[{"href":"https:\/\/www.europesays.com\/de\/wp-json\/wp\/v2\/media?parent=660568"}],"wp:term":[{"taxonomy":"category","embeddable":true,"href":"https:\/\/www.europesays.com\/de\/wp-json\/wp\/v2\/categories?post=660568"},{"taxonomy":"post_tag","embeddable":true,"href":"https:\/\/www.europesays.com\/de\/wp-json\/wp\/v2\/tags?post=660568"}],"curies":[{"name":"wp","href":"https:\/\/api.w.org\/{rel}","templated":true}]}}