{"id":660865,"date":"2025-12-21T00:21:15","date_gmt":"2025-12-21T00:21:15","guid":{"rendered":"https:\/\/www.europesays.com\/de\/660865\/"},"modified":"2025-12-21T00:21:15","modified_gmt":"2025-12-21T00:21:15","slug":"real-madrid-siegt-gegen-sevilla-doch-xabi-alonsos-situation-bleibt-prekaer-sport","status":"publish","type":"post","link":"https:\/\/www.europesays.com\/de\/660865\/","title":{"rendered":"Real Madrid siegt gegen Sevilla, doch Xabi Alonsos Situation bleibt prek\u00e4r! | Sport"},"content":{"rendered":"<p><b>Drei Siege in einer Woche \u2013 ist bei Real Madrid jetzt alles in Ordnung?<\/b><\/p>\n<p>Keineswegs! Zwar gewann Real Madrid am Samstagabend auch das Duell gegen den FC Sevilla mit 2:0 und feierte damit den dritten Sieg im dritten Spiel. Zuvor hatte es bereits Erfolge in der Liga mit einem 2:1-Ausw\u00e4rtssieg bei Deportivo Alav\u00e9s sowie einen knappen 3:2-Erfolg im Pokal beim Drittligisten Talavera CF gegeben.<\/p>\n<p><b>Doch trotz der positiven Ergebnisse blieben die gezeigten Leistungen weiterhin wenig \u00fcberzeugend. Genau deshalb hat sich die Lage von Real-Trainer Xabi Alonso (44), der im Sommer von Bayer Leverkusen nach Madrid kam, laut spanischen Medien nicht entspannt \u2013 im Gegenteil: Seine Situation soll sich sogar weiter versch\u00e4rft haben.<\/b><\/p>\n<p>Mehr zum ThemaKylian Mbapp\u00e9 schnappt sich Ronaldo-Rekord<\/p>\n<p>Vor der laufenden Woche soll der Spanier schon kurz vor der Entlassung gestanden haben. Dann wurde berichtet, dass die drei Spiele in der letzten Woche entscheidend sein k\u00f6nnte. Rein von den Ergebnissen her hat Alonso geliefert \u2013 dennoch sieht es noch nicht wieder gut aus f\u00fcr ihn.<\/p>\n<p>Auch interessant<\/p>\n<p>Anzeige<\/p>\n<p>Auch interessant<\/p>\n<p>Anzeige<\/p>\n<p><a href=\"https:\/\/www.bild.de\/sport\/fussball\/real-madrid\/real-madrid-alle-infos-79564306.bild.html\" class=\"text-link\" rel=\"nofollow noopener\" target=\"_blank\"><b>Real<\/b><\/a><b> ist durch den Sieg gegen Sevilla in der spanischen La Liga vorerst bis auf einen Punkt auf den FC Barcelona heranger\u00fcckt. Die Katalanen m\u00fcssen am Sonntag beim Tabellendritten FC Villarreal (16.15 Uhr) antreten.<\/b><\/p>\n<p>Jude Bellingham brachte die Gastgeber im Bernab\u00e9u-Stadion mit einem Kopfball in der 38. Minute in F\u00fchrung. Auf der Trib\u00fcne jubelte sein j\u00fcngerer Bruder Jobe von Borussia Dortmund, wo auch Jude Bellingham zuvor spielte. Kylian Mbapp\u00e9 traf nach der Pause per Kopf nur die Latte (57.), allerdings musste Torh\u00fcter Thibaut Courtois auch mehrfach den Vorsprung retten. Die G\u00e4ste verloren in der 68. Minute Marcao durch eine Gelb-Rote Karte.<\/p>\n<p><b>Mbapp\u00e9 entschied die Partie dann per Foulelfer (86.). Es war sein 59. Tor f\u00fcr Real im Jahr 2025, damit egalisierte der Franzose den Rekord von Cristiano Ronaldo f\u00fcr die meisten Real-Treffer in einem Kalenderjahr.<\/b><\/p>\n<p>\u201eNicht euer Ernst!\u201c: Alonso verzweifelt am Real-Zirkus<a class=\"anchor video-teaser__anchor\" href=\"https:\/\/www.bild.de\/sport\/fussball\/nicht-euer-ernst-alonso-verzweifelt-am-real-zirkus-693beb54a2b27337507d9aed\" rel=\"nofollow noopener\" target=\"_blank\"><img decoding=\"async\" width=\"992\" height=\"558\" alt=\"\" src=\"https:\/\/www.europesays.com\/de\/wp-content\/uploads\/2025\/12\/8a5d43a69aa861401c66905dd66c6b17-landscape,3ff00c25\"   class=\"landscape teaser__image\" loading=\"lazy\"\/><\/a><\/p>\n<p>Quelle: BILD12.12.2025<\/p>\n<p>Die Fans m\u00f6gen nicht, was sie von Alonsos Real sehen<\/p>\n<p><b>Die spanischen Medien verbuchen den Sieg allerdings als sehr gl\u00fccklich!<\/b><\/p>\n<p><b> \u201eMundo Deportivo\u201c:<\/b> \u201eReal Madrid gewann gegen Sevilla, aber das bedeutete nicht, dass sich die Situation von <a href=\"https:\/\/www.bild.de\/sport\/fussball\/wackel-trainer-bei-real-alonso-entgeht-der-pokal-blamage-694398ab11416590a630edae\" class=\"text-link\" rel=\"nofollow noopener\" target=\"_blank\">Xabi Alonso<\/a> verbesserte. Ganz im Gegenteil. Die K\u00f6niglichen spielten wie \u00fcblich schlecht, und nur ein Elfmeter gegen Sevilla mit 10 Spielern brachte Ruhe in die Reihen der K\u00f6niglichen.\u201c<\/p>\n<p><b>Hei\u00dft: Alonsos Lage habe sich wegen der schwachen Leistung sogar verschlimmert!<\/b><\/p>\n<p><b>Auch Alonso selbst ist nicht zufrieden: <\/b>\u201eIch bin mit unserem heutigen Niveau nicht zufrieden. Meine Stimmung \u00e4ndert sich \u00fcberhaupt nicht, ich verstehe das Spiel, ich analysiere es.\u201c<\/p>\n<p><b>\u201eAs\u201c:<\/b> \u201eDie Weihnachtspause blieb prek\u00e4r. Die Fans von Madrid und der Verein blicken hinter den Sieg gegen ein stark geschw\u00e4chtes Sevilla und m\u00f6gen nicht, was sie sehen: dieselbe unkonzentrierte Mannschaft, hilflos in der Verteidigung und nur dank eines Super-Torh\u00fcters und des besten Torsch\u00fctzen des Jahres, vielleicht sogar des Jahrzehnts, am Leben gehalten. Almeydas Sevilla hatte vier Eins-gegen-Eins-Situationen gegen Courtois, der zweimal in dieser Woche zum Helden avancierte, und ein Dutzend weiterer guter Chancen. Mit der H\u00e4lfte dieser Chancen h\u00e4tte es Hunderte von Spielen gewonnen. Jede Mannschaft aus den Top 10 der Champions League oder jede der drei Mannschaften, auf die es im Supercup trifft, h\u00e4tte im Bernab\u00e9u ein Gemetzel angerichtet. Letztendlich ging Madrid mit nur einem Punkt R\u00fcckstand auf Bar\u00e7a zu Bett, aber die Pfiffe seiner Fans lie\u00dfen es sicher nicht einschlafen.\u201c<\/p>\n<p><b>Eine harte Abrechnung mit Alonsos Team.<\/b><\/p>\n<p><b>\u201eMarca\u201c: <\/b>\u201eEs sieht so aus, als w\u00fcrde Xabi Alonso die Weihnachtspause ohne weitere \u00dcberraschungen genie\u00dfen k\u00f6nnen, aber er hat keine Zweifel ausger\u00e4umt. Im Gegenteil, diese haben sich sogar noch verst\u00e4rkt, mit einem m\u00fcden, schwerf\u00e4lligen Spiel und einer be\u00e4ngstigenden Defensivschw\u00e4che. Sevilla fehlte es an Treffsicherheit im Abschluss und es gab zu viel Gegenwehr von Courtouis, der Figur des Weihnachtsabends. Der Belgier schenkte seinem Trainer das Turr\u00f3n (Anm. d. Red.: s\u00fc\u00dfes spanisches Weihnachtsgeb\u00e4ck), ohne viel Unterst\u00fctzung von seinen Mitspielern, denen es an Spannung mangelte.\u201c<\/p>\n<p><b>Auch die \u201eMarca\u201c schreibt also davon, dass es nun noch mehr Zweifel an Alonso gebe, auch wenn ihm akut wohl keine Entlassung droht. Klar ist: Bei Real kann von entspannten Weihnachten trotz 3 Siegen in 3 Spielen definitiv nicht die Rede sein.<\/b><\/p>\n","protected":false},"excerpt":{"rendered":"Drei Siege in einer Woche \u2013 ist bei Real Madrid jetzt alles in Ordnung? Keineswegs! Zwar gewann Real&hellip;\n","protected":false},"author":2,"featured_media":660866,"comment_status":"","ping_status":"","sticky":false,"template":"","format":"standard","meta":{"footnotes":"","_share_on_mastodon":"0"},"categories":[136],"tags":[27636,29,62973,347,30,19542,9662,25275,3349,4770,301,265,45,10057],"class_list":["post-660865","post","type-post","status-publish","format-standard","has-post-thumbnail","category-sport","tag-bellingham-jude","tag-deutschland","tag-fc-sevilla","tag-fussball","tag-germany","tag-kylian-mbappe","tag-no-sport-app","tag-primera-division-la-liga","tag-real-madrid","tag-ronaldo-cristiano","tag-spielbericht","tag-sport","tag-texttospeech","tag-xabi-alonso"],"share_on_mastodon":{"url":"https:\/\/pubeurope.com\/@de\/115754707420198991","error":""},"_links":{"self":[{"href":"https:\/\/www.europesays.com\/de\/wp-json\/wp\/v2\/posts\/660865","targetHints":{"allow":["GET"]}}],"collection":[{"href":"https:\/\/www.europesays.com\/de\/wp-json\/wp\/v2\/posts"}],"about":[{"href":"https:\/\/www.europesays.com\/de\/wp-json\/wp\/v2\/types\/post"}],"author":[{"embeddable":true,"href":"https:\/\/www.europesays.com\/de\/wp-json\/wp\/v2\/users\/2"}],"replies":[{"embeddable":true,"href":"https:\/\/www.europesays.com\/de\/wp-json\/wp\/v2\/comments?post=660865"}],"version-history":[{"count":0,"href":"https:\/\/www.europesays.com\/de\/wp-json\/wp\/v2\/posts\/660865\/revisions"}],"wp:featuredmedia":[{"embeddable":true,"href":"https:\/\/www.europesays.com\/de\/wp-json\/wp\/v2\/media\/660866"}],"wp:attachment":[{"href":"https:\/\/www.europesays.com\/de\/wp-json\/wp\/v2\/media?parent=660865"}],"wp:term":[{"taxonomy":"category","embeddable":true,"href":"https:\/\/www.europesays.com\/de\/wp-json\/wp\/v2\/categories?post=660865"},{"taxonomy":"post_tag","embeddable":true,"href":"https:\/\/www.europesays.com\/de\/wp-json\/wp\/v2\/tags?post=660865"}],"curies":[{"name":"wp","href":"https:\/\/api.w.org\/{rel}","templated":true}]}}