{"id":661025,"date":"2025-12-21T01:54:21","date_gmt":"2025-12-21T01:54:21","guid":{"rendered":"https:\/\/www.europesays.com\/de\/661025\/"},"modified":"2025-12-21T01:54:21","modified_gmt":"2025-12-21T01:54:21","slug":"zu-weihnachten-wird-es-kaelter-hallespektrum-de","status":"publish","type":"post","link":"https:\/\/www.europesays.com\/de\/661025\/","title":{"rendered":"Zu Weihnachten wird es k\u00e4lter &#8211; HalleSpektrum.de"},"content":{"rendered":"<p>\t<img width=\"1024\" height=\"798\" src=\"https:\/\/www.europesays.com\/de\/wp-content\/uploads\/2025\/12\/schnee-bruecke1.jpg\" class=\"attachment-1024x1024 size-1024x1024 wp-post-image\" alt=\"\" decoding=\"async\" fetchpriority=\"high\"  \/><\/p>\n<p>\n\t\t\t20. Dezember 2025\t\t<\/p>\n<p>Kurz vor Weihnachten steht auch in Halle eine Wetter\u00e4nderung bevor. Nach einer \u00fcberwiegend milden Phase sinken die Temperaturen deutlich. Eine ausgepr\u00e4gte K\u00e4lteperiode mit Schnee ist jedoch nur regional zu erwarten.<\/p>\n<p>Am vierten Advent bestehen noch gro\u00dfe Temperaturunterschiede. W\u00e4hrend im Westen Werte um 10 Grad erreicht werden, liegen die Temperaturen im S\u00fcdosten bei 1 bis 3 Grad. In vielen Regionen zeigt sich zeitweise die Sonne.<\/p>\n<p>In den Tagen vor den Feiertagen stellt sich die Wetterlage um. Ein kr\u00e4ftiges Hochdruckgebiet \u00fcber Nordeuropa und tiefer Luftdruck im Mittelmeerraum sorgen f\u00fcr eine \u00f6stliche Str\u00f6mung. Dadurch gelangt k\u00e4ltere Luft nach Deutschland, teils verbunden mit st\u00e4rkerem Wind. Die N\u00e4chte werden verbreitet frostig.<\/p>\n<p>Zu den Weihnachtstagen ist vor allem im S\u00fcden regional mit etwas Schnee zu rechnen. Im Osten und in der Landesmitte kann sich leichter Dauerfrost einstellen. Auch in Halle werden winterliche Temperaturen erwartet.<\/p>\n<p>Bis zum Jahreswechsel bleibt die Wetterlage voraussichtlich weitgehend unver\u00e4ndert. Es ist \u00fcberwiegend trockenkalt, zeitweise auch freundlich.<\/p>\n","protected":false},"excerpt":{"rendered":"20. Dezember 2025 Kurz vor Weihnachten steht auch in Halle eine Wetter\u00e4nderung bevor. Nach einer \u00fcberwiegend milden Phase&hellip;\n","protected":false},"author":2,"featured_media":661026,"comment_status":"","ping_status":"","sticky":false,"template":"","format":"standard","meta":{"footnotes":""},"categories":[1860],"tags":[3364,29,548,663,3934,30,4062,17332,13,10217,14,15,17331,860,12,1973,4951],"class_list":{"0":"post-661025","1":"post","2":"type-post","3":"status-publish","4":"format-standard","5":"has-post-thumbnail","7":"category-halle-saale","8":"tag-de","9":"tag-deutschland","10":"tag-eu","11":"tag-europa","12":"tag-europe","13":"tag-germany","14":"tag-halle","15":"tag-halle-saale","16":"tag-headlines","17":"tag-kaelteeinbruch","18":"tag-nachrichten","19":"tag-news","20":"tag-saale","21":"tag-sachsen-anhalt","22":"tag-schlagzeilen","23":"tag-wetter","24":"tag-winter"},"share_on_mastodon":{"url":"https:\/\/pubeurope.com\/@de\/115755068596818643","error":""},"_links":{"self":[{"href":"https:\/\/www.europesays.com\/de\/wp-json\/wp\/v2\/posts\/661025","targetHints":{"allow":["GET"]}}],"collection":[{"href":"https:\/\/www.europesays.com\/de\/wp-json\/wp\/v2\/posts"}],"about":[{"href":"https:\/\/www.europesays.com\/de\/wp-json\/wp\/v2\/types\/post"}],"author":[{"embeddable":true,"href":"https:\/\/www.europesays.com\/de\/wp-json\/wp\/v2\/users\/2"}],"replies":[{"embeddable":true,"href":"https:\/\/www.europesays.com\/de\/wp-json\/wp\/v2\/comments?post=661025"}],"version-history":[{"count":0,"href":"https:\/\/www.europesays.com\/de\/wp-json\/wp\/v2\/posts\/661025\/revisions"}],"wp:featuredmedia":[{"embeddable":true,"href":"https:\/\/www.europesays.com\/de\/wp-json\/wp\/v2\/media\/661026"}],"wp:attachment":[{"href":"https:\/\/www.europesays.com\/de\/wp-json\/wp\/v2\/media?parent=661025"}],"wp:term":[{"taxonomy":"category","embeddable":true,"href":"https:\/\/www.europesays.com\/de\/wp-json\/wp\/v2\/categories?post=661025"},{"taxonomy":"post_tag","embeddable":true,"href":"https:\/\/www.europesays.com\/de\/wp-json\/wp\/v2\/tags?post=661025"}],"curies":[{"name":"wp","href":"https:\/\/api.w.org\/{rel}","templated":true}]}}