{"id":661030,"date":"2025-12-21T01:58:21","date_gmt":"2025-12-21T01:58:21","guid":{"rendered":"https:\/\/www.europesays.com\/de\/661030\/"},"modified":"2025-12-21T01:58:21","modified_gmt":"2025-12-21T01:58:21","slug":"kommentar-zur-schliessung-von-zierpflanzen-koch-in-hohenstein-ernstthal-ein-wenig-dolce-vita","status":"publish","type":"post","link":"https:\/\/www.europesays.com\/de\/661030\/","title":{"rendered":"Kommentar zur Schlie\u00dfung von Zierpflanzen Koch in Hohenstein-Ernstthal: Ein wenig Dolce Vita"},"content":{"rendered":"<p class=\"bold\">\n\t\t\t\t\t\t\t\t\t\tWieder einmal schlie\u00dft ein Gesch\u00e4ft in Hohenstein-Ernstthal. Diesmal ist es Zierpflanzen Koch auf der Oststra\u00dfe. Wie immer wird es Menschen geben, die das bedauern.\t\t\t\t<\/p>\n<p>\t\t\t\t Ein bekanntes italienisches Sprichwort sagt \u201eTra il dire e il fare c\u2018\u00e8 di mezzo il mare\u201c. Das bedeutet so viel wie \u201eZwischen Reden und Tun liegt das Meer\u201c. Das Ladensterben in kleinen St\u00e4dten ist ein sichtbares Zeichen f\u00fcr diese Diskrepanz zwischen hehren Vors\u00e4tzen und tats\u00e4chlichem Verhalten. Die meisten von uns sch\u00e4tzen kleine&#8230;<\/p>\n<p>\t\t<img decoding=\"async\" class=\"fp-plus-logo\" src=\"https:\/\/www.freiepresse.de\/img\/fpplus.svg\" alt=\"Freie Presse plus Logo\"\/><\/p>\n<p>Registrieren und testen.<\/p>\n<p>Jetzt mit Ihrer Registrierung 1 Monat gratis testen und alle Beitr\u00e4ge lesen.<\/p>\n<p>Schon Abonnent? Melden Sie sich mit ihren Zugangsdaten an.<\/p>\n","protected":false},"excerpt":{"rendered":"Wieder einmal schlie\u00dft ein Gesch\u00e4ft in Hohenstein-Ernstthal. Diesmal ist es Zierpflanzen Koch auf der Oststra\u00dfe. Wie immer wird&hellip;\n","protected":false},"author":2,"featured_media":661031,"comment_status":"","ping_status":"","sticky":false,"template":"","format":"standard","meta":{"footnotes":""},"categories":[1851],"tags":[2770,3364,29,548,663,3934,6763,30,13,14,15,859,12],"class_list":{"0":"post-661030","1":"post","2":"type-post","3":"status-publish","4":"format-standard","5":"has-post-thumbnail","7":"category-chemnitz","8":"tag-chemnitz","9":"tag-de","10":"tag-deutschland","11":"tag-eu","12":"tag-europa","13":"tag-europe","14":"tag-gastronomie","15":"tag-germany","16":"tag-headlines","17":"tag-nachrichten","18":"tag-news","19":"tag-sachsen","20":"tag-schlagzeilen"},"share_on_mastodon":{"url":"https:\/\/pubeurope.com\/@de\/115755084589088273","error":""},"_links":{"self":[{"href":"https:\/\/www.europesays.com\/de\/wp-json\/wp\/v2\/posts\/661030","targetHints":{"allow":["GET"]}}],"collection":[{"href":"https:\/\/www.europesays.com\/de\/wp-json\/wp\/v2\/posts"}],"about":[{"href":"https:\/\/www.europesays.com\/de\/wp-json\/wp\/v2\/types\/post"}],"author":[{"embeddable":true,"href":"https:\/\/www.europesays.com\/de\/wp-json\/wp\/v2\/users\/2"}],"replies":[{"embeddable":true,"href":"https:\/\/www.europesays.com\/de\/wp-json\/wp\/v2\/comments?post=661030"}],"version-history":[{"count":0,"href":"https:\/\/www.europesays.com\/de\/wp-json\/wp\/v2\/posts\/661030\/revisions"}],"wp:featuredmedia":[{"embeddable":true,"href":"https:\/\/www.europesays.com\/de\/wp-json\/wp\/v2\/media\/661031"}],"wp:attachment":[{"href":"https:\/\/www.europesays.com\/de\/wp-json\/wp\/v2\/media?parent=661030"}],"wp:term":[{"taxonomy":"category","embeddable":true,"href":"https:\/\/www.europesays.com\/de\/wp-json\/wp\/v2\/categories?post=661030"},{"taxonomy":"post_tag","embeddable":true,"href":"https:\/\/www.europesays.com\/de\/wp-json\/wp\/v2\/tags?post=661030"}],"curies":[{"name":"wp","href":"https:\/\/api.w.org\/{rel}","templated":true}]}}