{"id":661087,"date":"2025-12-21T02:40:10","date_gmt":"2025-12-21T02:40:10","guid":{"rendered":"https:\/\/www.europesays.com\/de\/661087\/"},"modified":"2025-12-21T02:40:10","modified_gmt":"2025-12-21T02:40:10","slug":"auftakt-zum-wiederaufbau-der-historischen-carolabruecke-mit-buergerbeteiligung-und-innovativen-entwuerfen-bis-2026","status":"publish","type":"post","link":"https:\/\/www.europesays.com\/de\/661087\/","title":{"rendered":"Auftakt zum Wiederaufbau der historischen Carolabr\u00fccke mit B\u00fcrgerbeteiligung und innovativen Entw\u00fcrfen bis 2026"},"content":{"rendered":"<p>Die Landeshauptstadt Dresden hat den Planungsauftakt f\u00fcr den Wiederaufbau der historischen Carolabr\u00fccke eingel\u00e4utet.<a href=\"https:\/\/www.diesachsen.de\/dresden-news\/dresden-bittet-vier-planungsbueros-um-entwuerfe-fuer-neue-carolabruecke-3080878\" target=\"_blank\" rel=\"noopener\"> Vier Ingenieurb\u00fcros wurden beauftragt,<\/a> ihre Entw\u00fcrfe bis Mai 2026 zu pr\u00e4sentieren. Das Projekt bietet der Bev\u00f6lkerung die M\u00f6glichkeit zur aktiven Teilnahme an der Planung.<\/p>\n<p>Die Arbeitsgemeinschaft bestehend aus FHECOR Deutschland GmbH und Planungsgesellschaft mbH TSSB Berlin, Ingenieurb\u00fcro GRASSL GmbH M\u00fcnchen, Leonhardt, Andr\u00e4 und Partner Beratende Ingenieure VBI AG aus Dresden sowie Sch\u00fc\u00dfler-Plan Ingenieurgesellschaft mbH Frankfurt am Main wird die neuen Entw\u00fcrfe erarbeiten.<\/p>\n<p> Vorstellung und B\u00fcrgerbeteiligung <\/p>\n<p>Am 17. Dezember 2025 stellten sich die vier beauftragten Planungsb\u00fcros dem Beteiligungsgremium vor. Dieses Gremium, welches aus verschiedenen Vertretern von Verb\u00e4nden, Stadtr\u00e4tinnen und Stadtr\u00e4ten sowie Vereinen besteht, unterst\u00fctzt die Planung und Umsetzung des Br\u00fcckenbaus. Die Planer besprachen die n\u00e4chsten Schritte und die M\u00f6glichkeiten zur B\u00fcrgerbeteiligung mit der Stadt.<\/p>\n<p> Planungsfortschritt und Anforderungen <\/p>\n<p>Aktuell befinden sich die Planer in der Grundlagenermittlung (Leistungsphase 1), in der s\u00e4mtliche Anforderungen des Bauherrn erfasst werden. In der kommenden Vorplanung (Leistungsphase 2) erstellen die B\u00fcros das eigentliche Planungskonzept. Dabei sind diverse Aspekte zu ber\u00fccksichtigen, wie etwa der Schutz von Flora und Fauna, Denkmalschutz und Umweltschutzma\u00dfnahmen. Diese umfassenden Anforderungen erfordern zahlreiche Abstimmungen und Gespr\u00e4che mit verschiedenen \u00c4mtern.<\/p>\n<p> Erste B\u00fcrgerbeteiligung im M\u00e4rz 2026 <\/p>\n<p>Die Bev\u00f6lkerung von Dresden wird aktiv in die Planungen einbezogen. Ein \u00f6ffentliches Dialogformat findet am 18. M\u00e4rz 2026 im Stadtforum statt, bei dem B\u00fcrgerinnen und B\u00fcrger die M\u00f6glichkeit haben, mit den Planungsb\u00fcros in den Austausch zu treten. <a href=\"https:\/\/www.dresden.de\/de\/stadtraum\/zentrale-projekte\/carolabruecke.php\" target=\"_blank\" rel=\"noopener\">Die genauen Details zur Veranstaltung werden rechtzeitig bekannt gegeben.<\/a><\/p>\n<p> Entwurfspr\u00e4sentation und Bewertung <\/p>\n<p>Die vier Planungsb\u00fcros m\u00fcssen bis Mai 2026 ihre Entw\u00fcrfe vorlegen. Diese Entw\u00fcrfe werden von Fachleuten in den Bereichen Ingenieurwissenschaften, Architektur und Denkmalschutz beurteilt. Eine mehrw\u00f6chige B\u00fcrgerbeteiligungsphase folgt, um das Feedback der \u00d6ffentlichkeit einzuholen. Die gesammelten Ergebnisse sowie fachlichen Bewertungen werden dem Begleitgremium pr\u00e4sentiert, das diese Informationen in seine Empfehlungen an den Stadtrat einflie\u00dfen l\u00e4sst.<\/p>\n<p> Statements der Planungsb\u00fcros <\/p>\n<p>Jedes der vier beauftragten B\u00fcros brachte eigene Perspektiven und Motivationen in den Auswahlprozess ein. Die FHECOR Deutschland GmbH und die TSSB Planungsgesellschaft mbH betonten die historische und aktuelle Bedeutung der Carolabr\u00fccke und wollen einen Erlebnisraum schaffen, der \u00fcber eine einfache Verkehrsverbindung hinausgeht.<\/p>\n<p>Das Ingenieurb\u00fcro GRASSL GmbH erkl\u00e4rte, dass sie zeitgem\u00e4\u00dfe Infrastruktur und kulturelles Erbe verbinden wollen. Sie streben eine L\u00f6sung an, die sowohl funktional als auch attraktiv ist und die Innenstadt von Dresden aufwertet.<\/p>\n<p>Leonhardt, Andr\u00e4 und Partner betonen die lokale Verbundenheit und die Erstellung einer Br\u00fccke mit hoher Aufenthaltsqualit\u00e4t f\u00fcr Fu\u00dfg\u00e4nger. Sch\u00fc\u00dfler-Plan Ingenieurgesellschaft mbH sieht die Carolabr\u00fccke als integralen Bestandteil des urbanen Gef\u00fcges und m\u00f6chte ein beeindruckendes Bauwerk schaffen, das auch gestalterisch \u00fcberzeugt.<\/p>\n<p> Fazit <\/p>\n<p>Der Wiederaufbau der Carolabr\u00fccke in Dresden stellt ein wichtiges Projekt dar, das nicht nur die Verkehrsvernetzung verbessert, sondern auch die Lebensqualit\u00e4t in der Stadt steigern soll. Die Einbeziehung der B\u00fcrger in den Planungsprozess ist ein essenzieller Schritt, um die Akzeptanz und die Bed\u00fcrfnisse der Dresdnerinnen und Dresdner zu ber\u00fccksichtigen.<\/p>\n","protected":false},"excerpt":{"rendered":"Die Landeshauptstadt Dresden hat den Planungsauftakt f\u00fcr den Wiederaufbau der historischen Carolabr\u00fccke eingel\u00e4utet. Vier Ingenieurb\u00fcros wurden beauftragt, ihre&hellip;\n","protected":false},"author":2,"featured_media":661088,"comment_status":"","ping_status":"","sticky":false,"template":"","format":"standard","meta":{"footnotes":""},"categories":[1835],"tags":[33582,145272,3364,29,2386,141343,154356,30,154358,154359,154355,859,154360,154361,154357],"class_list":{"0":"post-661087","1":"post","2":"type-post","3":"status-publish","4":"format-standard","5":"has-post-thumbnail","7":"category-dresden","8":"tag-brgerbeteiligung","9":"tag-carolabrcke","10":"tag-de","11":"tag-deutschland","12":"tag-dresden","13":"tag-dresden-news","14":"tag-fhecor-deutschland","15":"tag-germany","16":"tag-grassl","17":"tag-leonhardt-andr-und-partner","18":"tag-planungsbros","19":"tag-sachsen","20":"tag-schler-plan","21":"tag-stadtforum-dresden","22":"tag-tssb"},"share_on_mastodon":{"url":"","error":""},"_links":{"self":[{"href":"https:\/\/www.europesays.com\/de\/wp-json\/wp\/v2\/posts\/661087","targetHints":{"allow":["GET"]}}],"collection":[{"href":"https:\/\/www.europesays.com\/de\/wp-json\/wp\/v2\/posts"}],"about":[{"href":"https:\/\/www.europesays.com\/de\/wp-json\/wp\/v2\/types\/post"}],"author":[{"embeddable":true,"href":"https:\/\/www.europesays.com\/de\/wp-json\/wp\/v2\/users\/2"}],"replies":[{"embeddable":true,"href":"https:\/\/www.europesays.com\/de\/wp-json\/wp\/v2\/comments?post=661087"}],"version-history":[{"count":0,"href":"https:\/\/www.europesays.com\/de\/wp-json\/wp\/v2\/posts\/661087\/revisions"}],"wp:featuredmedia":[{"embeddable":true,"href":"https:\/\/www.europesays.com\/de\/wp-json\/wp\/v2\/media\/661088"}],"wp:attachment":[{"href":"https:\/\/www.europesays.com\/de\/wp-json\/wp\/v2\/media?parent=661087"}],"wp:term":[{"taxonomy":"category","embeddable":true,"href":"https:\/\/www.europesays.com\/de\/wp-json\/wp\/v2\/categories?post=661087"},{"taxonomy":"post_tag","embeddable":true,"href":"https:\/\/www.europesays.com\/de\/wp-json\/wp\/v2\/tags?post=661087"}],"curies":[{"name":"wp","href":"https:\/\/api.w.org\/{rel}","templated":true}]}}