{"id":661106,"date":"2025-12-21T02:52:10","date_gmt":"2025-12-21T02:52:10","guid":{"rendered":"https:\/\/www.europesays.com\/de\/661106\/"},"modified":"2025-12-21T02:52:10","modified_gmt":"2025-12-21T02:52:10","slug":"pol-d-oeffentlichkeitsfahndung-nach-raub-und-sexueller-belaestigung-wer-kann","status":"publish","type":"post","link":"https:\/\/www.europesays.com\/de\/661106\/","title":{"rendered":"POL-D: \u00d6ffentlichkeitsfahndung nach Raub und sexueller Bel\u00e4stigung &#8211; Wer kann &#8230;"},"content":{"rendered":"<p class=\"date\">21.12.2025 \u2013 00:04<\/p>\n<p class=\"customer\">\n                        <a class=\"story-customer\" title=\"weiter zum newsroom von Polizei D\u00fcsseldorf\" href=\"https:\/\/www.presseportal.de\/blaulicht\/nr\/13248\" target=\"_blank\" rel=\"noopener\">Polizei D\u00fcsseldorf<\/a>\n                    <\/p>\n<p><a data-category=\"citylink-story-view\" data-action=\"click\" data-label=\"Citylink in Meldungsansicht\" class=\"story-city event-trigger\" href=\"https:\/\/www.presseportal.de\/regional\/D%FCsseldorf\" title=\"News aus D\u00fcsseldorf \" target=\"_blank\" rel=\"noopener\">D\u00fcsseldorf<\/a> (ots)<\/p>\n<p>Mit Bildern aus einer \u00dcberwachungskamera fahndet die D\u00fcsseldorfer Polizei nach vier unbekannten Jugendlichen die im Verdacht stehen, einen Raub und eine sexuelle Bel\u00e4stigung begangen zu haben.<\/p>\n<p>Hier der Link zu den Bildern im Fahndungsportal der Polizei NRW: <a target=\"_blank\" class=\"uri-ext outbound\" rel=\"noopener\" href=\"https:\/\/polizei.nrw\/fahndung\/189864\">https:\/\/polizei.nrw\/fahndung\/189864<\/a><\/p>\n<p>Tatzeit: Freitag, 19. Dezember 2025, 21:45 Uhr<\/p>\n<p>Zum Sachverhalt: Nach derzeitigem Stand der Ermittlungen hatten die unbekannten Tatverd\u00e4chtigen eine andere Gruppe Jugendlicher in der S-Bahn der Linie S 28 vom Hauptbahnhof D\u00fcsseldorf in Richtung Gerresheim zun\u00e4chst unter anderem mit den Worten &#8222;Schei\u00df Deutsche&#8220; rassistisch beleidigt. Im weiteren Verlauf wurden die Gesch\u00e4digten aufgefordert Geld auszuh\u00e4ndigen, was sie verneinten. Anschlie\u00dfend trennten die Aggressoren einen der Jugendlichen von seinen Begleitern. Ein Tatverd\u00e4chtiger schlug ihm ins Gesicht; zugleich wurde die Geldb\u00f6rse aus der Jackentasche des Gesch\u00e4digten gezogen und Bargeld entwendet.<\/p>\n<p>Zwei der Tatverd\u00e4chtigen k\u00fcssten zudem zwei Jugendliche aus der anderen Gruppe, wodurch es zu einer sexuellen Bel\u00e4stigung kam.<\/p>\n<p>Im Rahmen der eingeleiteten Ermittlungen konnten Fotos der vier Tatverd\u00e4chtigen erlangt werden. Wer kann Angaben zu den abgebildeten Personen machen?<\/p>\n<p>Das zust\u00e4ndige Kriminalkommissariat Staatsschutz 1 nimmt Hinweise unter der Telefonnummer 0211-870-0 entgegen.<\/p>\n<p class=\"contact-headline\">R\u00fcckfragen bitte (ausschlie\u00dflich Journalisten) an:<\/p>\n<p class=\"contact-text\">Polizei D\u00fcsseldorf<br \/>Pressestelle<\/p>\n<p>Telefon: 0211-870 2005<br \/>Fax: 0211-870 2008<br \/><a target=\"_blank\" class=\"uri-ext outbound\" rel=\"noopener\" href=\"https:\/\/duesseldorf.polizei.nrw.de\">https:\/\/duesseldorf.polizei.nrw.de<\/a><\/p>\n<p class=\"originator\">Original-Content von: Polizei D\u00fcsseldorf, \u00fcbermittelt durch news aktuell<\/p>\n","protected":false},"excerpt":{"rendered":"21.12.2025 \u2013 00:04 Polizei D\u00fcsseldorf D\u00fcsseldorf (ots) Mit Bildern aus einer \u00dcberwachungskamera fahndet die D\u00fcsseldorfer Polizei nach vier&hellip;\n","protected":false},"author":2,"featured_media":386213,"comment_status":"","ping_status":"","sticky":false,"template":"","format":"standard","meta":{"footnotes":""},"categories":[1831],"tags":[3364,29,3405,30,177,1209,176,121,178,180,179,181],"class_list":{"0":"post-661106","1":"post","2":"type-post","3":"status-publish","4":"format-standard","5":"has-post-thumbnail","7":"category-duesseldorf","8":"tag-de","9":"tag-deutschland","10":"tag-duesseldorf","11":"tag-germany","12":"tag-kriminalitt","13":"tag-nordrhein-westfalen","14":"tag-nrw","15":"tag-polizei","16":"tag-presse","17":"tag-pressemeldung","18":"tag-pressemitteilung","19":"tag-pressemitteilungen"},"share_on_mastodon":{"url":"https:\/\/pubeurope.com\/@de\/115755296006823545","error":""},"_links":{"self":[{"href":"https:\/\/www.europesays.com\/de\/wp-json\/wp\/v2\/posts\/661106","targetHints":{"allow":["GET"]}}],"collection":[{"href":"https:\/\/www.europesays.com\/de\/wp-json\/wp\/v2\/posts"}],"about":[{"href":"https:\/\/www.europesays.com\/de\/wp-json\/wp\/v2\/types\/post"}],"author":[{"embeddable":true,"href":"https:\/\/www.europesays.com\/de\/wp-json\/wp\/v2\/users\/2"}],"replies":[{"embeddable":true,"href":"https:\/\/www.europesays.com\/de\/wp-json\/wp\/v2\/comments?post=661106"}],"version-history":[{"count":0,"href":"https:\/\/www.europesays.com\/de\/wp-json\/wp\/v2\/posts\/661106\/revisions"}],"wp:featuredmedia":[{"embeddable":true,"href":"https:\/\/www.europesays.com\/de\/wp-json\/wp\/v2\/media\/386213"}],"wp:attachment":[{"href":"https:\/\/www.europesays.com\/de\/wp-json\/wp\/v2\/media?parent=661106"}],"wp:term":[{"taxonomy":"category","embeddable":true,"href":"https:\/\/www.europesays.com\/de\/wp-json\/wp\/v2\/categories?post=661106"},{"taxonomy":"post_tag","embeddable":true,"href":"https:\/\/www.europesays.com\/de\/wp-json\/wp\/v2\/tags?post=661106"}],"curies":[{"name":"wp","href":"https:\/\/api.w.org\/{rel}","templated":true}]}}