{"id":661110,"date":"2025-12-21T02:55:15","date_gmt":"2025-12-21T02:55:15","guid":{"rendered":"https:\/\/www.europesays.com\/de\/661110\/"},"modified":"2025-12-21T02:55:15","modified_gmt":"2025-12-21T02:55:15","slug":"hauptbahnhof-stuttgart-nach-evakuierung-wieder-freigegeben-2","status":"publish","type":"post","link":"https:\/\/www.europesays.com\/de\/661110\/","title":{"rendered":"Hauptbahnhof Stuttgart nach Evakuierung wieder freigegeben"},"content":{"rendered":"<p class=\"Paragraph_paragraph__exhQA Paragraph_paragraph--default-lg-default__8QZrI articleParagraph\">Der Stuttgarter Hauptbahnhof ist wegen eines verd\u00e4chtigen Gep\u00e4ckst\u00fccks evakuiert und am sp\u00e4ten Abend wieder freigegeben worden. \u201eDer Einsatz ist abgeschlossen\u201c, sagte ein Sprecher der Bundespolizei.<\/p>\n<p class=\"Paragraph_paragraph__exhQA Paragraph_paragraph--default-lg-default__8QZrI articleParagraph\">Zuvor war die Bundespolizei mit einem Gro\u00dfaufgebot im Einsatz, der Zugverkehr im oberen Teil des Bahnhofs wurde eingestellt. Der S-Bahn-Betrieb lief weiter. Es bestand jedoch zu keinem Zeitpunkt Gefahr f\u00fcr die Reisenden, wie es hie\u00df.<\/p>\n<p class=\"Paragraph_paragraph__exhQA Paragraph_paragraph--default-lg-default__8QZrI articleParagraph\">Beamte hatten das Gep\u00e4ckst\u00fcck \u00fcber vier Stunden untersucht. Dessen Inhalt wurde als nicht allt\u00e4glich, aber ungef\u00e4hrlich beschrieben. Worum es sich genau handelte, teilte die Polizei zun\u00e4chst nicht mit.<\/p>\n","protected":false},"excerpt":{"rendered":"Der Stuttgarter Hauptbahnhof ist wegen eines verd\u00e4chtigen Gep\u00e4ckst\u00fccks evakuiert und am sp\u00e4ten Abend wieder freigegeben worden. \u201eDer Einsatz&hellip;\n","protected":false},"author":2,"featured_media":661111,"comment_status":"","ping_status":"","sticky":false,"template":"","format":"standard","meta":{"footnotes":""},"categories":[1830],"tags":[1634,3364,29,30,1441],"class_list":{"0":"post-661110","1":"post","2":"type-post","3":"status-publish","4":"format-standard","5":"has-post-thumbnail","7":"category-stuttgart","8":"tag-baden-wuerttemberg","9":"tag-de","10":"tag-deutschland","11":"tag-germany","12":"tag-stuttgart"},"share_on_mastodon":{"url":"","error":""},"_links":{"self":[{"href":"https:\/\/www.europesays.com\/de\/wp-json\/wp\/v2\/posts\/661110","targetHints":{"allow":["GET"]}}],"collection":[{"href":"https:\/\/www.europesays.com\/de\/wp-json\/wp\/v2\/posts"}],"about":[{"href":"https:\/\/www.europesays.com\/de\/wp-json\/wp\/v2\/types\/post"}],"author":[{"embeddable":true,"href":"https:\/\/www.europesays.com\/de\/wp-json\/wp\/v2\/users\/2"}],"replies":[{"embeddable":true,"href":"https:\/\/www.europesays.com\/de\/wp-json\/wp\/v2\/comments?post=661110"}],"version-history":[{"count":0,"href":"https:\/\/www.europesays.com\/de\/wp-json\/wp\/v2\/posts\/661110\/revisions"}],"wp:featuredmedia":[{"embeddable":true,"href":"https:\/\/www.europesays.com\/de\/wp-json\/wp\/v2\/media\/661111"}],"wp:attachment":[{"href":"https:\/\/www.europesays.com\/de\/wp-json\/wp\/v2\/media?parent=661110"}],"wp:term":[{"taxonomy":"category","embeddable":true,"href":"https:\/\/www.europesays.com\/de\/wp-json\/wp\/v2\/categories?post=661110"},{"taxonomy":"post_tag","embeddable":true,"href":"https:\/\/www.europesays.com\/de\/wp-json\/wp\/v2\/tags?post=661110"}],"curies":[{"name":"wp","href":"https:\/\/api.w.org\/{rel}","templated":true}]}}