{"id":661112,"date":"2025-12-21T02:56:25","date_gmt":"2025-12-21T02:56:25","guid":{"rendered":"https:\/\/www.europesays.com\/de\/661112\/"},"modified":"2025-12-21T02:56:25","modified_gmt":"2025-12-21T02:56:25","slug":"die-sucht-kennt-kein-weihnachtsfest","status":"publish","type":"post","link":"https:\/\/www.europesays.com\/de\/661112\/","title":{"rendered":"Die Sucht kennt kein Weihnachtsfest"},"content":{"rendered":"<p>Es ist kalt in der Moselstra\u00dfe, die D\u00e4mmerung bricht \u00fcber das Bahnhofsviertel von Frankfurt herein. Im Halbschatten eines Hauseingangs kauert eine Gruppe M\u00e4nner, nur die flackernden Neonlichter des Sex-Gesch\u00e4fts gegen\u00fcber werfen im Sekundentakt etwas Licht auf ihre Gesichter. Die dr\u00e4ngende Suche nach Drogen, dem n\u00e4chsten Rausch kennt keine Atempause f\u00fcr sie und die anderen Abh\u00e4ngigen im Viertel, auch nicht zur Adventszeit. <\/p>\n<p>          &#13;<br \/>\n              Sentimental und keine Familie <\/p>\n<p>Andreas Steinbacher, Sozialarbeiter beim Drogennotdienst, beobachtet rund um die Feiertage dennoch Ver\u00e4nderungen bei den Menschen, die in seine Einrichtung kommen: \u201eDie Leute sind sentimentaler, ihnen fehlt der Kontakt zur Familie.\u201c Viele seien traurig. \u201eWir schm\u00fccken unsere R\u00e4ume weihnachtlich, das nimmt jedoch kaum jemand wahr. Unsere Klientel ist zu sehr mit ihrem Alltagsgesch\u00e4ft befasst: Geld auftreiben, Drogen beschaffen, den Tag \u00fcberstehen.\u201c Einen Weihnachtsbaum sucht man in den R\u00e4umen vergeblich. <\/p>\n<p>Der Nieselregen drau\u00dfen auf der Stra\u00dfe mischt sich auf dem Bordstein vor einem Restaurant mit einer Urinlache, in einer M\u00fclltonne ein Rascheln, wohl von einer Ratte. Der Gestank scheint die wenigen Passanten zus\u00e4tzlich zur Eile anzutreiben, einzig die am Boden hockende M\u00e4nner und Frauen scheinen ihn nicht mehr wahrzunehmen. <\/p>\n<p>              &#13;<br \/>\n                <img decoding=\"async\"   src=\"https:\/\/www.europesays.com\/de\/wp-content\/uploads\/2025\/12\/Ein-Weihnachtswunsch-Eine-saubere-Dusche-habenBoris-984000.jpg\" title=\"Die Sucht kennt kein Weihnachtsfest \" alt=\"Ein Weihnachtswunsch: Eine saubere Dusche haben.Boris Roessler\/dpa\" class=\"img-responsive\"\/>&#13;<br \/>\n                &#13;<\/p>\n<p class=\"image-caption\">Ein Weihnachtswunsch: Eine saubere Dusche haben.Boris Roessler\/dpa <\/p>\n<p>&#13;<\/p>\n<p class=\"image-credit\">&#13;<br \/>\n\t\t\t\t\t\t\t\u00a9 Boris Roessler\/dpa<\/p>\n<p>&#13;<br \/>\n                &#13;<\/p>\n<p>\u201eIch hock\u2018 hier jetzt schon seit mehr als zehn Jahren in diesem Siff, sch\u00f6ner ist es nicht geworden\u201c, nuschelt Ahmad (Name ge\u00e4ndert) in seinen grauen Bart, bevor er f\u00fcr zwei Minuten um die Ecke verschwindet um sich bei seinem Dealer einen neuen Crackstein zu besorgen. <\/p>\n<p>Aus der Dunkelheit taucht ein junger Mann auf, der sich erst hinhockt, nachdem er die Umgebung genau nach m\u00f6glichen Zivilpolizisten abgescannt hat. \u201eBrauchst Du Koks, Crack, \u201ane Frau ?\u201c, will er wissen &#8211; eine Frage die er jedem stellen wird, der l\u00e4nger als ein paar Sekunden in der N\u00e4he der Gruppe verharrt. <\/p>\n<p>Durch hektisches Wippen versucht er, sich in seiner d\u00fcnnen Jeans warmzuhalten. Wo er Weihnachten sein wird? &#8211; Routiniert z\u00fcndet er sich zun\u00e4chst seine Crackpfeife, der gl\u00fchende \u201eStein\u201c wirft kurz ein oranges Licht auf sein Gesicht. F\u00fcr zwei Sekunden geht sein Blick nach oben, dann antwortet er: Weihnachten sei ihm \u201eziemlich egal\u201c, er sei quasi \u201e24\/7\u201c auf der Stra\u00dfe, um irgendwie klarzukommen. <\/p>\n<p>          &#13;<br \/>\n              Saubere Dusche als Weihnachtswunsch <\/p>\n<p>Langsam rollt Michaela (Name ge\u00e4ndert) im Rollstuhl auf die anderen zu. In Sekundenschnelle wechseln Geld und Ware zwischen ihr und einem Dealer den Besitzer, dann z\u00fcndet auch sie sich im Sichtschutz der geparkten Autos ihre Pfeife an. \u201eIrgendwann muss man uns ja mal sehen, ein eigenes Bett ohne Krabbelviecher und eine saubere Dusche \u2013 das w\u00e4r schon toll\u201c, nennt sie ihre W\u00fcnsche f\u00fcr das neue Jahr. <\/p>\n<p>Wenige Schritte weiter kramt Nelly in einem Karton voll mit Altkleidern. \u201eEin Geschenk gibt\u2019s auch hier manchmal\u201c, sagt die 37-J\u00e4hrige grinsend, als sie sich nach und nach durch die wild zusammengew\u00fcrfelten Klamotten w\u00fchlt. Als sie sich ein neues Oberteil anzieht, gibt das fahle Laternenlicht einen kurzen Blick auf ihren ausgemergelten K\u00f6rper frei. \u201eIch hab\u2018 mit 14 angefangen Drogen zu nehmen, mittlerweile bin ich bei Crack und Fentanyl angekommen\u201c. <\/p>\n<p>Fast beil\u00e4ufig erw\u00e4hnt sie diverse Gef\u00e4ngnisaufenthalte \u201ewegen Drogen uns so halt\u201c. Bei Fragen nach ihrer Familie wird die geb\u00fcrtige Gie\u00dfenerin leiser. Kinder? \u201eJa, zwei \u2013 habe ich beide zur Adoption weggegeben\u201c. Kurz wird sie von der Nacht verschluckt, dann kommt sie mit einem \u201e10er-Streifen\u201c Fentanyl zur\u00fcck. Hastig erhitzt sie das Pflaster auf etwas Alufolie und inhaliert den Rauch. \u201eKnallt sofort\u201c, kommentiert sie die Wirkung der Droge. \u201eH\u00e4lt blo\u00df nicht lange.\u201c <\/p>\n<p>W\u00e4hrend sie die Fensterscheibe eines Gesch\u00e4ftes als Spiegel nutzt, um sich Make-up f\u00fcr die kommenden Stunden aufzutragen, denkt sie kurz \u00fcber ihre Weihnachtsw\u00fcnsche nach. \u201eFrieden. Ganz einfach. Hier bei uns auf der Stra\u00dfe untereinander und sonst auch.\u201c <\/p>\n<p>Im Weggehen schenkt sie Ahmad noch eine Cargohose, die ganz unten in dem sch\u00e4bigen Karton lag. \u201eKleine Geschenke wirken hier manchmal Wunder\u201c, sagt sie und entschwindet wieder in der Dunkelheit. <\/p>\n<p>          &#13;<br \/>\n            <img decoding=\"async\"   src=\"https:\/\/www.europesays.com\/de\/wp-content\/uploads\/2025\/12\/Viele-Abhaengige-verbringen-die-Feiertage-im-Frankfurter-984001.jpg\" title=\"Die Sucht kennt kein Weihnachtsfest \" alt=\"Viele Abh\u00e4ngige verbringen die Feiertage im Frankfurter Bahnhofsviertel auf der Stra\u00dfe.Boris Roessler\/dpa\" class=\"img-responsive\"\/>&#13;<br \/>\n            &#13;<\/p>\n<p class=\"image-caption\">Viele Abh\u00e4ngige verbringen die Feiertage im Frankfurter Bahnhofsviertel auf der Stra\u00dfe.Boris Roessler\/dpa <\/p>\n<p>&#13;<\/p>\n<p class=\"image-credit\">&#13;<br \/>\n\t\t\t\t\t\t\t\u00a9 Boris Roessler\/dpa<\/p>\n<p>&#13;<br \/>\n            &#13;<\/p>\n<p>          &#13;<br \/>\n            <img decoding=\"async\"   src=\"https:\/\/www.europesays.com\/de\/wp-content\/uploads\/2025\/12\/Fast-beilaeufig-erwaehnt-Nelly-diverse-984002.jpg\" title=\"Die Sucht kennt kein Weihnachtsfest \" alt=\"Fast beil\u00e4ufig erw\u00e4hnt Nelly diverse Gef\u00e4ngnisaufenthalte \u201ewegen Drogen und so halt\u201c.Boris Roessler\/dpa\" class=\"img-responsive\"\/>&#13;<br \/>\n            &#13;<\/p>\n<p class=\"image-caption\">Fast beil\u00e4ufig erw\u00e4hnt Nelly diverse Gef\u00e4ngnisaufenthalte \u201ewegen Drogen und so halt\u201c.Boris Roessler\/dpa <\/p>\n<p>&#13;<\/p>\n<p class=\"image-credit\">&#13;<br \/>\n\t\t\t\t\t\t\t\u00a9 Boris Roessler\/dpa<\/p>\n<p>&#13;<br \/>\n            &#13;<\/p>\n<p>          &#13;<br \/>\n            <img decoding=\"async\"   src=\"https:\/\/www.europesays.com\/de\/wp-content\/uploads\/2025\/12\/Bei-Fragen-nach-ihrer-Familie-wird-die-gebuertige-984003.jpg\" title=\"Die Sucht kennt kein Weihnachtsfest \" alt=\"Bei Fragen nach ihrer Familie wird die geb\u00fcrtige Gie\u00dfenerin Nelly leiser.Boris Roessler\/dpa\" class=\"img-responsive\"\/>&#13;<br \/>\n            &#13;<\/p>\n<p class=\"image-caption\">Bei Fragen nach ihrer Familie wird die geb\u00fcrtige Gie\u00dfenerin Nelly leiser.Boris Roessler\/dpa <\/p>\n<p>&#13;<\/p>\n<p class=\"image-credit\">&#13;<br \/>\n\t\t\t\t\t\t\t\u00a9 Boris Roessler\/dpa<\/p>\n<p>&#13;<br \/>\n            &#13;<\/p>\n","protected":false},"excerpt":{"rendered":"Es ist kalt in der Moselstra\u00dfe, die D\u00e4mmerung bricht \u00fcber das Bahnhofsviertel von Frankfurt herein. Im Halbschatten eines&hellip;\n","protected":false},"author":2,"featured_media":661113,"comment_status":"","ping_status":"","sticky":false,"template":"","format":"standard","meta":{"footnotes":""},"categories":[1829],"tags":[29,433,2050,2051,30,1724,2052,5027,177],"class_list":{"0":"post-661112","1":"post","2":"type-post","3":"status-publish","4":"format-standard","5":"has-post-thumbnail","7":"category-frankfurt-am-main","8":"tag-deutschland","9":"tag-drogen","10":"tag-frankfurt","11":"tag-frankfurt-am-main","12":"tag-germany","13":"tag-gesellschaft","14":"tag-hessen","15":"tag-kommune","16":"tag-kriminalitt"},"share_on_mastodon":{"url":"https:\/\/pubeurope.com\/@de\/115755312849435259","error":""},"_links":{"self":[{"href":"https:\/\/www.europesays.com\/de\/wp-json\/wp\/v2\/posts\/661112","targetHints":{"allow":["GET"]}}],"collection":[{"href":"https:\/\/www.europesays.com\/de\/wp-json\/wp\/v2\/posts"}],"about":[{"href":"https:\/\/www.europesays.com\/de\/wp-json\/wp\/v2\/types\/post"}],"author":[{"embeddable":true,"href":"https:\/\/www.europesays.com\/de\/wp-json\/wp\/v2\/users\/2"}],"replies":[{"embeddable":true,"href":"https:\/\/www.europesays.com\/de\/wp-json\/wp\/v2\/comments?post=661112"}],"version-history":[{"count":0,"href":"https:\/\/www.europesays.com\/de\/wp-json\/wp\/v2\/posts\/661112\/revisions"}],"wp:featuredmedia":[{"embeddable":true,"href":"https:\/\/www.europesays.com\/de\/wp-json\/wp\/v2\/media\/661113"}],"wp:attachment":[{"href":"https:\/\/www.europesays.com\/de\/wp-json\/wp\/v2\/media?parent=661112"}],"wp:term":[{"taxonomy":"category","embeddable":true,"href":"https:\/\/www.europesays.com\/de\/wp-json\/wp\/v2\/categories?post=661112"},{"taxonomy":"post_tag","embeddable":true,"href":"https:\/\/www.europesays.com\/de\/wp-json\/wp\/v2\/tags?post=661112"}],"curies":[{"name":"wp","href":"https:\/\/api.w.org\/{rel}","templated":true}]}}