{"id":661115,"date":"2025-12-21T02:58:11","date_gmt":"2025-12-21T02:58:11","guid":{"rendered":"https:\/\/www.europesays.com\/de\/661115\/"},"modified":"2025-12-21T02:58:11","modified_gmt":"2025-12-21T02:58:11","slug":"schussabgabe-in-dellbrueck-mit-einem-schwerverletzten","status":"publish","type":"post","link":"https:\/\/www.europesays.com\/de\/661115\/","title":{"rendered":"Schussabgabe in Dellbr\u00fcck mit einem Schwerverletzten"},"content":{"rendered":"<p>Diese Nacht wurde kurz vor Mitternacht die Polizei verst\u00e4ndigt wegen Sch\u00fcssen in einem Wohngebiet in Dellbr\u00fcck. Bisher ist klar, dass ein 36-j\u00e4hriger Mann durch die Sch\u00fcsse schwerverletzt wurde. Was genau dahinter steckt, ist aktuell noch unklar. Die Tatortarbeit ist angelaufen, morgen will die Polizei weitere Infos dazu bekannt geben. (ES|Symbolbild)<\/p>\n","protected":false},"excerpt":{"rendered":"Diese Nacht wurde kurz vor Mitternacht die Polizei verst\u00e4ndigt wegen Sch\u00fcssen in einem Wohngebiet in Dellbr\u00fcck. Bisher ist&hellip;\n","protected":false},"author":2,"featured_media":661116,"comment_status":"","ping_status":"","sticky":false,"template":"","format":"standard","meta":{"footnotes":""},"categories":[1828],"tags":[4067,29,30,1420,1209,121,4908],"class_list":{"0":"post-661115","1":"post","2":"type-post","3":"status-publish","4":"format-standard","5":"has-post-thumbnail","7":"category-koeln","8":"tag-ermittlungen","9":"tag-deutschland","10":"tag-germany","11":"tag-koeln","12":"tag-nordrhein-westfalen","13":"tag-polizei","14":"tag-polizeieinsatz"},"share_on_mastodon":{"url":"https:\/\/pubeurope.com\/@de\/115755319718762906","error":""},"_links":{"self":[{"href":"https:\/\/www.europesays.com\/de\/wp-json\/wp\/v2\/posts\/661115","targetHints":{"allow":["GET"]}}],"collection":[{"href":"https:\/\/www.europesays.com\/de\/wp-json\/wp\/v2\/posts"}],"about":[{"href":"https:\/\/www.europesays.com\/de\/wp-json\/wp\/v2\/types\/post"}],"author":[{"embeddable":true,"href":"https:\/\/www.europesays.com\/de\/wp-json\/wp\/v2\/users\/2"}],"replies":[{"embeddable":true,"href":"https:\/\/www.europesays.com\/de\/wp-json\/wp\/v2\/comments?post=661115"}],"version-history":[{"count":0,"href":"https:\/\/www.europesays.com\/de\/wp-json\/wp\/v2\/posts\/661115\/revisions"}],"wp:featuredmedia":[{"embeddable":true,"href":"https:\/\/www.europesays.com\/de\/wp-json\/wp\/v2\/media\/661116"}],"wp:attachment":[{"href":"https:\/\/www.europesays.com\/de\/wp-json\/wp\/v2\/media?parent=661115"}],"wp:term":[{"taxonomy":"category","embeddable":true,"href":"https:\/\/www.europesays.com\/de\/wp-json\/wp\/v2\/categories?post=661115"},{"taxonomy":"post_tag","embeddable":true,"href":"https:\/\/www.europesays.com\/de\/wp-json\/wp\/v2\/tags?post=661115"}],"curies":[{"name":"wp","href":"https:\/\/api.w.org\/{rel}","templated":true}]}}