{"id":661119,"date":"2025-12-21T03:02:15","date_gmt":"2025-12-21T03:02:15","guid":{"rendered":"https:\/\/www.europesays.com\/de\/661119\/"},"modified":"2025-12-21T03:02:15","modified_gmt":"2025-12-21T03:02:15","slug":"wetter-muenchen-heute-21-dezember-amtliche-warnung-vor-frost","status":"publish","type":"post","link":"https:\/\/www.europesays.com\/de\/661119\/","title":{"rendered":"Wetter M\u00fcnchen heute, 21. Dezember: Amtliche Warnung vor Frost"},"content":{"rendered":"<p>Prognose f\u00fcr M\u00fcnchen <\/p>\n<p>Wetterdienst warnt vor Frost in der Nacht auf Sonntag<\/p>\n<p>21.12.2025 &#8211; 04:00 UhrLesedauer: 1 Min.<\/p>\n<p class=\"font-bold text-18 leading-17\"><strong class=\"font-bold\">Gibt es heute Sonne, Regen oder Sturm in M\u00fcnchen? Hier finden Sie die Wettervorhersage und die Unwetterwarnungen f\u00fcr Bayerns Landeshauptstadt.<\/strong><\/p>\n<p class=\"text-18 leading-17\">Der Deutsche Wetterdienst (DWD) hat f\u00fcr M\u00fcnchen und den Landkreis bis Sonntagmorgen eine amtliche Warnung vor leichtem Frost herausgegeben. Die Temperaturen liegen am fr\u00fchen Morgen bei rund \u20132 Grad, \u00f6rtlich kann es bis \u20135 Grad abk\u00fchlen. Die Sicht ist mit unter 3 Kilometern eingeschr\u00e4nkt, dazu weht ein m\u00e4\u00dfiger Ostwind mit B\u00f6en bis zu 20 Kilometern pro Stunde.<\/p>\n<p class=\"text-18 leading-17\">Im Tagesverlauf bleibt es dicht bew\u00f6lkt, bei Werten knapp \u00fcber dem Gefrierpunkt. Ab den Mittagsstunden steigt die Temperatur leicht auf maximal 1 Grad an. Gelegentlich dringt etwas Sonne durch die Wolkendecke, vor allem zwischen 12 und 15 Uhr. Der Wind bleibt sp\u00fcrbar aus \u00f6stlicher Richtung.<\/p>\n<p class=\"text-18 leading-17\">Am Abend sinken die Temperaturen erneut unter den Gefrierpunkt. Bis Mitternacht werden Werte um \u20130,5 Grad erwartet, die Sicht verschlechtert sich wieder. Niederschlag bleibt aber weiterhin aus \u2013 es bleibt trocken.<\/p>\n<p class=\"text-18 leading-17\">Am Montag und Dienstag bleibt das Wetter in M\u00fcnchen weitgehend gleich: k\u00fchl, trocken und wolkenverhangen. Die Temperaturen schwanken tags\u00fcber um den Gefrierpunkt. Aktuell bestehen laut DWD keine weiteren Unwetterwarnungen.<\/p>\n<p class=\"text-18 leading-17\">Das aktuelle Wetter f\u00fcr M\u00fcnchen heute und in den kommenden Tagen finden Sie immer auf <a target=\"_blank\" class=\"transition-colors duration-200 cursor-pointer text-inherit no-underline text-salemsfur md:hover:text-magenta md:hover:border-magenta md:focus:text-magenta border-current border-b border-solid break-words\" href=\"https:\/\/www.t-online.de\/wetter\/deutschland\/muenchen\/jd138hq576\/wetter-heute\" data-sctrack=\"BodyAnchor\" rel=\"noopener\">der t-online-Wetterseite<\/a> oder in unserem Video oben.<\/p>\n","protected":false},"excerpt":{"rendered":"Prognose f\u00fcr M\u00fcnchen Wetterdienst warnt vor Frost in der Nacht auf Sonntag 21.12.2025 &#8211; 04:00 UhrLesedauer: 1 Min.&hellip;\n","protected":false},"author":2,"featured_media":651805,"comment_status":"","ping_status":"","sticky":false,"template":"","format":"standard","meta":{"footnotes":""},"categories":[1827],"tags":[722,7887,513,772,950,29,4906,514,30,604,5257,1268,2959,2256,4907,2257,2255],"class_list":{"0":"post-661119","1":"post","2":"type-post","3":"status-publish","4":"format-standard","5":"has-post-thumbnail","7":"category-muenchen","8":"tag-722","9":"tag-alpen","10":"tag-auto","11":"tag-bayern","12":"tag-deutscher-wetterdienst","13":"tag-deutschland","14":"tag-dwd","15":"tag-fahrzeug","16":"tag-germany","17":"tag-hund","18":"tag-marienplatz","19":"tag-muenchen","20":"tag-theresienwiese","21":"tag-wetterausblick","22":"tag-wetteraussicht","23":"tag-wetterlage","24":"tag-wettervorhersage"},"share_on_mastodon":{"url":"","error":""},"_links":{"self":[{"href":"https:\/\/www.europesays.com\/de\/wp-json\/wp\/v2\/posts\/661119","targetHints":{"allow":["GET"]}}],"collection":[{"href":"https:\/\/www.europesays.com\/de\/wp-json\/wp\/v2\/posts"}],"about":[{"href":"https:\/\/www.europesays.com\/de\/wp-json\/wp\/v2\/types\/post"}],"author":[{"embeddable":true,"href":"https:\/\/www.europesays.com\/de\/wp-json\/wp\/v2\/users\/2"}],"replies":[{"embeddable":true,"href":"https:\/\/www.europesays.com\/de\/wp-json\/wp\/v2\/comments?post=661119"}],"version-history":[{"count":0,"href":"https:\/\/www.europesays.com\/de\/wp-json\/wp\/v2\/posts\/661119\/revisions"}],"wp:featuredmedia":[{"embeddable":true,"href":"https:\/\/www.europesays.com\/de\/wp-json\/wp\/v2\/media\/651805"}],"wp:attachment":[{"href":"https:\/\/www.europesays.com\/de\/wp-json\/wp\/v2\/media?parent=661119"}],"wp:term":[{"taxonomy":"category","embeddable":true,"href":"https:\/\/www.europesays.com\/de\/wp-json\/wp\/v2\/categories?post=661119"},{"taxonomy":"post_tag","embeddable":true,"href":"https:\/\/www.europesays.com\/de\/wp-json\/wp\/v2\/tags?post=661119"}],"curies":[{"name":"wp","href":"https:\/\/api.w.org\/{rel}","templated":true}]}}