{"id":661130,"date":"2025-12-21T03:08:24","date_gmt":"2025-12-21T03:08:24","guid":{"rendered":"https:\/\/www.europesays.com\/de\/661130\/"},"modified":"2025-12-21T03:08:24","modified_gmt":"2025-12-21T03:08:24","slug":"bundesliga-15-spieltag-samstag-rb-leipzig-verliert-erstmals-in-der-saison-heimspiel","status":"publish","type":"post","link":"https:\/\/www.europesays.com\/de\/661130\/","title":{"rendered":"Bundesliga, 15. Spieltag \u2013 Samstag: RB Leipzig verliert erstmals in der Saison Heimspiel"},"content":{"rendered":"<p>        RB Leipzig \u2013 Bayer 04 Leverkusen 1:3 (1:2)        <\/p>\n<p class=\"paragraph article__item\">Zum ersten Mal in der aktuellen Bundesligasaison hat RB Leipzig im eigenen Stadion verloren. Trotz anf\u00e4nglicher F\u00fchrung verlor das Team mit 1:3 gegen Bayer Leverkusen.\u00a0Vor 46.053 Zuschauern brachte Xaver Schlager (35. Minute) die Leipziger in F\u00fchrung. Martin Terrier (40.) glich aus, ehe der Ex-Leipziger Patrik Schick (44.) das Spiel noch in der ersten Halbzeit drehte. Montrell Culbreath verl\u00e4ngerte in der Nachspielzeit die F\u00fchrung von Leverkusen (90.+7).\n<\/p>\n<p class=\"paragraph article__item\">Mit der Niederlage b\u00fc\u00dfen die Sachsen ihren zweiten Platz in der Bundesligatabelle<br \/>\nein. Sie sind nunmehr auf Rang vier hinter den punktgleichen<br \/>\nRheinl\u00e4ndern.\n<\/p>\n<p>        VfL Wolfsburg \u2013 SC Freiburg 3:4 (1:1)        <\/p>\n<p class=\"paragraph article__item\">In einem <a href=\"https:\/\/www.zeit.de\/sport\/2025-12\/fussball-krisenzeiten-hoffnung-ritual-gemeinschaft\" class=\"\" target=\"_blank\" rel=\"nofollow noopener\">turbulenten Spiel<\/a> hat der VfL Wolfsburg gegen den <a class=\"rtr-entity\" href=\"https:\/\/www.zeit.de\/thema\/sc-freiburg\" rel=\"nofollow noopener\" target=\"_blank\">SC Freiburg<\/a> 3:4 verloren und den dritten Sieg in Serie verpasst.\u00a0<br \/>Philipp Treu (5.), Vincenzo Grifo (56.\/Foulelfmeter) und Derry<br \/>\nScherhant (78.) trafen f\u00fcr die G\u00e4ste, hinzu kam ein Eigentor von<br \/>\nJenson Seelt (71.). D\u017eenan Pej\u010dinovi\u0107 (13., 49. und 69.) machte f\u00fcr die<br \/>\nWolfsburger seine ersten drei Bundesligatreffer.\u00a0\n<\/p>\n<p class=\"paragraph article__item\">Nach den fr\u00fchen Treffern in der ersten Halbzeit pl\u00e4tscherte das Geschehen bis zur Pause \u2013 abgesehen von einem Pfostenschuss von Freiburgs Yuito Suzuki (27.) \u2013 dahin. Doch nach dem Seitenwechsel wurde es turbulent, die Partie wog hin und her, ehe Scherhant den Freiburger Sieg sicherte. <a class=\"rtr-entity\" href=\"https:\/\/www.zeit.de\/thema\/wolfsburg\" rel=\"nofollow noopener\" target=\"_blank\">Wolfsburg<\/a> kommt somit weiterhin nicht aus dem unteren Tabellendrittel heraus. Die Freiburger liegen nach dem Ausw\u00e4rtssieg im Mittelfeld der Tabelle.\n<\/p>\n<p>                            \u00a9\u00a0unsplash.com<\/p>\n<p>\n                                        Newsletter<br \/>\n                                        Das tut mir gut \u2013 Der ZEIT-Gesundheitsnewsletter<\/p>\n<p class=\"newsletter-signup__text\">Einmal die Woche sammeln wir f\u00fcr Sie im ZEIT-Gesundheitsnewsletter die spannendsten Texte zu allem, was guttut. Darunter Tipps aus Psychologie und Medizin, Sport und Ern\u00e4hrung.<\/p>\n<p class=\"newsletter-signup__datapolicy\" hidden=\"\">\n            Mit Ihrer Registrierung nehmen Sie die <a href=\"https:\/\/datenschutz.zeit.de\/zon#Newsletter\" target=\"_blank\" rel=\"nofollow noopener\">Datenschutzerkl\u00e4rung<\/a><br \/>\n     zur Kenntnis.\n        <\/p>\n<p>    Vielen Dank! Wir haben Ihnen eine E-Mail geschickt.<\/p>\n<p>Pr\u00fcfen Sie Ihr Postfach und best\u00e4tigen Sie das Newsletter-Abonnement.<\/p>\n<p class=\"paragraph article__item\">Gut eine Stunde vor Spielbeginn hatten die Wolfsburger zudem personelle Neuigkeiten bekannt gegeben: Daniel Bauer werde <a href=\"https:\/\/www.zeit.de\/sport\/2025-12\/vfl-wolfsburg-daniel-bauer-cheftrainer\" class=\"\" target=\"_blank\" rel=\"nofollow noopener\">vom Interims- zum Cheftrainer aufsteigen<\/a> und erhalte einen Vertrag bis zum 30. Juni 2027, <a href=\"https:\/\/www.vfl-wolfsburg.de\/newsdetails\/news-detail\/detail\/news\/daniel-bauer-bleibt-cheftrainer\" class=\"\" target=\"_blank\" rel=\"nofollow noopener\">hie\u00df<\/a> es in einer Mitteilung des Vereins.\u00a0Der bisherige U19-Coach hatte das Bundesligateam Mitte November \u00fcbernommen.\n<\/p>\n<p>        Hamburger SV \u2013 Eintracht Frankfurt 1:1 (1:1)        <\/p>\n<p class=\"paragraph article__item\">Der <a class=\"rtr-entity\" href=\"https:\/\/www.zeit.de\/thema\/hamburger-sv\" rel=\"nofollow noopener\" target=\"_blank\">HSV<\/a> und Eintracht Frankfurt haben sich unentschieden getrennt. Albert Sambi Lokonga (19.) hatte die Hamburger Fans auf den dritten Heimsieg in Serie hoffen lassen,\u00a0Hugo Larsson (26.) glich bereits kurz darauf f\u00fcr die Frankfurter aus. Die Eintracht muss sich im n\u00e4chsten Jahr aber steigern, wenn erneut die Champions-League-Qualifikation gelingen soll.\n<\/p>\n<p class=\"paragraph article__item\">Ein schwerer Zusammenprall zwischen Frankfurts Rasmus Kristensen und Hamburgs Miro Muheim Mitte der zweiten H\u00e4lfte sorgte f\u00fcr bange Sekunden im Hamburger Volksparkstadion. HSV-Verteidiger\u00a0Luka Vu\u0161kovi\u0107\u00a0half dem benommen am Boden liegenden Kristensen. Beide Profis standen danach wieder auf.\n<\/p>\n<p class=\"paragraph article__item\">Aufseiten der Hamburger fehlten einige Stammkr\u00e4fte, darunter der erneut verletzte Kapit\u00e4n Yussuf Poulsen und Fl\u00fcgelspieler Jean-Luc Domp\u00e9, Jordan Torunarigha musste kurzfristig wegen einer Knieprellung passen. Bei der Eintracht kehrte hingegen der\u00a0unter der Woche angeschlagene Kapit\u00e4n Robin Koch in die Startelf zur\u00fcck.\n<\/p>\n<p>        VfB Stuttgart \u2013 TSG 1899 Hoffenheim 0:0        <\/p>\n<p class=\"paragraph article__item\">Der <a class=\"rtr-entity\" href=\"https:\/\/www.zeit.de\/thema\/vfb-stuttgart\" rel=\"nofollow noopener\" target=\"_blank\">VfB Stuttgart<\/a> hat im knappen Kampf um den Champions-League-Einzug den erhofften Sieg verpasst. Die Schwaben kamen im Duell gegen die TSG Hoffenheim nur zu einem 0:0 und verfehlten damit das Ziel, noch vor der kurzen Winterpause am direkten Konkurrenten vorbeizuziehen. Beide Teams bleiben im neuen Jahr aber im Rennen um einen Platz in der K\u00f6nigsklasse.\n<\/p>\n<p class=\"paragraph article__item\">Vor 59.000 Zuschauern in der MHPArena entwickelte sich zun\u00e4chst eine ausgeglichene, aber chancenarme erste Halbzeit. Erst wenige Minuten vor dem Pausenpfiff war Hoffenheims Torwart\u00a0Oliver\u00a0Baumann erstmals richtig gefordert. Eine Flanke von Jamie Leweling verl\u00e4ngerte Nikolas Nartey auf Tiago Tom\u00e1s, doch Baumann parierte.\u00a0Fouls unterbrachen h\u00e4ufig den Spielfluss, in der Abwehr agierten zudem beide Landesrivalen aufmerksam.\n<\/p>\n<p class=\"paragraph article__item\">Auch nach dem Seitenwechsel spielte sich das Geschehen zun\u00e4chst nur zwischen den Strafr\u00e4umen ab. Erst nach einer knappen Stunde musste VfB-Keeper Alexander N\u00fcbel eingreifen, der Abschluss von Albian Hajdari stellte ihn aber nicht vor Probleme. Mitte der zweiten H\u00e4lfte erh\u00f6hte der VfB den Druck und dr\u00e4ngte zunehmend auf die F\u00fchrung. Doch trotz einiger Chancen der Gastgeber rettete Hoffenheim das Remis.\n<\/p>\n<p>        1. FC K\u00f6ln \u2013 1. FC Union Berlin 0:1 (0:0)        <\/p>\n<p class=\"paragraph article__item\"><a class=\"rtr-entity\" href=\"https:\/\/www.zeit.de\/thema\/1-fc-union-berlin\" rel=\"nofollow noopener\" target=\"_blank\">Union Berlin<\/a> hat die Negativserie des 1. FC K\u00f6ln weiter versch\u00e4rft. In einem \u00fcber weite Strecken schwachen Spiel siegten die Berliner und ihr Trainer Steffen Baumgart mit 1:0.\u00a0Der kurz zuvor eingewechselte Andr\u00e1s Sch\u00e4fer (90.+1) erzielte den<br \/>\nTreffer f\u00fcr die Berliner, die nach der Roten Karte gegen Rav van den<br \/>\nBerg (83.) die letzten Minuten in \u00dcberzahl spielten. K\u00f6ln wartet seit nunmehr sechs Spielen auf einen Erfolg, Union dagegen setzt sich in der oberen Tabellenh\u00e4lfte fest.\n<\/p>\n<p class=\"paragraph article__item\">Chancen wie die von Jakub\u00a0Kami\u0144ski\u00a0(6.\/23.\/25.) f\u00fcr den FC und Unions\u00a0Jeong Woo Yeong (12.) hatten \u00fcber weite Strecken der Partien Seltenheitswert. Beiden Teams fehlte es an Ideen. Turbulent wurde es in K\u00f6ln erst in den Schlussminuten. Van den Berg sah Rot, weil er als letzter Mann regelwidrig per Hand gekl\u00e4rt hatte. Nach Handspielen von Jakub Kami\u0144ski und Eric Martel forderte Union jeweils vergeblich einen Elfmeter, ehe Sch\u00e4fer schlie\u00dflich traf.\n<\/p>\n<p class=\"paragraph article__item\">F\u00fcr Aufsehen sorgten zudem zwei Sanit\u00e4tseins\u00e4tze in den Zuschauerr\u00e4ngen. Beide Patienten konnten allerdings stabilisiert und bei Bewusstsein ins Krankenhaus transportiert werden, teilte der FC mit.\n<\/p>\n<p>        FC Augsburg \u2013 SV Werder Bremen 0:0        <\/p>\n<p class=\"paragraph article__item\">Zum Abschluss der Zeit von Manuel Baum als Interimstrainer hat der FC Augsburg einen zweiten Sieg unter seiner F\u00fchrung verpasst. Gegen Werder Bremen reichte es f\u00fcr die Schwaben nur zu einem 0:0, in den drei Spielen nach der Trennung von Sandro Wagner kamen sie damit zu vier Punkten.\u00a0Mit Gl\u00fcck wahrten die Bremer (17 Punkte) so ihren Vorsprung auf den FCA (14).\n<\/p>\n<p class=\"paragraph article__item\">In der langen Nachspielzeit k\u00f6pfte der eingewechselte Augsburger St\u00fcrmer Phillip Tietz an die Latte. Davor war ein Tor von Alexis Claude-Maurice nach VAR-\u00dcberpr\u00fcfung wegen eines vermeintlichen Foulspiels in der Entstehung nicht anerkannt worden (80.). Und ein Schuss des eingewechselten Elvis Rexhbecaj traf nur den Pfosten (76.).\n<\/p>\n<p class=\"paragraph article__item\">Nach der Winterpause soll Baum von einem neuen Cheftrainer abgel\u00f6st werden. Erwartet wird, dass in Augsburg der dauerhafte Nachfolger f\u00fcr den schnell gescheiterten Trainer Sandro Wagner zeitnah verk\u00fcndet wird. Baum soll \u2013 wie geplant \u2013 beim FCA wieder auf seinen Posten als Leiter f\u00fcr Entwicklung und Fu\u00dfballinnovation zur\u00fcckkehren.\n<\/p>\n<p class=\"paragraph article__item\">Hier k\u00f6nnen Sie unseren Artikel zum Spiel der Fu\u00dfballbundesliga vom Freitag <a href=\"https:\/\/www.zeit.de\/sport\/2025-12\/bundesliga-15-spieltag-freitag-dormund-moenchengladbach\" class=\"\" target=\"_blank\" rel=\"nofollow noopener\">lesen<\/a>.\n<\/p>\n<p>            Fu\u00dfball        <\/p>\n<p>Mehr zum Thema<\/p>\n<p>                <a href=\"https:\/\/www.zeit.de\/sport\/2025-12\/fussball-krisenzeiten-hoffnung-ritual-gemeinschaft\" data-ct-label=\"Fu\u00dfball in Krisenzeiten: 90 Minuten s\u00fc\u00dfes Vergessen, Urlaub von der Welt\" rel=\"nofollow noopener\" target=\"_blank\"><\/p>\n<p>                        Fu\u00dfball in Krisenzeiten:<br \/>\n                        90 Minuten s\u00fc\u00dfes Vergessen, Urlaub von der Welt<\/p>\n<p>                <\/a><\/p>\n<p>                <a href=\"https:\/\/www.zeit.de\/2025\/53\/nick-woltemade-fussball-nationalspieler-vfb-stuttgart-newcastle-united\" data-ct-label=\"Nick Woltemade: Wie ist das, wenn man 70 Millionen wert ist, Nick Woltemade?\" rel=\"nofollow noopener\" target=\"_blank\"><\/p>\n<p>        Z+ (abopflichtiger Inhalt);<\/p>\n<p>    Nick Woltemade:<br \/>\n                        Wie ist das, wenn man 70 Millionen wert ist, Nick Woltemade?<\/p>\n<p>                <\/a><\/p>\n<p>                <a href=\"https:\/\/www.zeit.de\/sport\/2025-12\/wm-2026-usa-donald-trump-europaeische-union-fifa-gianni-infantino\" data-ct-label=\"WM 2026 in den USA: Aufm Platz sind wir Europ\u00e4er noch wer \" rel=\"nofollow noopener\" target=\"_blank\"><\/p>\n<p>                        WM 2026 in den USA:<br \/>\n                        Aufm Platz sind wir Europ\u00e4er noch wer <\/p>\n<p>                <\/a><\/p>\n","protected":false},"excerpt":{"rendered":"RB Leipzig \u2013 Bayer 04 Leverkusen 1:3 (1:2) Zum ersten Mal in der aktuellen Bundesligasaison hat RB Leipzig&hellip;\n","protected":false},"author":2,"featured_media":661131,"comment_status":"","ping_status":"","sticky":false,"template":"","format":"standard","meta":{"footnotes":""},"categories":[1825],"tags":[154363,680,296,299,40811,29,460,295,30,3150,92758,298,265,2915,931,605],"class_list":{"0":"post-661130","1":"post","2":"type-post","3":"status-publish","4":"format-standard","5":"has-post-thumbnail","7":"category-berlin","8":"tag-15-spieltag-samstag","9":"tag-augsburg","10":"tag-berlin","11":"tag-bundesliga","12":"tag-derry-scherhant","13":"tag-deutschland","14":"tag-eintracht-frankfurt","15":"tag-freiburg","16":"tag-germany","17":"tag-hamburger-sv","18":"tag-manuel-baum","19":"tag-sc-freiburg","20":"tag-sport","21":"tag-vfb-stuttgart","22":"tag-vfl-wolfsburg","23":"tag-wolfsburg"},"share_on_mastodon":{"url":"https:\/\/pubeurope.com\/@de\/115755359115487198","error":""},"_links":{"self":[{"href":"https:\/\/www.europesays.com\/de\/wp-json\/wp\/v2\/posts\/661130","targetHints":{"allow":["GET"]}}],"collection":[{"href":"https:\/\/www.europesays.com\/de\/wp-json\/wp\/v2\/posts"}],"about":[{"href":"https:\/\/www.europesays.com\/de\/wp-json\/wp\/v2\/types\/post"}],"author":[{"embeddable":true,"href":"https:\/\/www.europesays.com\/de\/wp-json\/wp\/v2\/users\/2"}],"replies":[{"embeddable":true,"href":"https:\/\/www.europesays.com\/de\/wp-json\/wp\/v2\/comments?post=661130"}],"version-history":[{"count":0,"href":"https:\/\/www.europesays.com\/de\/wp-json\/wp\/v2\/posts\/661130\/revisions"}],"wp:featuredmedia":[{"embeddable":true,"href":"https:\/\/www.europesays.com\/de\/wp-json\/wp\/v2\/media\/661131"}],"wp:attachment":[{"href":"https:\/\/www.europesays.com\/de\/wp-json\/wp\/v2\/media?parent=661130"}],"wp:term":[{"taxonomy":"category","embeddable":true,"href":"https:\/\/www.europesays.com\/de\/wp-json\/wp\/v2\/categories?post=661130"},{"taxonomy":"post_tag","embeddable":true,"href":"https:\/\/www.europesays.com\/de\/wp-json\/wp\/v2\/tags?post=661130"}],"curies":[{"name":"wp","href":"https:\/\/api.w.org\/{rel}","templated":true}]}}