{"id":661136,"date":"2025-12-21T03:11:18","date_gmt":"2025-12-21T03:11:18","guid":{"rendered":"https:\/\/www.europesays.com\/de\/661136\/"},"modified":"2025-12-21T03:11:18","modified_gmt":"2025-12-21T03:11:18","slug":"willkommen-im-dcu-lars-lars-eidinger-erhaelt-hollywood-rolle-als-superman-schurke","status":"publish","type":"post","link":"https:\/\/www.europesays.com\/de\/661136\/","title":{"rendered":"&#8222;Willkommen im DCU, Lars&#8220;: Lars Eidinger erh\u00e4lt Hollywood-Rolle als &#8222;Superman&#8220;-Schurke"},"content":{"rendered":"<p>&#8222;Willkommen im DCU, Lars&#8220;Lars Eidinger erh\u00e4lt Hollywood-Rolle als &#8222;Superman&#8220;-Schurke<\/p>\n<p>20.12.2025, 21:15 Uhr <\/p>\n<p>Artikel anh\u00f6ren(02:41 min)<\/p>\n<p><img decoding=\"async\" class=\"Image_img__fQCi0 Image_Img_16_9__4BLfH widget-picture-inline_maximizable__t_E7h\" loading=\"eager\" fetchpriority=\"high\" src=\"https:\/\/www.europesays.com\/de\/wp-content\/uploads\/2025\/12\/Lars-Eidinger-Schauspieler-steht-bei-der-Berlinale-vor-der-Premiere-des-Films-Leibniz-Chronik-eines-.webp\" alt=\"Lars-Eidinger-Schauspieler-steht-bei-der-Berlinale-vor-der-Premiere-des-Films-Leibniz-Chronik-eines-verschollenen-Bildes-im-Haus-der-Berliner-Festspiele-Der-Film-laeuft-in-der-Berlinale-Special-Gala-Die-75-Internationalen-Filmfestspiele-Berlin-finden-vom-13-bis-23-Februar-2025-statt\"\/>Kann Lars Eidinger es mit dem Mann aus Stahl aufnehmen? (Foto: picture alliance\/dpa)TeilenFolgen auf:<a href=\"https:\/\/www.whatsapp.com\/channel\/0029Va5cdVJD8SDp5YZgYF01\" title=\"Auf WhatsApp folgen\" target=\"_blank\" rel=\"noopener\"><img decoding=\"async\" src=\"https:\/\/www.n-tv.de\/socialIcons\/whatsapp.svg\" alt=\"whatsapp\" class=\"ArticleShare_icon__FsrC2\"\/><\/a><a href=\"https:\/\/news.google.com\/publications\/CAAiEPMdif5mpRNxiLOeUpHCwwsqFAgKIhDzHYn-ZqUTcYiznlKRwsML?hl=de&amp;gl=DE&amp;ceid=DE%3Ade\" title=\"Auf Google News folgen\" target=\"_blank\" rel=\"noopener\"><img decoding=\"async\" src=\"https:\/\/www.n-tv.de\/socialIcons\/google.svg\" alt=\"whatsapp\" class=\"ArticleShare_icon__FsrC2\"\/><\/a><\/p>\n<p class=\"Typography_text-m__XI0da Typography_weight-bold__uT6mq storyline_lead_text_leadtext__q_wg8\">Lars Eidinger macht sich als erfolgreicher Charakterschauspieler einen Namen. Ob ihm das als Gegenspieler von Superman hilft? Der Berliner Schauspieler soll in der Hollywood-Fortsetzung &#8222;Man of Tomorrow&#8220; den B\u00f6sewicht Brainiac spielen. Die Fans brauchen aber Geduld.<\/p>\n<p class=\"Typography_text-default__P3otY Typography_weight-normal__pqUbH storyline_paragraph_p__qSR5N\">Der Berliner Schauspieler Lars Eidinger schl\u00fcpft ins Schurken-Kost\u00fcm und bekommt in Hollywood eine gro\u00dfe Rolle im neuen &#8222;Superman&#8220;-Film. &#8222;In unserer weltweiten Suche f\u00fcr &#8218;Brainiac&#8216; in &#8222;Man of Tomorrow&#8220; hat es Lars Eidinger an die Spitze geschafft&#8220;, <a class=\"inline_link\" href=\"https:\/\/www.instagram.com\/p\/DSffVWjgIBb\/?img_index=1\" target=\"_blank\" rel=\"noopener\">schreibt<\/a> Regisseur James Gunn auf Instagram. Er erg\u00e4nzte: &#8222;Willkommen im DCU, Lars&#8220; &#8211; mit Blick auf das &#8222;DC Universum&#8220;, zu deren Figurenwelt Superman geh\u00f6rt.<\/p>\n<p class=\"Typography_text-default__P3otY Typography_weight-normal__pqUbH storyline_paragraph_p__qSR5N\">Im vergangenen Sommer war Gunn mit dem Neustart der &#8222;Superman&#8220;-Filme mit David Corenswet in der Titelrolle ein globaler Hit gelungen. Eidinger wird als B\u00f6sewicht auf Nicholas Hoult folgen, der in dem Film den bekanntesten Gegenspieler des ber\u00fchmten Superhelden spielte: Lex Luthor. Gunn hatte im Sp\u00e4tsommer verk\u00fcndet, dass &#8222;Superman: Man of Tomorrow&#8220; am 9. Juli 2027 in die US-Kinos kommen soll.<\/p>\n<p class=\"Typography_text-default__P3otY Typography_weight-normal__pqUbH storyline_paragraph_p__qSR5N\">Brainiac wird laut Wikipedia im Superman-Comics gemeinhin als superintelligenter Androide oder Cyborg vom Planeten Colu dargestellt. Der Au\u00dferirdische ist davon, alles Wissen im bekannten Universum zu sammeln. Er reist durch die Galaxie und schrumpft St\u00e4dte auf Flaschengr\u00f6\u00dfe, um sie auf seinem sch\u00e4delf\u00f6rmigen Raumschiff zu konservieren. Anschlie\u00dfend zerst\u00f6rt er ihre Ursprungsplaneten, da er glaubt, dass das von ihm erworbene Wissen am wertvollsten ist, wenn nur er allein dar\u00fcber verf\u00fcgt. <\/p>\n<p class=\"Typography_text-default__P3otY Typography_weight-normal__pqUbH storyline_paragraph_p__qSR5N\">F\u00fcr Eidinger ist es nicht die erste internationale Rolle. Er hatte zuletzt im gerade erschienenen Drama &#8222;Jay Kelly&#8220; an der Seite von George Clooney einen kleineren Auftritt. In Deutschland hatte der 49-J\u00e4hrige sp\u00e4testens mit seiner Rolle in &#8222;Alle anderen&#8220; von Maren Ade den Durchbruch und gilt seit Jahren als einer der vielf\u00e4ltigsten Charakterdarsteller seiner Generation. Neben Preisen f\u00fcr seine Theaterarbeit war Eidinger auch in Filmen und Serien wie &#8222;25 Km\/h&#8220;, &#8222;Babylon Berlin&#8220; oder dem &#8222;Tatort&#8220; zu sehen.<\/p>\n<p class=\"Typography_text-s__wu_cm Typography_weight-normal__pqUbH Typography_color-darkgrey__sZEnP article-detail-footer_source__KslPc\">Quelle: ntv.de, chr\/dpa<\/p>\n<p><script async src=\"\/\/www.instagram.com\/embed.js\"><\/script><\/p>\n","protected":false},"excerpt":{"rendered":"&#8222;Willkommen im DCU, Lars&#8220;Lars Eidinger erh\u00e4lt Hollywood-Rolle als &#8222;Superman&#8220;-Schurke 20.12.2025, 21:15 Uhr Artikel anh\u00f6ren(02:41 min) Kann Lars Eidinger&hellip;\n","protected":false},"author":2,"featured_media":661137,"comment_status":"","ping_status":"","sticky":false,"template":"","format":"standard","meta":{"footnotes":""},"categories":[1776],"tags":[1801,47041,29,214,92,30,683,1802,3342,215],"class_list":{"0":"post-661136","1":"post","2":"type-post","3":"status-publish","4":"format-standard","5":"has-post-thumbnail","7":"category-prominente","8":"tag-celebrities","9":"tag-dc-comics","10":"tag-deutschland","11":"tag-entertainment","12":"tag-film","13":"tag-germany","14":"tag-hollywood","15":"tag-prominente","16":"tag-superhelden","17":"tag-unterhaltung"},"share_on_mastodon":{"url":"https:\/\/pubeurope.com\/@de\/115755371545440233","error":""},"_links":{"self":[{"href":"https:\/\/www.europesays.com\/de\/wp-json\/wp\/v2\/posts\/661136","targetHints":{"allow":["GET"]}}],"collection":[{"href":"https:\/\/www.europesays.com\/de\/wp-json\/wp\/v2\/posts"}],"about":[{"href":"https:\/\/www.europesays.com\/de\/wp-json\/wp\/v2\/types\/post"}],"author":[{"embeddable":true,"href":"https:\/\/www.europesays.com\/de\/wp-json\/wp\/v2\/users\/2"}],"replies":[{"embeddable":true,"href":"https:\/\/www.europesays.com\/de\/wp-json\/wp\/v2\/comments?post=661136"}],"version-history":[{"count":0,"href":"https:\/\/www.europesays.com\/de\/wp-json\/wp\/v2\/posts\/661136\/revisions"}],"wp:featuredmedia":[{"embeddable":true,"href":"https:\/\/www.europesays.com\/de\/wp-json\/wp\/v2\/media\/661137"}],"wp:attachment":[{"href":"https:\/\/www.europesays.com\/de\/wp-json\/wp\/v2\/media?parent=661136"}],"wp:term":[{"taxonomy":"category","embeddable":true,"href":"https:\/\/www.europesays.com\/de\/wp-json\/wp\/v2\/categories?post=661136"},{"taxonomy":"post_tag","embeddable":true,"href":"https:\/\/www.europesays.com\/de\/wp-json\/wp\/v2\/tags?post=661136"}],"curies":[{"name":"wp","href":"https:\/\/api.w.org\/{rel}","templated":true}]}}