{"id":661138,"date":"2025-12-21T03:12:34","date_gmt":"2025-12-21T03:12:34","guid":{"rendered":"https:\/\/www.europesays.com\/de\/661138\/"},"modified":"2025-12-21T03:12:34","modified_gmt":"2025-12-21T03:12:34","slug":"christa-fajen-malt-frankfurter-haeuser-als-einzigartige-portraits","status":"publish","type":"post","link":"https:\/\/www.europesays.com\/de\/661138\/","title":{"rendered":"Christa Fajen malt Frankfurter H\u00e4user als einzigartige Portraits"},"content":{"rendered":"<ol class=\"id-DonaldBreadcrumb lp_west_breadcrumb id-DonaldBreadcrumb--default\" data-k5a-pos=\"west_breadcrumb\">\n<li class=\"id-Breadcrumb-item\"><a href=\"https:\/\/www.fnp.de\/\" class=\"id-Breadcrumb-link\" data-id-ec=\"{\" shn=\"\" textlink=\"\" data-k5a-pos=\"1_startseite\" rel=\"nofollow noopener\" target=\"_blank\">Startseite<\/a><\/li>\n<li class=\"id-Breadcrumb-item\"><a href=\"https:\/\/www.fnp.de\/frankfurt\/\" class=\"id-Breadcrumb-link\" data-id-ec=\"{\" shn=\"\" textlink=\"\" data-k5a-pos=\"2_frankfurt\" rel=\"nofollow noopener\" target=\"_blank\">Frankfurt<\/a><\/li>\n<\/ol>\n<p class=\"id-Story-timestamp id-Story-timestamp--default\">Stand: 20.12.2025, 10:00 Uhr<\/p>\n<p class=\"id-Story-authors id-Story-authors--default\">Von: <a class=\"id-Story-authors-link lp_west_author\" href=\"https:\/\/www.fnp.de\/autor\/michelle-spillner-ab1gfbnx1.html\" title=\"Zur Autorenseite von Michelle Spillner\" data-id-ec=\"{\" shn=\"\" author-link=\"\" spillner=\"\" data-k5a-pos=\"west_author\" rel=\"nofollow noopener\" target=\"_blank\">Michelle Spillner<\/a><\/p>\n<p class=\"id-Story-interactionBar id-Story-interactionBar--default\">DruckenTeilen<\/p>\n<p><img decoding=\"async\" class=\"id-RatioPlaceholder-element wv_story_el_image\" src=\"https:\/\/www.europesays.com\/de\/wp-content\/uploads\/2025\/12\/40874807-christ-fajen-hat-das-haus-an-der-ecke-allerheiligenstrasse-battonstrasse-in-aquarell-gezeic.jpeg\" loading=\"eager\" fetchpriority=\"high\"   height=\"792\" width=\"1408\" alt=\"Christ Fajen hat das Haus an der Ecke Allerheiligenstra&#xDF;e\/Battonstra&#xDF;e in Aquarell gezeichnet. Es geh&#xF6;rt zu ihren zw&#xF6;lf Lieblingsmotiven, die sie in einem Mehrjahreskalender zusammengefasst hat. Foto: Michelle Spillner\"\/>Das Haus an der Ecke Allerheiligenstra\u00dfe\/Battonstra\u00dfe geh\u00f6rt zu Christa Fajens Lieblingsmotiven, die sie in einem Mehrjahreskalender zusammengefasst hat. \u00a9\u00a0Michelle Spillner<\/p>\n<p class=\"id-StoryElement-leadText\">Die K\u00fcnstlerin hat bereits 72 Frankfurter H\u00e4user in Aquarell gemalt. Ihre zw\u00f6lf Lieblingsmotive zeigt sie jetzt in einem Kalender.<\/p>\n<p class=\"id-StoryElement-paragraph\">Das Haus hat ein Gesicht. Es scheint einen aus den beiden gro\u00dfen Fenstern auf halber H\u00f6he anzuschauen, ein wenig zerknautscht, aber bereit, im n\u00e4chsten Moment mit gro\u00dfen Schritten auf einen zuzugehen \u2013 vielleicht, um sich aus den vielen Neubauten um sich herum herauszul\u00f6sen. Der historische Bau an der Ecke Allerheiligenstra\u00dfe\/Battonstra\u00dfe ist eines von 100 architektonischen Schmuckst\u00fccken in Frankfurt, denen Christan Fajen das Projekt \u201e100 H\u00e4user\u201c widmet.<\/p>\n<p><img decoding=\"async\" class=\"id-RatioPlaceholder-element wv_story_el_image\" src=\"https:\/\/www.europesays.com\/de\/wp-content\/uploads\/2025\/12\/40874806-das-maurische-haus-ziert-das-deckblatt-der-sonderedition-des-mehrjahreskalenders-100-haeuse.jpeg\" loading=\"lazy\"   height=\"619\" width=\"1100\" alt=\"Das Maurische Haus ziert das Deckblatt der Sonderedition des Mehrjahreskalenders &#x201E;100 H&#xE4;user&#x201C; im Format 30 mal 30 Zentimeter.\"\/>Das Maurische Haus ziert das Deckblatt. \u00a9\u00a0Michelle Spillner<\/p>\n<p class=\"id-StoryElement-paragraph\">Insgesamt hat Christa Fajen bereits 72 Geb\u00e4ude in Aquarell gemalt. 28 Frankfurter Bauwerke fehlen also noch zur Vollendung ihres Projektes \u201e100 H\u00e4user\u201c, das sie vor gut f\u00fcnf Jahren begonnen hat. Ihre zw\u00f6lf Lieblingsmotive hat sie nun in einer Sonderedition ihrer Mehrjahreskalender zusammengefasst, darunter der Hautbahnhof, das futuristisch anmutende \u201eMy Zeil\u201c, das Gerichtsgeb\u00e4ude, das Schauspielhaus oder auch ein altes Geb\u00e4ue am Ostbahnhof, das l\u00e4ngst der Abrissbirne zum Opfer gefallen ist. So entsteht nach und nach ein zeichnerischer Spaziergang durch die Stadt.<\/p>\n<p>Auf das Wesentliche reduziert<\/p>\n<p class=\"id-StoryElement-paragraph\">Christa Fajen ist eine K\u00fcnstlerin, studierte visuelle Kommunikation in Pforzheim, beherrscht das Urban Sketching und das Graphic Recording. Sketching bezeichnet das freih\u00e4ndige Skizzieren von dem, was man sieht \u2013 Dinge wie Ereignisse. Graphic Recording ist die Live-Skizzierung eines Geschehens, einer Veranstaltung beispielsweise, wobei die Zeichnerin auf die wesentlichen Inhalte reduziert. Dem Betrachter hilft das Klarheit zu bekommen. Christa Fajen hat auf diese Wiese bereits Konferenzen simultan dokumentiert, Events abgebildet oder auch eine Hochzeitszeremonie in einer Kirche zeichnerisch festgehalten. Simultan \u2013 also parallel w\u00e4hrend des Geschehens, \u201ewie bei einem Simultan-Dolmetscher\u201c, erkl\u00e4rt sie. Kaum hatte das Brutpaar \u201eJa\u201c gesagt, konnte sie ihm vor der Kirche eine kunstvolle Zeichnung ihrer Trauung \u00fcberreichen, die zu Tr\u00e4nen r\u00fchrte \u2013 als Geschenk von Freunden.<\/p>\n<p class=\"id-StoryElement-paragraph\">Das Interesse an H\u00e4user erwuchs in ihr, als sie ihr Haus umbaute. \u201eIch habe einen anderen Blick entwickelt\u201c, schildert sie. Und dann habe sie beim Radeln durch die Stadt Geb\u00e4ude wahrgenommen, ihre Besonderheiten, ihren Ausdruck, die ihr zuvor nicht aufgefallen seien. Es reizte sie, das, was sie wahrnahm, auf Aquarellpapier zu bringen. <\/p>\n<p class=\"id-StoryElement-paragraph\">Ihre Zeichnungen bilden die Geb\u00e4ude nicht eins zu eins in ihrer Architektur korrekt ab. Christa Fajen filtert das heraus, was das Geb\u00e4ude schnell erfassbar macht. Den Betrachtern der Bilder f\u00e4llt das nicht auf, \u201edas menschliche Auge erg\u00e4nzt\u201c, so Fajen. Auch isoliert sie die H\u00e4user bewusst von ihrem Umfeld, stellt sie frei, um ihnen eine gr\u00f6\u00dfere Wirkung zu verleihen. So sieht man die H\u00e4user anders. Das Weglassen st\u00e4rkt das Individuum. \u201eIch versuche den Charakter des Hauses darzustellen\u201c, beschreibt sie. So entstehen Portraits, die den Bauten eine ganz andere Wertigkeit verleihen. <\/p>\n<p class=\"id-StoryElement-paragraph\">Gezeichnet habe sie schon immer, sagt die 56-J\u00e4hrige. Das, was sie zeichnet, m\u00fcsse sie interessieren. \u201eBei den H\u00e4usern ist es wie bei Portraits, ich schaue danach, ob die Geb\u00e4ude ein gewisses Eigenleben haben, eine Eigenart, ein Statement, bei dem man sich fragt: Wie ist das zustande gekommen?\u201c Und: \u201eIch m\u00f6chte die Welt zeichnerisch erforschen. Zeichnen ist auch ein bisschen, mir selbst die Welt zu erkl\u00e4ren\u201c, beschreibt sie.<\/p>\n<p>Ausstellung im Kaufhaus-Hessen<\/p>\n<p class=\"id-StoryElement-paragraph\">Mehrere Ausstellungen hatte sie bereits. Im Kaufhaus Hessen sind aktuell ihre gro\u00dfformatigen Drucke (120 mal 80 Millimeter) zu sehen und k\u00e4uflich zu erwerben. Die St\u00fcckzahl ist limitiert auf 100 je Motiv. Jeder Druck ist signiert. Dort gibt es auch den neuen Kalender zum Preis von 25 Euro zu kaufen.<\/p>\n<p><img decoding=\"async\" class=\"id-RatioPlaceholder-element wv_story_el_image\" src=\"https:\/\/www.europesays.com\/de\/wp-content\/uploads\/2025\/12\/40874822-auch-architektur-unserer-zeit-ist-im-mehrjahreskalender-zu-sehen-wie-das-futuristisch-anmut.jpeg\" loading=\"lazy\"   height=\"619\" width=\"1100\" alt=\"Auch Architektur unserer Zeit ist im Mehrjahreskalender zu sehen, wie das futuristisch anmutende Geb&#xE4;ude &#x201E;My Zeil&#x201C;.\"\/>Auch moderne Architektur ist im Mehrjahreskalender zu sehen, wie das futuristisch anmutende Geb\u00e4ude \u201eMy Zeil\u201c. \u00a9\u00a0Michelle Spillner<\/p>\n<p class=\"id-StoryElement-paragraph\">Als n\u00e4chstes m\u00f6chte sie sich das Tibethaus vornehmen. An Motiven fehlt es wahrlich nicht. Die Stadt ist voll davon. Dazu kommt, dass Christa Fajen auf ihrer Homepage (www.100haueserfrankfurt.de) auffordert, H\u00e4user vorzuschlagen. Da gibt es schon weit mehr als 100 weitere Anregungen vom Opernturm bis zum Saalbau im Gallus. Vielleicht wird aus dem Projekt \u201e100 H\u00e4user\u201c ja dann doch noch \u201e200 H\u00e4user\u201c oder 300 oder 400\u2026?<\/p>\n","protected":false},"excerpt":{"rendered":"Startseite Frankfurt Stand: 20.12.2025, 10:00 Uhr Von: Michelle Spillner DruckenTeilen Das Haus an der Ecke Allerheiligenstra\u00dfe\/Battonstra\u00dfe geh\u00f6rt zu&hellip;\n","protected":false},"author":2,"featured_media":661139,"comment_status":"","ping_status":"","sticky":false,"template":"","format":"standard","meta":{"footnotes":""},"categories":[1775],"tags":[1793,29,214,30,1794,215],"class_list":{"0":"post-661138","1":"post","2":"type-post","3":"status-publish","4":"format-standard","5":"has-post-thumbnail","7":"category-kunst-und-design","8":"tag-art-and-design","9":"tag-deutschland","10":"tag-entertainment","11":"tag-germany","12":"tag-kunst-und-design","13":"tag-unterhaltung"},"share_on_mastodon":{"url":"https:\/\/pubeurope.com\/@de\/115755374795983301","error":""},"_links":{"self":[{"href":"https:\/\/www.europesays.com\/de\/wp-json\/wp\/v2\/posts\/661138","targetHints":{"allow":["GET"]}}],"collection":[{"href":"https:\/\/www.europesays.com\/de\/wp-json\/wp\/v2\/posts"}],"about":[{"href":"https:\/\/www.europesays.com\/de\/wp-json\/wp\/v2\/types\/post"}],"author":[{"embeddable":true,"href":"https:\/\/www.europesays.com\/de\/wp-json\/wp\/v2\/users\/2"}],"replies":[{"embeddable":true,"href":"https:\/\/www.europesays.com\/de\/wp-json\/wp\/v2\/comments?post=661138"}],"version-history":[{"count":0,"href":"https:\/\/www.europesays.com\/de\/wp-json\/wp\/v2\/posts\/661138\/revisions"}],"wp:featuredmedia":[{"embeddable":true,"href":"https:\/\/www.europesays.com\/de\/wp-json\/wp\/v2\/media\/661139"}],"wp:attachment":[{"href":"https:\/\/www.europesays.com\/de\/wp-json\/wp\/v2\/media?parent=661138"}],"wp:term":[{"taxonomy":"category","embeddable":true,"href":"https:\/\/www.europesays.com\/de\/wp-json\/wp\/v2\/categories?post=661138"},{"taxonomy":"post_tag","embeddable":true,"href":"https:\/\/www.europesays.com\/de\/wp-json\/wp\/v2\/tags?post=661138"}],"curies":[{"name":"wp","href":"https:\/\/api.w.org\/{rel}","templated":true}]}}