{"id":661142,"date":"2025-12-21T03:15:27","date_gmt":"2025-12-21T03:15:27","guid":{"rendered":"https:\/\/www.europesays.com\/de\/661142\/"},"modified":"2025-12-21T03:15:27","modified_gmt":"2025-12-21T03:15:27","slug":"rapper-kollegah-veroeffentlicht-album-unter-buergerlichem-namen","status":"publish","type":"post","link":"https:\/\/www.europesays.com\/de\/661142\/","title":{"rendered":"Rapper Kollegah ver\u00f6ffentlicht Album unter b\u00fcrgerlichem Namen"},"content":{"rendered":"<p class=\"text_ohne_einzug richtext text-em-55 !leading-serif mx-6 desktop:mx-0\"><a href=\"https:\/\/rp-online.de\/thema\/friedrich-merz\/\" rel=\"nofollow noopener\" target=\"_blank\">Friedrich Merz<\/a> aufgepasst! Vielleicht weitreichender noch: Deutschland aufgepasst! Weil es seit Kurzem nicht nur einen Mann gibt, der in seinem neuen Song Kanzler-Ambitionen zu hegen scheint, sondern dabei das ganze Land im Blick hat und es so gerne zu neuem und korrekterweise wohl altem Glanz f\u00fchren m\u00f6chte. Felix Blume ist sein aktueller und irgendwie romantisch klingender Name. Sein 2024 abgelegter K\u00fcnstlername Kollegah sorgte jedenfalls f\u00fcr mehr Aufmerksamkeit und gr\u00f6\u00dfere Emp\u00f6rung mit Versen, in denen er sich r\u00fchmt, dass sein \u201eK\u00f6rper definierter als Ausschwitzinsassen\u201c ist. Dennoch wurde dem D\u00fcsseldorfer Rapper 2018 der Echo-Musikpreis verliehen, worauf etliche andere Preistr\u00e4ger \u2013 unter ihnen Igor Levit \u2013 ihre Auszeichnung zur\u00fcckgaben und dem Echo-Preis damit sein Ende bescherten.<\/p>\n","protected":false},"excerpt":{"rendered":"Friedrich Merz aufgepasst! Vielleicht weitreichender noch: Deutschland aufgepasst! Weil es seit Kurzem nicht nur einen Mann gibt, der&hellip;\n","protected":false},"author":2,"featured_media":661143,"comment_status":"","ping_status":"","sticky":false,"template":"","format":"standard","meta":{"footnotes":""},"categories":[1772],"tags":[186,6363,29,214,30,50,1779,810,215],"class_list":{"0":"post-661142","1":"post","2":"type-post","3":"status-publish","4":"format-standard","5":"has-post-thumbnail","7":"category-musik","8":"tag-afd","9":"tag-album","10":"tag-deutschland","11":"tag-entertainment","12":"tag-germany","13":"tag-kanzler","14":"tag-music","15":"tag-musik","16":"tag-unterhaltung"},"share_on_mastodon":{"url":"https:\/\/pubeurope.com\/@de\/115755386563747782","error":""},"_links":{"self":[{"href":"https:\/\/www.europesays.com\/de\/wp-json\/wp\/v2\/posts\/661142","targetHints":{"allow":["GET"]}}],"collection":[{"href":"https:\/\/www.europesays.com\/de\/wp-json\/wp\/v2\/posts"}],"about":[{"href":"https:\/\/www.europesays.com\/de\/wp-json\/wp\/v2\/types\/post"}],"author":[{"embeddable":true,"href":"https:\/\/www.europesays.com\/de\/wp-json\/wp\/v2\/users\/2"}],"replies":[{"embeddable":true,"href":"https:\/\/www.europesays.com\/de\/wp-json\/wp\/v2\/comments?post=661142"}],"version-history":[{"count":0,"href":"https:\/\/www.europesays.com\/de\/wp-json\/wp\/v2\/posts\/661142\/revisions"}],"wp:featuredmedia":[{"embeddable":true,"href":"https:\/\/www.europesays.com\/de\/wp-json\/wp\/v2\/media\/661143"}],"wp:attachment":[{"href":"https:\/\/www.europesays.com\/de\/wp-json\/wp\/v2\/media?parent=661142"}],"wp:term":[{"taxonomy":"category","embeddable":true,"href":"https:\/\/www.europesays.com\/de\/wp-json\/wp\/v2\/categories?post=661142"},{"taxonomy":"post_tag","embeddable":true,"href":"https:\/\/www.europesays.com\/de\/wp-json\/wp\/v2\/tags?post=661142"}],"curies":[{"name":"wp","href":"https:\/\/api.w.org\/{rel}","templated":true}]}}