{"id":661148,"date":"2025-12-21T03:18:22","date_gmt":"2025-12-21T03:18:22","guid":{"rendered":"https:\/\/www.europesays.com\/de\/661148\/"},"modified":"2025-12-21T03:18:22","modified_gmt":"2025-12-21T03:18:22","slug":"preuss-meldet-sich-zurueck-27-fehlschuesse-rauben-deutschen-biathleten-alle-chancen","status":"publish","type":"post","link":"https:\/\/www.europesays.com\/de\/661148\/","title":{"rendered":"Preu\u00df meldet sich zur\u00fcck: 27 Fehlsch\u00fcsse rauben deutschen Biathleten alle Chancen"},"content":{"rendered":"<p>Preu\u00df meldet sich zur\u00fcck27 Fehlsch\u00fcsse rauben deutschen Biathleten alle Chancen<img decoding=\"async\" class=\"Image_img__fQCi0 Image_Img_16_9__4BLfH widget-picture-inline_maximizable__t_E7h\" loading=\"eager\" fetchpriority=\"high\" src=\"https:\/\/www.europesays.com\/de\/wp-content\/uploads\/2025\/12\/Philipp-NAWRATH-GER-SK-Nesselwang-Biathlon-Staffel-der-Maenner-IBU-Weltcup-Saison-2025-2026-am-14-12.webp\" alt=\"Philipp-NAWRATH-GER-SK-Nesselwang-Biathlon-Staffel-der-Maenner-IBU-Weltcup-Saison-2025-2026-am-14-12-2025-in-Hochfilzen-B-I-A-T-H-L-O-N-S-T-A-D-I-O-N-Oesterreich\"\/>Philipp Nawrath war als Zehnter bester Deutscher. (Foto: IMAGO\/Oryk HAIST)TeilenFolgen auf:<a href=\"https:\/\/www.whatsapp.com\/channel\/0029Va5cdVJD8SDp5YZgYF01\" title=\"Auf WhatsApp folgen\" target=\"_blank\" rel=\"noopener\"><img decoding=\"async\" src=\"https:\/\/www.n-tv.de\/socialIcons\/whatsapp.svg\" alt=\"whatsapp\" class=\"ArticleShare_icon__FsrC2\"\/><\/a><a href=\"https:\/\/news.google.com\/publications\/CAAiEPMdif5mpRNxiLOeUpHCwwsqFAgKIhDzHYn-ZqUTcYiznlKRwsML?hl=de&amp;gl=DE&amp;ceid=DE%3Ade\" title=\"Auf Google News folgen\" target=\"_blank\" rel=\"noopener\"><img decoding=\"async\" src=\"https:\/\/www.n-tv.de\/socialIcons\/google.svg\" alt=\"whatsapp\" class=\"ArticleShare_icon__FsrC2\"\/><\/a><\/p>\n<p class=\"Typography_text-m__XI0da Typography_weight-bold__uT6mq storyline_lead_text_leadtext__q_wg8\">Franziska Preu\u00df macht es beim Biathlon-Weltcup deutlich besser als die deutschen M\u00e4nner: Sie trifft alle 20 Scheiben und ist nach der Verfolgung erst einmal zufrieden. Bei den DSV-Herren dagegen reiht sich ein Fehler an den anderen.<\/p>\n<p class=\"Typography_text-default__P3otY Typography_weight-normal__pqUbH storyline_paragraph_p__qSR5N\">Die deutschen Biathleten haben nach einem Schie\u00dfdebakel in der Verfolgung von Le Grand Bornand keine Rolle im Kampf um die Podestpl\u00e4tze gespielt. Als bester Athlet des Deutschen Skiverbands (DSV) erreichte Philipp Nawrath wie bereits im Sprint Platz zehn (3 Strafrunden\/+1:19,5 Minuten). Den Sieg sicherte sich der Gesamtweltcupf\u00fchrende Johan-Olav Botn (0) vor dem Franzosen Emilien Jacquelin (3\/+17,6 Sekunden), der im Zielsprint Botn norwegischen Landsmann Johannes Dale-Skjevdal (2\/+17,9) auf Platz drei verwies..<\/p>\n<p class=\"Typography_text-default__P3otY Typography_weight-normal__pqUbH storyline_paragraph_p__qSR5N\">Das DSV-Team leistete sich in Frankreich einmal mehr viel zu viele Fehler am Schie\u00dfstand. Justus Strelow fiel nach zwei Strafrunden von Platz 13 auf den 23. Rang zur\u00fcck (+2:06,8), Danilo Riethm\u00fcller als 32. (+2:54,4) und David Zobel als 34. (+3:06,1) trafen jeweils vier Scheiben nicht. Simon Kaiser (+4:01,7) lag nach sechs Strafrunden auf Rang 41, Philipp Horn mit indiskutablen acht Fehlern (4:42,3) nur auf Platz 51. Insgesamt kamen die sechs deutschen Biathleten somit auf 27 Fehlsch\u00fcsse.<\/p>\n<p class=\"Typography_text-default__P3otY Typography_weight-normal__pqUbH storyline_paragraph_p__qSR5N\">Zuvor hatte Franziska Preu\u00df in der Verfolgung der Biathletinnen mit Platz elf ihr bestes Saisonergebnis erreicht. Dadurch sicherte sie sich nicht nur einen Platz f\u00fcr den Massenstart am Sonntag (12.15 Uhr\/ZDF und Eurosport), sondern knackte im zweiten Rennen nach ihrer Krankheitspause auch die halbe Olympia-Norm. &#8222;Es ist okay f\u00fcr den aktuellen Stand, da muss aber schon noch mehr kommen&#8220;, sagte die Gesamtweltcupsiegerin: &#8222;Es ist definitiv nicht das Endergebnis, f\u00fcr das man das ganze Jahr trainiert.&#8220;<\/p>\n<p class=\"Typography_text-default__P3otY Typography_weight-normal__pqUbH storyline_paragraph_p__qSR5N\">Im zweiten Rennen nach ihrer Krankheitspause \u00fcberzeugte Preu\u00df vor allem am Schie\u00dfstand, leistete sich bei 20 Versuchen keinen Fehler. In der Loipe hatte sie dagegen aber mit gro\u00dfen Problemen zu k\u00e4mpfen &#8211; was aber nicht nur an ihrer derzeitigen k\u00f6rperlichen Verfassung lag. &#8222;Ich hatte nicht das beste Material an den F\u00fc\u00dfen, da war es schon schwierig, nach vorne zu kommen&#8220;, sagte die 31-J\u00e4hrige: &#8222;Ich habe es kontrolliert durchgebracht. Es war z\u00e4h, am Ende bin ich mit Rang elf aber zufrieden.&#8220;<\/p>\n<p class=\"Typography_text-default__P3otY Typography_weight-normal__pqUbH storyline_paragraph_p__qSR5N\">Beim \u00fcberlegenen Heimsieg der Franz\u00f6sin Lou Jeanmonnot (eine Strafrunde) belegte hinter Preu\u00df Anna Weidel nach einer Strafrunde den 14. Platz (1:18,2 Minuten). Janina Hettich-Walz verbesserte sich nach Rang 37 im Sprint auf den 18. Platz (2 Strafrunden\/+1:29,8), Vanessa Voigt erreichte Rang 20 (1\/+1:40,5). Julia Kink landete nach Problemen am Schie\u00dfstand auf dem 42. Platz (4\/+3:35,2).<\/p>\n<p class=\"Typography_text-s__wu_cm Typography_weight-normal__pqUbH Typography_color-darkgrey__sZEnP article-detail-footer_source__KslPc\">Quelle: ntv.de, tsi\/sid<\/p>\n","protected":false},"excerpt":{"rendered":"Preu\u00df meldet sich zur\u00fcck27 Fehlsch\u00fcsse rauben deutschen Biathleten alle ChancenPhilipp Nawrath war als Zehnter bester Deutscher. (Foto: IMAGO\/Oryk&hellip;\n","protected":false},"author":2,"featured_media":661149,"comment_status":"","ping_status":"","sticky":false,"template":"","format":"standard","meta":{"footnotes":""},"categories":[136],"tags":[862,29,30,265,864],"class_list":{"0":"post-661148","1":"post","2":"type-post","3":"status-publish","4":"format-standard","5":"has-post-thumbnail","7":"category-sport","8":"tag-biathlon","9":"tag-deutschland","10":"tag-germany","11":"tag-sport","12":"tag-wintersport"},"share_on_mastodon":{"url":"https:\/\/pubeurope.com\/@de\/115755399266127245","error":""},"_links":{"self":[{"href":"https:\/\/www.europesays.com\/de\/wp-json\/wp\/v2\/posts\/661148","targetHints":{"allow":["GET"]}}],"collection":[{"href":"https:\/\/www.europesays.com\/de\/wp-json\/wp\/v2\/posts"}],"about":[{"href":"https:\/\/www.europesays.com\/de\/wp-json\/wp\/v2\/types\/post"}],"author":[{"embeddable":true,"href":"https:\/\/www.europesays.com\/de\/wp-json\/wp\/v2\/users\/2"}],"replies":[{"embeddable":true,"href":"https:\/\/www.europesays.com\/de\/wp-json\/wp\/v2\/comments?post=661148"}],"version-history":[{"count":0,"href":"https:\/\/www.europesays.com\/de\/wp-json\/wp\/v2\/posts\/661148\/revisions"}],"wp:featuredmedia":[{"embeddable":true,"href":"https:\/\/www.europesays.com\/de\/wp-json\/wp\/v2\/media\/661149"}],"wp:attachment":[{"href":"https:\/\/www.europesays.com\/de\/wp-json\/wp\/v2\/media?parent=661148"}],"wp:term":[{"taxonomy":"category","embeddable":true,"href":"https:\/\/www.europesays.com\/de\/wp-json\/wp\/v2\/categories?post=661148"},{"taxonomy":"post_tag","embeddable":true,"href":"https:\/\/www.europesays.com\/de\/wp-json\/wp\/v2\/tags?post=661148"}],"curies":[{"name":"wp","href":"https:\/\/api.w.org\/{rel}","templated":true}]}}