{"id":661150,"date":"2025-12-21T03:19:13","date_gmt":"2025-12-21T03:19:13","guid":{"rendered":"https:\/\/www.europesays.com\/de\/661150\/"},"modified":"2025-12-21T03:19:13","modified_gmt":"2025-12-21T03:19:13","slug":"maite-kelly-sorgt-in-der-beatrice-egli-show-fuer-staunen","status":"publish","type":"post","link":"https:\/\/www.europesays.com\/de\/661150\/","title":{"rendered":"Maite Kelly sorgt in der &#8222;Beatrice Egli Show&#8220; f\u00fcr Staunen"},"content":{"rendered":"<p>                                                                        In &#8222;Beatrice Egli Show&#8220;: Maite Kellys Outfit sorgt f\u00fcr Gespr\u00e4chsstoff<\/p>\n<p>Die 46-J\u00e4hrige hatte sich f\u00fcr ein hochgeschlossenes Kleid in dunklem Braun entschieden. Dazu kombinierte <a href=\"https:\/\/www.tvspielfilm.de\/news\/stars\/das-macht-was-mit-dem-kopf-fuer-maite-kelly-ueber-schattenseiten-des-ruhms,13199092,ApplicationArticle.html\" target=\"_blank\" rel=\"noopener\">Maite Kelly, die k\u00fcrzlich \u00fcber die Schattenseiten ihres Ruhms sprach,<\/a> einen langen beigefarbenen Blazer und spitze Pumps in derselben Farbe.\u00a0<\/p>\n<p>Ihre blonden Haare fielen in gro\u00dfen Wellen \u00fcber die Schultern \u2013 ein eher zur\u00fcckhaltender Look, ganz anders als die gewohnten extravaganten Auftritte der S\u00e4ngerin.<\/p>\n<p>Viele Zuschauer zeigten sich entsprechend \u00fcberrascht. &#8222;Maite ist ja mal ganz normal angezogen&#8220;, staunte ein User auf der Plattform X. &#8222;So etwas Braves hatte ich nicht erwartet&#8220;, schrieb ein anderer. &#8222;Hat Maite Kelly etwa einen neuen Stylisten?&#8220;, wurde ebenfalls diskutiert.<\/p>\n","protected":false},"excerpt":{"rendered":"In &#8222;Beatrice Egli Show&#8220;: Maite Kellys Outfit sorgt f\u00fcr Gespr\u00e4chsstoff Die 46-J\u00e4hrige hatte sich f\u00fcr ein hochgeschlossenes Kleid&hellip;\n","protected":false},"author":2,"featured_media":661151,"comment_status":"","ping_status":"","sticky":false,"template":"","format":"standard","meta":{"footnotes":""},"categories":[155],"tags":[223,22791,29,214,30,13991,17698,215],"class_list":{"0":"post-661150","1":"post","2":"type-post","3":"status-publish","4":"format-standard","5":"has-post-thumbnail","7":"category-unterhaltung","8":"tag-ard","9":"tag-beatrice-egli-show","10":"tag-deutschland","11":"tag-entertainment","12":"tag-germany","13":"tag-maite-kelly","14":"tag-outfit","15":"tag-unterhaltung"},"share_on_mastodon":{"url":"https:\/\/pubeurope.com\/@de\/115755402291956540","error":""},"_links":{"self":[{"href":"https:\/\/www.europesays.com\/de\/wp-json\/wp\/v2\/posts\/661150","targetHints":{"allow":["GET"]}}],"collection":[{"href":"https:\/\/www.europesays.com\/de\/wp-json\/wp\/v2\/posts"}],"about":[{"href":"https:\/\/www.europesays.com\/de\/wp-json\/wp\/v2\/types\/post"}],"author":[{"embeddable":true,"href":"https:\/\/www.europesays.com\/de\/wp-json\/wp\/v2\/users\/2"}],"replies":[{"embeddable":true,"href":"https:\/\/www.europesays.com\/de\/wp-json\/wp\/v2\/comments?post=661150"}],"version-history":[{"count":0,"href":"https:\/\/www.europesays.com\/de\/wp-json\/wp\/v2\/posts\/661150\/revisions"}],"wp:featuredmedia":[{"embeddable":true,"href":"https:\/\/www.europesays.com\/de\/wp-json\/wp\/v2\/media\/661151"}],"wp:attachment":[{"href":"https:\/\/www.europesays.com\/de\/wp-json\/wp\/v2\/media?parent=661150"}],"wp:term":[{"taxonomy":"category","embeddable":true,"href":"https:\/\/www.europesays.com\/de\/wp-json\/wp\/v2\/categories?post=661150"},{"taxonomy":"post_tag","embeddable":true,"href":"https:\/\/www.europesays.com\/de\/wp-json\/wp\/v2\/tags?post=661150"}],"curies":[{"name":"wp","href":"https:\/\/api.w.org\/{rel}","templated":true}]}}