{"id":661154,"date":"2025-12-21T03:21:28","date_gmt":"2025-12-21T03:21:28","guid":{"rendered":"https:\/\/www.europesays.com\/de\/661154\/"},"modified":"2025-12-21T03:21:28","modified_gmt":"2025-12-21T03:21:28","slug":"dieser-lidl-in-neubrandenburg-soll-groesser-werden","status":"publish","type":"post","link":"https:\/\/www.europesays.com\/de\/661154\/","title":{"rendered":"Dieser Lidl in Neubrandenburg soll gr\u00f6\u00dfer werden"},"content":{"rendered":"<p class=\"paragraph tw-mx-auto tw-mb-6\">Fast genau auf den Tag zw\u00f6lf Jahre nach seiner Er\u00f6ffnung steht fest, dass der Neubrandenburger Lidl-Markt an der Demminer Stra\u00dfe im kommenden Jahr erweitert werden soll.\u00a0Das Baurecht f\u00fcr die Erweiterung ist mit einem Beschluss des entsprechenden Bebauungsplans in der <a data-li-document-ref=\"4164569\" href=\"https:\/\/www.nordkurier.de\/regional\/neubrandenburg\/karl-marx-wahlplakate-und-ddr-sportler-darum-geht-es-in-neubrandenburg-4164569\" rel=\"nofollow noopener\" target=\"_blank\">j\u00fcngsten Stadtvertretersitzung<\/a> geschaffen worden.<\/p>\n<p>Baustart im kommenden Jahr geplant<\/p>\n<p class=\"paragraph tw-mx-auto tw-mb-6\">\u201eDas ist der Startschuss f\u00fcr die Realisierung unseres Projekts\u201c, sagt dazu Reinhard T. Bauer, Immobilienleiter der Lidl Immobiliendienstleistung, \u201ejetzt k\u00f6nnen wir den Bauantrag stellen\u201c. Noch in diesem Jahr wolle man die Bauunterlagen einreichen, mit der Erteilung der Baugenehmigung rechnet Lidl im zweiten Quartal 2026. \u201eAnschlie\u00dfend k\u00f6nnen wir mit den Bauma\u00dfnahmen starten.\u201c<\/p>\n<p class=\"tw-text-neutral-10 tw-py-2 tw-border-t tw-mb-0 tw-text-title-md tw-font-medium tw-border-solid tw-border-b-neutral-10 tw-font-primary\">Empfohlene Artikel<\/p>\n<p class=\"paragraph tw-mx-auto tw-mb-6\">Geplant ist eine Erweiterung der Verkaufsfl\u00e4che von bisher 800 auf rund 1000 Quadratmeter. Bleiben sollen die schon im Markt integrierten Selbstbedienungskassen und auch die Parkplatzsituation. F\u00fcr die Umbauten ist laut Lidl eine Schlie\u00dfzeit von rund zwei Wochen eingeplant.<\/p>\n<p class=\"paragraph tw-mx-auto tw-mb-6\">Im n\u00e4heren Umkreis betreibt die Kette au\u00dferdem Filialen in der Oststadt (Kruseshofer Stra\u00dfe) sowie in Altentreptow und Burg Stargard. Ob die M\u00e4rkte demn\u00e4chst auch renoviert werden sollen, wollte Lidl nicht verraten.<\/p>\n<p><img decoding=\"async\" src=\"https:\/\/www.europesays.com\/de\/wp-content\/uploads\/2025\/12\/e640a477-205f-44e7-a4fd-d8f3c335ae11.jpg\" loading=\"lazy\" alt=\"Stephanie Anner (links) vom DRK-Kreisverband Neubrandenburg nimmt Geschenke f\u00fcr 45 Kinder von Lidl-Verkaufsleiterin Inna Geibel entgegen.\"\/><img decoding=\"async\" alt=\"Bild vergr\u00f6\u00dfern\" class=\"sm:tw-w-9 sm:tw-h-9\" src=\"https:\/\/www.nordkurier.de\/_next\/static\/media\/imageExpand.10dba927.svg\"\/><\/p>\n<p>Stephanie Anner (links) vom DRK-Kreisverband Neubrandenburg nimmt Geschenke f\u00fcr 45 Kinder von Lidl-Verkaufsleiterin Inna Geibel entgegen. (Foto: Lidl)<\/p>\n<p class=\"paragraph tw-mx-auto tw-mb-6\">Der Discounter hat unterdessen vor Weihnachten noch 45 Kinder aus der Region beschenkt. \u00dcber den DRK-Kreisverband Neubrandenburg sind bei der \u201eWunschbaumaktion\u201c von Lidl individuell verpackte Geschenke verteilt worden. \u201eUnsere Mitarbeiter machen diese Aktion jedes Jahr mit gro\u00dfer Begeisterung und viel Herzblut m\u00f6glich\u201c, sagte dazu Jens Katzschner, Lidl-Personalleiter in Rostock. Insgesamt seien mehr als 260 Kinder aus Mecklenburg-Vorpommern bei der Aktion bedacht worden.<\/p>\n","protected":false},"excerpt":{"rendered":"Fast genau auf den Tag zw\u00f6lf Jahre nach seiner Er\u00f6ffnung steht fest, dass der Neubrandenburger Lidl-Markt an der&hellip;\n","protected":false},"author":2,"featured_media":661155,"comment_status":"","ping_status":"","sticky":false,"template":"","format":"standard","meta":{"footnotes":""},"categories":[134],"tags":[175,170,169,29,366,4289,30,702,2939,171,174,7389,925,173,172],"class_list":{"0":"post-661154","1":"post","2":"type-post","3":"status-publish","4":"format-standard","5":"has-post-thumbnail","7":"category-unternehmen-maerkte","8":"tag-business","9":"tag-companies","10":"tag-companies-markets","11":"tag-deutschland","12":"tag-discounter","13":"tag-einkaufen","14":"tag-germany","15":"tag-lebensmittel","16":"tag-lidl","17":"tag-markets","18":"tag-maerkte","19":"tag-schliessung","20":"tag-supermarkt","21":"tag-unternehmen","22":"tag-unternehmen-maerkte"},"share_on_mastodon":{"url":"https:\/\/pubeurope.com\/@de\/115755410133425047","error":""},"_links":{"self":[{"href":"https:\/\/www.europesays.com\/de\/wp-json\/wp\/v2\/posts\/661154","targetHints":{"allow":["GET"]}}],"collection":[{"href":"https:\/\/www.europesays.com\/de\/wp-json\/wp\/v2\/posts"}],"about":[{"href":"https:\/\/www.europesays.com\/de\/wp-json\/wp\/v2\/types\/post"}],"author":[{"embeddable":true,"href":"https:\/\/www.europesays.com\/de\/wp-json\/wp\/v2\/users\/2"}],"replies":[{"embeddable":true,"href":"https:\/\/www.europesays.com\/de\/wp-json\/wp\/v2\/comments?post=661154"}],"version-history":[{"count":0,"href":"https:\/\/www.europesays.com\/de\/wp-json\/wp\/v2\/posts\/661154\/revisions"}],"wp:featuredmedia":[{"embeddable":true,"href":"https:\/\/www.europesays.com\/de\/wp-json\/wp\/v2\/media\/661155"}],"wp:attachment":[{"href":"https:\/\/www.europesays.com\/de\/wp-json\/wp\/v2\/media?parent=661154"}],"wp:term":[{"taxonomy":"category","embeddable":true,"href":"https:\/\/www.europesays.com\/de\/wp-json\/wp\/v2\/categories?post=661154"},{"taxonomy":"post_tag","embeddable":true,"href":"https:\/\/www.europesays.com\/de\/wp-json\/wp\/v2\/tags?post=661154"}],"curies":[{"name":"wp","href":"https:\/\/api.w.org\/{rel}","templated":true}]}}