{"id":661162,"date":"2025-12-21T03:27:00","date_gmt":"2025-12-21T03:27:00","guid":{"rendered":"https:\/\/www.europesays.com\/de\/661162\/"},"modified":"2025-12-21T03:27:00","modified_gmt":"2025-12-21T03:27:00","slug":"wegen-10-fachen-mordes-und-27-fachen-mordversuchs-wurde-ein-pfleger-im-november-in-aachen-zu-einer-l","status":"publish","type":"post","link":"https:\/\/www.europesays.com\/de\/661162\/","title":{"rendered":"Wegen 10-fachen Mordes und 27-fachen Mordversuchs wurde ein Pfleger im November in Aachen zu einer l"},"content":{"rendered":"<p>Im Fall eines bereits f\u00fcr zehnfachen Mord verurteilten Krankenpflegers hat die Staatsanwaltschaft K\u00f6ln zwei Leichen exhumieren lassen. Eine dritte Exhumierung sei geplant, weitere k\u00f6nnten folgen, berichtete der \u00abK\u00f6lner Stadt-Anzeiger\u00bb. Oberstaatsanwalt Ulrich Bremer best\u00e4tigte dies der Deutschen Presse-Agentur. Es handele sich um ehemalige Patientinnen einer K\u00f6lner Klinik, in der der Pfleger gearbeitet hatte.<\/p>\n<p>Die Ermittlungen der K\u00f6lner Staatsanwaltschaft waren schon l\u00e4nger bekannt. Neu ist, dass es nun Exhumierungen gegeben hat. Es handele sich um den Leichnam einer 94-j\u00e4hrigen Frau, die 2018 gestorben sei, und um den Leichnam einer 2015 im Alter von 78 Jahren verstorbenen Patientin, sagte Bremer. \u00abEs gibt einen Anfangsverdacht gegen den Beschuldigten in diesen zwei F\u00e4llen, dass er Morphine unbefugt verabreicht haben soll\u00bb, sagte Bremer. Dies habe m\u00f6glicherweise zum Tod der Patientinnen gef\u00fchrt.\u00a0<\/p>\n<p>Er t\u00f6tete, weil die Patienten ihn st\u00f6rten<\/p>\n<p>Die Exhumierungen mit anschlie\u00dfender Obduktion seien n\u00f6tig gewesen, um etwaige Beweise sichern zu k\u00f6nnen. Im ersten Fall sei eine chemisch-toxikologische Untersuchung in Auftrag gegeben worden, um herauszufinden, ob noch eine erh\u00f6hte Dosis von Morphinen nachweisbar sei. Die Untersuchung sei noch nicht abgeschlossen. Die zweite Exhumierung habe gerade erst stattgefunden.<\/p>\n<p>Der Pfleger war im vergangenen Monat vom Aachener Landgericht wegen 10-fachen Mordes und 27-fachen Mordversuchs zu einer lebenslangen Freiheitsstrafe verurteilt worden. Nach \u00dcberzeugung des Gerichts hatte er Patienten auf einer Palliativstation in W\u00fcrselen bei Aachen t\u00f6dliche Injektionen verabreicht &#8211; weil sie ihn st\u00f6rten. Der Deutsche sei der Meinung gewesen, er habe \u00abeinen guten Job gemacht\u00bb, wenn er Patienten \u00abein friedliches Einschlafen erm\u00f6glicht\u00bb habe, sagte Richter Markus Vogt in seiner Urteilsbegr\u00fcndung. Das Gericht stellte eine besondere Schwere der Schuld fest. Damit ist eine Freilassung nach 15 Jahren in der Regel ausgeschlossen.\u00a0<\/p>\n<p>Auch die Staatsanwaltschaft in Aachen pr\u00fcft noch weitere Verdachtsf\u00e4lle aus seinen fr\u00fcheren Berufsjahren.<\/p>\n","protected":false},"excerpt":{"rendered":"Im Fall eines bereits f\u00fcr zehnfachen Mord verurteilten Krankenpflegers hat die Staatsanwaltschaft K\u00f6ln zwei Leichen exhumieren lassen. Eine&hellip;\n","protected":false},"author":2,"featured_media":661163,"comment_status":"","ping_status":"","sticky":false,"template":"","format":"standard","meta":{"footnotes":""},"categories":[1853],"tags":[1424,3364,29,548,663,3934,30,13,1584,14,15,1209,12],"class_list":{"0":"post-661162","1":"post","2":"type-post","3":"status-publish","4":"format-standard","5":"has-post-thumbnail","7":"category-aachen","8":"tag-aachen","9":"tag-de","10":"tag-deutschland","11":"tag-eu","12":"tag-europa","13":"tag-europe","14":"tag-germany","15":"tag-headlines","16":"tag-kriminalitaet","17":"tag-nachrichten","18":"tag-news","19":"tag-nordrhein-westfalen","20":"tag-schlagzeilen"},"share_on_mastodon":{"url":"https:\/\/pubeurope.com\/@de\/115755433607908611","error":""},"_links":{"self":[{"href":"https:\/\/www.europesays.com\/de\/wp-json\/wp\/v2\/posts\/661162","targetHints":{"allow":["GET"]}}],"collection":[{"href":"https:\/\/www.europesays.com\/de\/wp-json\/wp\/v2\/posts"}],"about":[{"href":"https:\/\/www.europesays.com\/de\/wp-json\/wp\/v2\/types\/post"}],"author":[{"embeddable":true,"href":"https:\/\/www.europesays.com\/de\/wp-json\/wp\/v2\/users\/2"}],"replies":[{"embeddable":true,"href":"https:\/\/www.europesays.com\/de\/wp-json\/wp\/v2\/comments?post=661162"}],"version-history":[{"count":0,"href":"https:\/\/www.europesays.com\/de\/wp-json\/wp\/v2\/posts\/661162\/revisions"}],"wp:featuredmedia":[{"embeddable":true,"href":"https:\/\/www.europesays.com\/de\/wp-json\/wp\/v2\/media\/661163"}],"wp:attachment":[{"href":"https:\/\/www.europesays.com\/de\/wp-json\/wp\/v2\/media?parent=661162"}],"wp:term":[{"taxonomy":"category","embeddable":true,"href":"https:\/\/www.europesays.com\/de\/wp-json\/wp\/v2\/categories?post=661162"},{"taxonomy":"post_tag","embeddable":true,"href":"https:\/\/www.europesays.com\/de\/wp-json\/wp\/v2\/tags?post=661162"}],"curies":[{"name":"wp","href":"https:\/\/api.w.org\/{rel}","templated":true}]}}