{"id":661194,"date":"2025-12-21T03:48:45","date_gmt":"2025-12-21T03:48:45","guid":{"rendered":"https:\/\/www.europesays.com\/de\/661194\/"},"modified":"2025-12-21T03:48:45","modified_gmt":"2025-12-21T03:48:45","slug":"drohnen-aus-russland-stuerzen-in-tuerkei-ab-eskalation-im-schwarzen-meer","status":"publish","type":"post","link":"https:\/\/www.europesays.com\/de\/661194\/","title":{"rendered":"Drohnen aus Russland st\u00fcrzen in T\u00fcrkei ab \u2013 Eskalation im Schwarzen Meer?"},"content":{"rendered":"<p>Drohnenvorf\u00e4lle in der T\u00fcrkei <\/p>\n<p>Pr\u00e4sident Erdo\u011fan spricht von Eskalation im Schwarzen Meer<\/p>\n<p>20.12.2025 &#8211; 16:33 UhrLesedauer: 2 Min.<\/p>\n<p><img style=\"--width:32;--height:32\" loading=\"lazy\" src=\"https:\/\/www.t-online.de\/s\/paper\/_next\/static\/media\/loading-indicator-video.1f35d8de.svg\" alt=\"Video l\u00e4dt\" title=\"Video l\u00e4dt\" class=\"block h-[calc(var(--height)_\/_16_*_1rem)] w-[calc(var(--width)_\/_16_*_1rem)] max-w-none undefined\" decoding=\"async\"\/>Player wird geladen<\/p>\n<p>Im Video: Ein Augenzeuge schildert den Absturz und zeigt die Tr\u00fcmmer. (Quelle: t-online)<\/p>\n<p class=\"font-bold text-18 leading-17\">In der T\u00fcrkei wurde eine weitere mutma\u00dflich russische Drohne entdeckt, die s\u00fcdlich von Istanbul abgest\u00fcrzt war. Aktuell h\u00e4ufen sich Vorf\u00e4lle dieser Art. Pr\u00e4sident Erdo\u011fan warnt.<\/p>\n<p class=\"text-18 leading-17\">Weniger als einen Tag nach dem Absturz einer mutma\u00dflich russischen Drohne im Nordwesten der <a class=\"transition-colors duration-200 cursor-pointer text-inherit no-underline text-salemsfur md:hover:text-magenta md:hover:border-magenta md:focus:text-magenta border-current border-b border-solid break-words\" href=\"https:\/\/www.t-online.de\/themen\/tuerkei\/\" data-sctrack=\"BodyAnchor\" rel=\"nofollow noopener\" target=\"_blank\">T\u00fcrkei<\/a> ist in dem Land laut Medienberichten eine weitere Drohne gefunden worden. Wie mehrere Fernsehsender sowie die Zeitung &#8222;Cumh\u00fcriyet&#8220; am Samstag berichteten, wurde die zweite Drohne auf einem freien Feld nahe der s\u00fcdwestlich von <a class=\"transition-colors duration-200 cursor-pointer text-inherit no-underline text-salemsfur md:hover:text-magenta md:hover:border-magenta md:focus:text-magenta border-current border-b border-solid break-words\" href=\"https:\/\/www.t-online.de\/themen\/istanbul\/\" data-sctrack=\"BodyAnchor\" rel=\"nofollow noopener\" target=\"_blank\">Istanbul<\/a> gelegenen Stadt Balikesir entdeckt. Insgesamt ist es bereits der dritte Drohnenvorfall in der T\u00fcrkei seit Anfang der Woche.<\/p>\n<p class=\"text-18 leading-17\">Die t\u00fcrkischen Beh\u00f6rden \u00e4u\u00dferten sich zun\u00e4chst nicht zu den Berichten vom Samstag. Die Sender Halk TV und Habert\u00fcrk berichteten, dass die Drohne zu Untersuchungen in die Hauptstadt <a class=\"transition-colors duration-200 cursor-pointer text-inherit no-underline text-salemsfur md:hover:text-magenta md:hover:border-magenta md:focus:text-magenta border-current border-b border-solid break-words\" href=\"https:\/\/www.t-online.de\/themen\/ankara\/\" data-sctrack=\"BodyAnchor\" rel=\"nofollow noopener\" target=\"_blank\">Ankara<\/a> gebracht worden sei. \u00d6rtliche Landwirte sagten mehreren Medien, dass die Drohne offenbar bereits vor Tagen abgest\u00fcrzt sei.<\/p>\n<p class=\"text-18 leading-17\">Erst am Freitag war nach Angaben der t\u00fcrkischen Regierung im Nordwesten des Landes eine abgest\u00fcrzte Drohne gefunden worden. Dabei handele es sich ersten Erkenntnissen zufolge um &#8222;eine Orlan-10 aus russischer Fabrikation, die f\u00fcr Aufkl\u00e4rungs- und \u00dcberwachungszwecke&#8220; eingesetzt werde, erkl\u00e4rte das Innenministerium. Die besch\u00e4digte Drohne wurde Beh\u00f6rdenangaben zufolge nahe der Stadt Izmit, rund 30 Kilometer vom <a class=\"transition-colors duration-200 cursor-pointer text-inherit no-underline text-salemsfur md:hover:text-magenta md:hover:border-magenta md:focus:text-magenta border-current border-b border-solid break-words\" href=\"https:\/\/www.t-online.de\/themen\/schwarzes-meer\/\" data-sctrack=\"BodyAnchor\" rel=\"nofollow noopener\" target=\"_blank\">Schwarzen Meer<\/a> entfernt, entdeckt.<\/p>\n<p class=\"text-18 leading-17\">Erst wenige Tage zuvor war t\u00fcrkischen Angaben zufolge eine Drohne abgeschossen worden, die sich vom Schwarzen Meer her dem t\u00fcrkischen Luftraum gen\u00e4hert hatte. Kampfjets seien nach der Entdeckung der Drohne in Alarmbereitschaft versetzt worden, um die Sicherheit des t\u00fcrkischen Luftraums zu gew\u00e4hrleisten, teilte das Verteidigungsministerium des Nato-Staates mit. Die Drohne sei au\u00dfer Kontrolle geraten und in einem sicheren Gebiet abgeschossen worden. Genaueres zur Herkunft dieser Drohne wurde zun\u00e4chst nicht bekannt.<\/p>\n<p class=\"text-18 leading-17\">Pr\u00e4sident Recep Tayyip Erdo\u011fan hatte vor einer Woche davor gewarnt, dass das Schwarze Meer zu einer &#8222;Zone der Konfrontation&#8220; zwischen <a class=\"transition-colors duration-200 cursor-pointer text-inherit no-underline text-salemsfur md:hover:text-magenta md:hover:border-magenta md:focus:text-magenta border-current border-b border-solid break-words\" href=\"https:\/\/www.t-online.de\/themen\/russland\/\" data-sctrack=\"BodyAnchor\" rel=\"nofollow noopener\" target=\"_blank\">Russland<\/a> und der Ukraine werden k\u00f6nnte.<\/p>\n","protected":false},"excerpt":{"rendered":"Drohnenvorf\u00e4lle in der T\u00fcrkei Pr\u00e4sident Erdo\u011fan spricht von Eskalation im Schwarzen Meer 20.12.2025 &#8211; 16:33 UhrLesedauer: 2 Min.&hellip;\n","protected":false},"author":2,"featured_media":661195,"comment_status":"","ping_status":"","sticky":false,"template":"","format":"standard","meta":{"footnotes":""},"categories":[4013],"tags":[326,331,332,1207,154365,108949,2026,13,145,14,15,144,4043,4044,850,307,12,8522,143,317,312],"class_list":{"0":"post-661194","1":"post","2":"type-post","3":"status-publish","4":"format-standard","5":"has-post-thumbnail","7":"category-russland","8":"tag-326","9":"tag-aktuelle-nachrichten","10":"tag-aktuelle-news","11":"tag-ankara","12":"tag-balikesir","13":"tag-drohnenvorfall","14":"tag-eskalation","15":"tag-headlines","16":"tag-istanbul","17":"tag-nachrichten","18":"tag-news","19":"tag-recep-tayyip-erdogan","20":"tag-russia","21":"tag-russian-federation","22":"tag-russische-foederation","23":"tag-russland","24":"tag-schlagzeilen","25":"tag-schwarze-meer","26":"tag-tuerkei","27":"tag-ukraine","28":"tag-ukrainekrieg"},"share_on_mastodon":{"url":"https:\/\/pubeurope.com\/@de\/115755517310392580","error":""},"_links":{"self":[{"href":"https:\/\/www.europesays.com\/de\/wp-json\/wp\/v2\/posts\/661194","targetHints":{"allow":["GET"]}}],"collection":[{"href":"https:\/\/www.europesays.com\/de\/wp-json\/wp\/v2\/posts"}],"about":[{"href":"https:\/\/www.europesays.com\/de\/wp-json\/wp\/v2\/types\/post"}],"author":[{"embeddable":true,"href":"https:\/\/www.europesays.com\/de\/wp-json\/wp\/v2\/users\/2"}],"replies":[{"embeddable":true,"href":"https:\/\/www.europesays.com\/de\/wp-json\/wp\/v2\/comments?post=661194"}],"version-history":[{"count":0,"href":"https:\/\/www.europesays.com\/de\/wp-json\/wp\/v2\/posts\/661194\/revisions"}],"wp:featuredmedia":[{"embeddable":true,"href":"https:\/\/www.europesays.com\/de\/wp-json\/wp\/v2\/media\/661195"}],"wp:attachment":[{"href":"https:\/\/www.europesays.com\/de\/wp-json\/wp\/v2\/media?parent=661194"}],"wp:term":[{"taxonomy":"category","embeddable":true,"href":"https:\/\/www.europesays.com\/de\/wp-json\/wp\/v2\/categories?post=661194"},{"taxonomy":"post_tag","embeddable":true,"href":"https:\/\/www.europesays.com\/de\/wp-json\/wp\/v2\/tags?post=661194"}],"curies":[{"name":"wp","href":"https:\/\/api.w.org\/{rel}","templated":true}]}}