{"id":661262,"date":"2025-12-21T04:36:16","date_gmt":"2025-12-21T04:36:16","guid":{"rendered":"https:\/\/www.europesays.com\/de\/661262\/"},"modified":"2025-12-21T04:36:16","modified_gmt":"2025-12-21T04:36:16","slug":"berlin-brandenburg-rettungsstellen-ueber-feiertage-am-limit-tipp-von-aerzten","status":"publish","type":"post","link":"https:\/\/www.europesays.com\/de\/661262\/","title":{"rendered":"Berlin &#038; Brandenburg: Rettungsstellen \u00fcber Feiertage am Limit &#8211; Tipp von \u00c4rzten"},"content":{"rendered":"<p>Berlin &amp; BrandenburgRettungsstellen \u00fcber Feiertage am Limit &#8211; Tipp von \u00c4rzten<img decoding=\"async\" class=\"Image_img__fQCi0 Image_Img_16_9__4BLfH\" loading=\"eager\" fetchpriority=\"high\" src=\"https:\/\/www.europesays.com\/de\/wp-content\/uploads\/2025\/12\/Ueber-die-Weihnachtsfeiertage-sind-die-Rettungsstellen-haeufig-rappelvoll.webp.webp\" alt=\"Ueber-die-Weihnachtsfeiertage-sind-die-Rettungsstellen-haeufig-rappelvoll\"\/>TeilenFolgen auf:<a href=\"https:\/\/www.whatsapp.com\/channel\/0029Va5cdVJD8SDp5YZgYF01\" title=\"Auf WhatsApp folgen\" target=\"_blank\" rel=\"noopener\"><img decoding=\"async\" src=\"https:\/\/www.n-tv.de\/socialIcons\/whatsapp.svg\" alt=\"whatsapp\" class=\"ArticleShare_icon__FsrC2\"\/><\/a><a href=\"https:\/\/news.google.com\/publications\/CAAiEPMdif5mpRNxiLOeUpHCwwsqFAgKIhDzHYn-ZqUTcYiznlKRwsML?hl=de&amp;gl=DE&amp;ceid=DE%3Ade\" title=\"Auf Google News folgen\" target=\"_blank\" rel=\"noopener\"><img decoding=\"async\" src=\"https:\/\/www.n-tv.de\/socialIcons\/google.svg\" alt=\"whatsapp\" class=\"ArticleShare_icon__FsrC2\"\/><\/a><\/p>\n<p class=\"Typography_text-m__XI0da Typography_weight-bold__uT6mq storyline_lead_text_leadtext__q_wg8\">In Brandenburgs Rettungsstellen ist insbesondere an den Feiertagen viel los. H\u00e4ufig kommen Menschen mit eher kleineren Beschwerden. Diese w\u00e4ren mitunter an anderer Stelle besser aufgehoben.<\/p>\n<p class=\"Typography_text-default__P3otY Typography_weight-normal__pqUbH storyline_paragraph_p__qSR5N\">Potsdam (dpa\/bb) &#8211; Die Mitarbeiter der Brandenburger Rettungsstellen klagen insbesondere in den Wintermonaten \u00fcber starke Belastung. Das liegt auch daran, dass Menschen mit kleineren Wehwehchen die Rettungsstellen strapazierten. &#8222;Diese Entwicklungen werden auch in den Krankenh\u00e4usern in Brandenburg beobachtet&#8220;, sagte eine Sprecherin der Landes\u00e4rztekammer. Rettungsstellen berichteten regelm\u00e4\u00dfig von einer hohen Auslastung &#8211; insbesondere durch Patienten &#8222;mit nicht lebensbedrohlichen Beschwerden&#8220;. Das sei bundesweit zu beobachten.<\/p>\n<p class=\"Typography_text-default__P3otY Typography_weight-normal__pqUbH storyline_paragraph_p__qSR5N\">Vor allem in den Herbst- und Wintermonaten k\u00e4me es zu Auslastungsspitzen, erkl\u00e4rte die Sprecherin. &#8222;In dieser Zeit treten vermehrt Atemwegsinfekte, Grippe- und Erk\u00e4ltungserkrankungen auf.&#8220;<\/p>\n<p>Grippesaison tr\u00e4gt zur steigender Auslastung bei<\/p>\n<p class=\"Typography_text-default__P3otY Typography_weight-normal__pqUbH storyline_paragraph_p__qSR5N\">Die hohe Auslastung \u00fcber die Feiertage h\u00e4nge mit mehreren Faktoren zusammen, betonte die Sprecherin der Landes\u00e4rztekammer. H\u00e4ufig seien ambulante Versorgungsangebote eingeschr\u00e4nkt. Hinzu k\u00e4men saisonale Infektwellen und bei einigen Patienten psychosoziale Belastungen, die sich an Feiertagen verst\u00e4rkten. &#8222;Diese Faktoren f\u00fchren dazu, dass Rettungsstellen auch bei weniger dringlichen Beschwerden aufgesucht werden.&#8220;<\/p>\n<p class=\"Typography_text-default__P3otY Typography_weight-normal__pqUbH storyline_paragraph_p__qSR5N\">Die Landes\u00e4rztekammer empfiehlt bei nicht akuten oder lebensbedrohlichen Beschwerden zun\u00e4chst andere Versorgungsangebote zu nutzen. &#8222;Dazu z\u00e4hlen der \u00e4rztliche Bereitschaftsdienst, der Hausarzt oder ein kassen\u00e4rztlicher Notdienst&#8220;, f\u00fchrte die Sprecherin aus. Rettungsstellen sollten vor allem bei akuten Beschwerden wie Atemnot, starken Schmerzen, Bewusstseinsst\u00f6rungen oder schweren Verletzungen aufgesucht werden.<\/p>\n<p class=\"Typography_text-s__wu_cm Typography_weight-normal__pqUbH Typography_color-darkgrey__sZEnP article-detail-footer_source__KslPc\">Quelle: dpa<\/p>\n","protected":false},"excerpt":{"rendered":"Berlin &amp; BrandenburgRettungsstellen \u00fcber Feiertage am Limit &#8211; Tipp von \u00c4rztenTeilenFolgen auf: In Brandenburgs Rettungsstellen ist insbesondere an&hellip;\n","protected":false},"author":2,"featured_media":661263,"comment_status":"","ping_status":"","sticky":false,"template":"","format":"standard","meta":{"footnotes":""},"categories":[1816],"tags":[1960,1958,1959,1957,1956,1890,29,30],"class_list":{"0":"post-661262","1":"post","2":"type-post","3":"status-publish","4":"format-standard","5":"has-post-thumbnail","7":"category-brandenburg","8":"tag-aktuelle-nachrichten-aus-berlin-und-brandenburg","9":"tag-aktuelle-nachrichten-aus-brandenburg","10":"tag-aktuelle-news-aus-berlin-und-brandenburg","11":"tag-aktuelle-news-aus-brandenburg","12":"tag-berlin-und-brandenburg","13":"tag-brandenburg","14":"tag-deutschland","15":"tag-germany"},"share_on_mastodon":{"url":"","error":""},"_links":{"self":[{"href":"https:\/\/www.europesays.com\/de\/wp-json\/wp\/v2\/posts\/661262","targetHints":{"allow":["GET"]}}],"collection":[{"href":"https:\/\/www.europesays.com\/de\/wp-json\/wp\/v2\/posts"}],"about":[{"href":"https:\/\/www.europesays.com\/de\/wp-json\/wp\/v2\/types\/post"}],"author":[{"embeddable":true,"href":"https:\/\/www.europesays.com\/de\/wp-json\/wp\/v2\/users\/2"}],"replies":[{"embeddable":true,"href":"https:\/\/www.europesays.com\/de\/wp-json\/wp\/v2\/comments?post=661262"}],"version-history":[{"count":0,"href":"https:\/\/www.europesays.com\/de\/wp-json\/wp\/v2\/posts\/661262\/revisions"}],"wp:featuredmedia":[{"embeddable":true,"href":"https:\/\/www.europesays.com\/de\/wp-json\/wp\/v2\/media\/661263"}],"wp:attachment":[{"href":"https:\/\/www.europesays.com\/de\/wp-json\/wp\/v2\/media?parent=661262"}],"wp:term":[{"taxonomy":"category","embeddable":true,"href":"https:\/\/www.europesays.com\/de\/wp-json\/wp\/v2\/categories?post=661262"},{"taxonomy":"post_tag","embeddable":true,"href":"https:\/\/www.europesays.com\/de\/wp-json\/wp\/v2\/tags?post=661262"}],"curies":[{"name":"wp","href":"https:\/\/api.w.org\/{rel}","templated":true}]}}