{"id":661266,"date":"2025-12-21T04:38:20","date_gmt":"2025-12-21T04:38:20","guid":{"rendered":"https:\/\/www.europesays.com\/de\/661266\/"},"modified":"2025-12-21T04:38:20","modified_gmt":"2025-12-21T04:38:20","slug":"neuer-ice-l-der-bahn-wird-von-angemieteten-loks-gezogen","status":"publish","type":"post","link":"https:\/\/www.europesays.com\/de\/661266\/","title":{"rendered":"Neuer ICE L der Bahn wird von angemieteten Loks gezogen"},"content":{"rendered":"<p class=\"tspAGen tspAGeo\">Der neue <a href=\"https:\/\/www.tagesspiegel.de\/wirtschaft\/wettbewerb-auf-der-schiene-flix-chef-neue-fernzuge-ab-2028-im-einsatz-15044718.html?icid=in-text-link_15067269\" class=\"link link--internal\" data-gtm-class=\"article-text-link\" data-gtm-val=\"internal\" target=\"_blank\" rel=\"noopener\">ICE L der Deutschen Bahn<\/a> ist seit Mitte Dezember zwischen K\u00f6ln und Berlin unterwegs \u2013 doch gezogen werden die Z\u00fcge nicht von den eigentlich vorgesehenen Antriebswagen, sondern von angemieteten <strong>Vectron-Lokomotiven<\/strong>. Der Grund: F\u00fcr die originalen Loks vom Hersteller Talgo gibt es nach Angaben der Bahn noch keine Zulassung. Wann diese kommt, ist offen. Verantwortlich daf\u00fcr sei der Hersteller, hie\u00df es. Zuvor hatten die <a href=\"https:\/\/www.wn.de\/muenster\/warum-wird-der-brandneue-ice-l-von-einer-tschechischen-lok-gezogen-3455271?pid=true&amp;ueg=default\" target=\"_blank\" rel=\"noopener\" class=\"link link--external\" data-gtm-class=\"article-text-link\" data-gtm-val=\"external\" aria-describedby=\"message-target-blank\">\u201eWestf\u00e4lischen Nachrichten\u201c<\/a> berichtet.\u00a0<\/p>\n<p class=\"tspAGen\">So lange muss der Konzern auf die gemieteten Loks zur\u00fcckgreifen. Am Angebot \u00e4ndere das aber nichts, sagte ein Sprecher. Alle geplanten Verbindungen w\u00fcrden wie geplant bedient.<\/p>\n<p class=\"tspAGen\">Gleichwohl sind die neuen Z\u00fcge den Angaben zufolge aufgrund der fehlenden Zulassung f\u00fcr den Steuerwagen derzeit langsamer unterwegs. Statt 230 Kilometern pro Stunde fahren sie mit den unterschiedlichen Loks nur maximal Tempo 200. Die Verbindung dauert daher l\u00e4nger als sonst \u00fcblich.<\/p>\n<p class=\"tspAGen\">Der <strong>ICE L stammt vom spanischen Hersteller Talgo<\/strong> und \u00e4hnelt optisch eher den IC-Fernz\u00fcgen des Konzerns. Aufgrund des stufenlosen Einstiegs sind die Fahrzeuge barrierefrei. Das L steht laut Bahn f\u00fcr \u201eLow floor\u201c.\u00a0<\/p>\n<p class=\"tspAGen\">Im kommenden Jahr sollen die neuen Z\u00fcge auf weiteren Verbindungen eingesetzt werden, ab Mai etwa <strong>zwischen Berlin, Hamburg und Westerland<\/strong> und ab Juli auch <strong>zwischen NRW und Westerland<\/strong> sowie <strong>zwischen NRW und dem Allg\u00e4u<\/strong>.\u00a0<\/p>\n<p> Mehr zum Thema: <a href=\"https:\/\/www.tagesspiegel.de\/politik\/finanzierung-unklar-mehrere-bahnprojekte-rund-um-berlin-stehen-auf-der-kippe-15068407.html?icid=topic-list_15067269___\" data-gtm-class=\"article-mzt-link\" data-hydrate-fingerprint=\"09740a54944caac75fd2c0c63fd5c5df\" data-hydrate-props=\"{&amp;escapedquot;element&amp;escapedquot;:{&amp;escapedquot;type&amp;escapedquot;:&amp;escapedquot;relatedContent&amp;escapedquot;,&amp;escapedquot;fieldMap&amp;escapedquot;:{},&amp;escapedquot;relation&amp;escapedquot;:{&amp;escapedquot;fields&amp;escapedquot;:{&amp;escapedquot;isPaid&amp;escapedquot;:true},&amp;escapedquot;href&amp;escapedquot;:&amp;escapedquot;\/politik\/finanzierung-unklar-mehrere-bahnprojekte-rund-um-berlin-stehen-auf-der-kippe-15068407.html&amp;escapedquot;,&amp;escapedquot;teaserTitle&amp;escapedquot;:{&amp;escapedquot;kicker&amp;escapedquot;:&amp;escapedquot;Finanzierung unklar&amp;escapedquot;,&amp;escapedquot;headline&amp;escapedquot;:&amp;escapedquot;Mehrere Bahnprojekte in und um Berlin stehen auf der Kippe&amp;escapedquot;},&amp;escapedquot;id&amp;escapedquot;:&amp;escapedquot;15068407&amp;escapedquot;,&amp;escapedquot;type&amp;escapedquot;:&amp;escapedquot;story&amp;escapedquot;},&amp;escapedquot;isPartOfList&amp;escapedquot;:true,&amp;escapedquot;topicListType&amp;escapedquot;:&amp;escapedquot;topic-list&amp;escapedquot;},&amp;escapedquot;showArrow&amp;escapedquot;:true}\" data-hydrate-slots=\"{&#039;default&#039;:[]}\" class=\"tspBTll\" target=\"_blank\" rel=\"noopener\">Finanzierung unklar Mehrere Bahnprojekte in und um Berlin stehen auf der Kippe <\/a><a href=\"https:\/\/www.tagesspiegel.de\/berlin\/baustelle-berlin-alexanderplatz-diese-hochhauser-pragen-bald-berlins-skyline-15068671.html?icid=topic-list_15067269___\" data-gtm-class=\"article-mzt-link\" data-hydrate-fingerprint=\"09740a54944caac75fd2c0c63fd5c5df\" data-hydrate-props=\"{&amp;escapedquot;element&amp;escapedquot;:{&amp;escapedquot;type&amp;escapedquot;:&amp;escapedquot;relatedContent&amp;escapedquot;,&amp;escapedquot;fieldMap&amp;escapedquot;:{},&amp;escapedquot;relation&amp;escapedquot;:{&amp;escapedquot;fields&amp;escapedquot;:{&amp;escapedquot;isPaid&amp;escapedquot;:true},&amp;escapedquot;href&amp;escapedquot;:&amp;escapedquot;\/berlin\/baustelle-berlin-alexanderplatz-diese-hochhauser-pragen-bald-berlins-skyline-15068671.html&amp;escapedquot;,&amp;escapedquot;teaserTitle&amp;escapedquot;:{&amp;escapedquot;kicker&amp;escapedquot;:&amp;escapedquot;Baustelle Berlin-Alexanderplatz &amp;escapedquot;,&amp;escapedquot;headline&amp;escapedquot;:&amp;escapedquot;Diese Hochh\u00e4user pr\u00e4gen bald Berlins Skyline&amp;escapedquot;},&amp;escapedquot;id&amp;escapedquot;:&amp;escapedquot;15068671&amp;escapedquot;,&amp;escapedquot;type&amp;escapedquot;:&amp;escapedquot;story&amp;escapedquot;},&amp;escapedquot;isPartOfList&amp;escapedquot;:true,&amp;escapedquot;topicListType&amp;escapedquot;:&amp;escapedquot;topic-list&amp;escapedquot;},&amp;escapedquot;showArrow&amp;escapedquot;:true}\" data-hydrate-slots=\"{&#039;default&#039;:[]}\" class=\"tspBTll\" target=\"_blank\" rel=\"noopener\">Baustelle Berlin-Alexanderplatz  Diese Hochh\u00e4user pr\u00e4gen bald Berlins Skyline <\/a><a href=\"https:\/\/www.tagesspiegel.de\/berlin\/bezirke\/pankow\/berliner-kinderbauernhof-wehrt-sich-gegen-bahn-projekt-weichen-baume-und-kleingarten-fur-die-neue-ice-basis-der-deutschen-bahn-15066511.html?icid=topic-list_15067269___\" data-gtm-class=\"article-mzt-link\" data-hydrate-fingerprint=\"09740a54944caac75fd2c0c63fd5c5df\" data-hydrate-props=\"{&amp;escapedquot;element&amp;escapedquot;:{&amp;escapedquot;type&amp;escapedquot;:&amp;escapedquot;relatedContent&amp;escapedquot;,&amp;escapedquot;fieldMap&amp;escapedquot;:{},&amp;escapedquot;relation&amp;escapedquot;:{&amp;escapedquot;fields&amp;escapedquot;:{&amp;escapedquot;isPaid&amp;escapedquot;:true},&amp;escapedquot;href&amp;escapedquot;:&amp;escapedquot;\/berlin\/bezirke\/pankow\/berliner-kinderbauernhof-wehrt-sich-gegen-bahn-projekt-weichen-baume-und-kleingarten-fur-die-neue-ice-basis-der-deutschen-bahn-15066511.html&amp;escapedquot;,&amp;escapedquot;teaserTitle&amp;escapedquot;:{&amp;escapedquot;kicker&amp;escapedquot;:&amp;escapedquot;Berliner Kinderbauernhof wehrt sich gegen Bahn-Projekt&amp;escapedquot;,&amp;escapedquot;headline&amp;escapedquot;:&amp;escapedquot;Weichen B\u00e4ume und Kleing\u00e4rten f\u00fcr die neue ICE-Basis der Deutschen Bahn? &amp;escapedquot;},&amp;escapedquot;id&amp;escapedquot;:&amp;escapedquot;15066511&amp;escapedquot;,&amp;escapedquot;type&amp;escapedquot;:&amp;escapedquot;story&amp;escapedquot;},&amp;escapedquot;isPartOfList&amp;escapedquot;:true,&amp;escapedquot;topicListType&amp;escapedquot;:&amp;escapedquot;topic-list&amp;escapedquot;},&amp;escapedquot;showArrow&amp;escapedquot;:true}\" data-hydrate-slots=\"{&#039;default&#039;:[]}\" class=\"tspBTll\" target=\"_blank\" rel=\"noopener\">Berliner Kinderbauernhof wehrt sich gegen Bahn-Projekt Weichen B\u00e4ume und Kleing\u00e4rten f\u00fcr die neue ICE-Basis der Deutschen Bahn?  <\/a><\/p>\n<p class=\"tspAGen\">Insgesamt vier neue Z\u00fcge seien bis Jahresende ausgeliefert, hie\u00df es von der Bahn. Im n\u00e4chsten Jahr kommen demnach neun weitere.<strong> Insgesamt umfasst die Bestellung bei Talgo 79 ICE L<\/strong>. Eigentlich sollte der neue Zug schon 2024 ausgeliefert werden. (dpa)<\/p>\n","protected":false},"excerpt":{"rendered":"Der neue ICE L der Deutschen Bahn ist seit Mitte Dezember zwischen K\u00f6ln und Berlin unterwegs \u2013 doch&hellip;\n","protected":false},"author":2,"featured_media":661267,"comment_status":"","ping_status":"","sticky":false,"template":"","format":"standard","meta":{"footnotes":""},"categories":[1825],"tags":[296,2030,29,4031,30,1420,6312],"class_list":{"0":"post-661266","1":"post","2":"type-post","3":"status-publish","4":"format-standard","5":"has-post-thumbnail","7":"category-berlin","8":"tag-berlin","9":"tag-deutsche-bahn","10":"tag-deutschland","11":"tag-eisenbahn","12":"tag-germany","13":"tag-koeln","14":"tag-schiene"},"share_on_mastodon":{"url":"https:\/\/pubeurope.com\/@de\/115755712722005764","error":""},"_links":{"self":[{"href":"https:\/\/www.europesays.com\/de\/wp-json\/wp\/v2\/posts\/661266","targetHints":{"allow":["GET"]}}],"collection":[{"href":"https:\/\/www.europesays.com\/de\/wp-json\/wp\/v2\/posts"}],"about":[{"href":"https:\/\/www.europesays.com\/de\/wp-json\/wp\/v2\/types\/post"}],"author":[{"embeddable":true,"href":"https:\/\/www.europesays.com\/de\/wp-json\/wp\/v2\/users\/2"}],"replies":[{"embeddable":true,"href":"https:\/\/www.europesays.com\/de\/wp-json\/wp\/v2\/comments?post=661266"}],"version-history":[{"count":0,"href":"https:\/\/www.europesays.com\/de\/wp-json\/wp\/v2\/posts\/661266\/revisions"}],"wp:featuredmedia":[{"embeddable":true,"href":"https:\/\/www.europesays.com\/de\/wp-json\/wp\/v2\/media\/661267"}],"wp:attachment":[{"href":"https:\/\/www.europesays.com\/de\/wp-json\/wp\/v2\/media?parent=661266"}],"wp:term":[{"taxonomy":"category","embeddable":true,"href":"https:\/\/www.europesays.com\/de\/wp-json\/wp\/v2\/categories?post=661266"},{"taxonomy":"post_tag","embeddable":true,"href":"https:\/\/www.europesays.com\/de\/wp-json\/wp\/v2\/tags?post=661266"}],"curies":[{"name":"wp","href":"https:\/\/api.w.org\/{rel}","templated":true}]}}