{"id":661278,"date":"2025-12-21T04:45:22","date_gmt":"2025-12-21T04:45:22","guid":{"rendered":"https:\/\/www.europesays.com\/de\/661278\/"},"modified":"2025-12-21T04:45:22","modified_gmt":"2025-12-21T04:45:22","slug":"heute-tatort-doppelfolge-ein-guter-tag-und-schwarzer-schnee","status":"publish","type":"post","link":"https:\/\/www.europesays.com\/de\/661278\/","title":{"rendered":"Heute Tatort-Doppelfolge: &#8222;Ein guter Tag&#8220; und &#8222;Schwarzer Schnee&#8220;"},"content":{"rendered":"<p>\n                Stand: 21.12.2025 00:00 Uhr<\/p>\n<p class=\"preface\">Heute l\u00e4uft der erste Fall f\u00fcr das Ermittler-Duo Thorsten Falke und Mario Schmitt im Ersten: Ein Deutscher wird von einem Campingplatz in den Niederlanden entf\u00fchrt. Es gibt Hinweise auf Drogen und die Mafia. Das Erste zeigt &#8222;Ein guter Tag&#8220; und &#8222;Schwarzer Schnee&#8220; hintereinander.<\/p>\n<p class=\"\">Beide Folgen, die ab<strong> 20.15 Uhr<\/strong> bzw. ab <strong>21.45 Uhr <\/strong>im Ersten gesendet werden, landen nach Ausstrahlung f\u00fcr ein Jahr in der ARD-Mediathek. Sie wurden in Niedersachsen, in den Niederlanden und in Hamburg gedreht. In der ARD Mediathek ist ab Sonntag auch eine Reportage mit Hintergr\u00fcnden zu sehen: <a href=\"https:\/\/www.ndr.de\/kultur\/film\/heute-kids-morgen-killer-rekrutiert-fuers-verbrechen,killerkids-102.html\" title=\"Heute Kids, morgen Killer - Rekrutiert f\u00fcrs Verbrechen\" target=\"_blank\" rel=\"noopener\"><strong>&#8222;Heute Kids, morgen Killer &#8211; Rekrutiert f\u00fcrs Verbrechen&#8220;<\/strong><\/a> von STRG_F. Sie l\u00e4uft auch in der Nacht vom Sonntag auf Montag ab 0.25 Uhr im NDR Fernsehen.<\/p>\n<p class=\"\">Darin geht es ums Thema &#8222;Crime as a Service&#8220;, wie Experten das Ph\u00e4nomen nennen, das Ermittler mit gro\u00dfer Sorge beobachten. Warum lassen sich die Jugendlichen darauf ein? Die Reporter sprechen mit Jugendlichen, mit Rekrutierern, dem ehemaligen Interpol-Chef J\u00fcrgen Stock und Rapper Kolja Goldstein, dessen Texte von Gewalt und Kriminalit\u00e4t handeln.<\/p>\n<p>    Von der &#8222;Spiegel&#8220;-Titelstory zum NDR Tatort-Doppelfolge<\/p>\n<p class=\"\">Nur selten wird aus &#8222;Spiegel&#8220;-Titelgeschichten ein &#8222;Tatort&#8220; und somit gro\u00dfe Sonntagabend-Unterhaltung. Bei der &#8222;Tatort&#8220; Doppel-Folge &#8222;Ein guter Tag&#8220; und &#8222;Schwarzer Schnee&#8220;, einer Koproduktion mit dem niederl\u00e4ndischen Sender NPO, ist dies allerdings gleich f\u00fcr 180 Minuten der Fall. Die Filme basieren unter anderem auf einer Recherche von &#8222;Spiegel&#8220;-Reporter J\u00fcrgen Dahlkamp, der \u00fcber die bedrohlichen Entwicklungen in unserem Nachbarland Niederlande im Zusammenhang mit einer verfehlten Drogenpolitik geschrieben hat.<\/p>\n<p class=\"\">Folterungen, Attentate, Explosionen, Mord-Makler und jugendliche Auftragskiller, die kaltbl\u00fctige Ermordung von Starjournalisten und Rechtsanw\u00e4lten, eine horrende Missachtung des Staates im Zusammenhang mit illegalen Drogengesch\u00e4ften, die Bedrohung der niederl\u00e4ndischen K\u00f6nigsfamilie: Das extreme Gewaltpotenzial klingt mehr nach Mittel- und S\u00fcdamerika, nach Don Winslow und dem &#8222;War on drugs&#8220; als nach Westeuropa und damit quasi vor unserer Haust\u00fcr. Entwicklungen, die nach Einsch\u00e4tzung der Polizei im Zusammenhang mit einer ver\u00e4nderten Drogenpolitik nun nach Deutschland \u00fcberzuschwappen drohen.\u00a0<\/p>\n<p class=\"\">Ins Zentrum ihrer fiktiven Geschichte haben die NDR Autoren Alexander Adolph und Eva Wehrum unter anderem einen jugendlichen Auftragskiller gestellt, auf den unser deutsch-niederl\u00e4ndisches Ermittler-Trio auf der Suche nach einem verschwundenen V-Mann st\u00f6\u00dft.<\/p>\n<p>    Zum Inhalt der Folge &#8222;Ein guter Tag&#8220;: ab 20.15 im Ersten<\/p>\n<p>                    <a href=\"https:\/\/www.europesays.com\/de\/wp-content\/uploads\/2025\/12\/tatortwotan-100.webp\" class=\"zoomimage\" title=\"Bild vergr\u00f6\u00dfern\"><\/p>\n<p>        <img decoding=\"async\" src=\"https:\/\/www.europesays.com\/de\/wp-content\/uploads\/2025\/12\/tatortwotan-100.webp\" alt=\"Zwei M\u00e4nner und eine Frau laufen auf einem Parkplatz.\" title=\"Wotan Wilke M\u00f6hring (links), Denis Moschitto und Gaite Jansen spielen die Hauptrollen in der Doppelfolge. | NDR\/Georges Pauly\" class=\"responsive\" loading=\"lazy\"\/><\/p>\n<p>                    <\/a><\/p>\n<p>                    Wotan Wilke M\u00f6hring (links), Denis Moschitto und Gaite Jansen spielen die Hauptrollen in der Doppelfolge.<\/p>\n<p class=\"\">Bundespolizist Thorsten Falke (Wotan Wilke M\u00f6hring) und sein neuer Kollege, Cyber-Kriminalist Mario Schmitt (Denis Moschitto, der neue Partner an der Seite von Kommissar Thorsten Falke), sollen das r\u00e4tselhafte Verschwinden des verdeckten Ermittlers Carsten Kellmann aka Joe Glauning (Andrei Viorel Tacu) in der deutsch-niederl\u00e4ndischen Grenzregion aufkl\u00e4ren.<\/p>\n<p class=\"\">Gemeinsam mit ihrer niederl\u00e4ndischen Kollegin Lynn de Baer (Gaite Jansen) finden sie Indizien f\u00fcr eine blutige Gewalttat, nicht wissend, ob der verdeckte Ermittler entf\u00fchrt wurde &#8211; oder ob er zur Mocro-Mafia und ihrem gef\u00fcrchteten Chef, dem inhaftierten Ahmed Saidi (Yousef Sweid), \u00fcbergelaufen ist. Gemeinsam findet das deutsch-niederl\u00e4ndische Ermittler-Trio am Ende der ersten Folge den schwer gefolterten und unter Drogen gesetzten und nun offenbar verr\u00fcckt gewordenen Kellmann, der einen wichtigen Kompagnon im Auftrag der Mocro-Mafia umgebracht zu haben scheint. <strong><br \/>\n <br \/><\/strong><\/p>\n<p>    Zum Inhalt der Folge &#8222;Schwarzer Schnee&#8220; ab 21.45 Uhr im Ersten<\/p>\n<p class=\"\">Thorsten Falke, Mario Schmidt und Lynn de Baer kommen im Zusammenhang mit weiteren Auftragsmorden immer st\u00e4rker einem geplanten Gesch\u00e4ft der Mocro-Mafia in Emden auf die Spur, das Karim Saidi (Yasin el Harrouk), der Sohn des inhaftierten Paten der Mocro-Mafia, initiiert hat &#8211; und auf das der verdeckte Ermittler Joe Glauning bei seinen Recherchen gesto\u00dfen war. Die genauen Informationen versucht Falke aus dem in der Psychiatrie inhaftierten und scheinbar verr\u00fcckten, aber m\u00f6glicherweise \u00fcbergelaufenen VE herauszuholen.<\/p>\n<p>    Besetzung mit Wotan Wilke M\u00f6hrung und Denis Moschitto<\/p>\n<p class=\"\">Das Drehbuch beider Folgen stammt von Alexander Adolph und Eva Wehrum. Regie f\u00fchrte Hans Steinbichler. Zur Hauptbesetzung geh\u00f6ren Wotan Wilke M\u00f6hring als Thorsten Falke, Gaite Jansen als Lynn de Baer und Denis Moschitto als Mario Schmidt.<\/p>\n<p class=\"\">Gedreht wurde unter anderem in Niedersachen (Emden und Umgebung), in den Niederlanden (Groningen und Umgebung sowie Winschoten) sowie in Hamburg.<\/p>\n<p class=\"\">Begleitend zum Krimi gibt es die neue &#8222;Tatort&#8220;-Doppelfolge auch als H\u00f6rfassung: mit den Original-Stimmen aller Schauspielerinnen und Schauspieler sowie einer Erz\u00e4hlstimme, die durch die Handlung der Geschichte f\u00fchrt. Die 180-minutige H\u00f6rfilmfassung steht ab Sonntag in der ARD Audiothek.<\/p>\n<p>        <img decoding=\"async\" src=\"https:\/\/www.europesays.com\/de\/wp-content\/uploads\/2025\/12\/tatort-230.webp\" alt=\"Die niederl\u00e4ndische Ermittlerin Lynn de Baer (Gaite Jansen) und Bundespolizist Falke (Wotan Wilke M\u00f6hring) ermitteln.\" title=\"Die niederl\u00e4ndische Ermittlerin Lynn de Baer (Gaite Jansen) und Bundespolizist Falke (Wotan Wilke M\u00f6hring) ermitteln. |  NDR\/Georges Pauly,\" class=\"responsive\" loading=\"lazy\"\/><\/p>\n<p>Thorsten Falke und sein neuer Kollege, Mario Schmitt, sollen das r\u00e4tselhafte Verschwinden eines verdeckten Ermittlers aufkl\u00e4ren.<\/p>\n<p>        <img decoding=\"async\" src=\"https:\/\/www.europesays.com\/de\/wp-content\/uploads\/2025\/12\/tatort-ermittler-100.webp\" alt=\"Zwei M\u00e4nner stehen auf einem Schiff und schauen in die Ferne.\" title=\"Zwei M\u00e4nner stehen auf einem Schiff und schauen in die Ferne. | NDR, Georges Pauly\" class=\"responsive\" loading=\"lazy\"\/><\/p>\n<p>Das neue Duo ist erstmals in einem Zweiteiler zu sehen, der am 21. Dezember hintereinander ausgestrahlt wird &#8211; ein Novum der Tatort-Reihe. <\/p>\n","protected":false},"excerpt":{"rendered":"Stand: 21.12.2025 00:00 Uhr Heute l\u00e4uft der erste Fall f\u00fcr das Ermittler-Duo Thorsten Falke und Mario Schmitt im&hellip;\n","protected":false},"author":2,"featured_media":661279,"comment_status":"","ping_status":"","sticky":false,"template":"","format":"standard","meta":{"footnotes":""},"categories":[1773],"tags":[154386,149606,29,154387,214,30,1722,9559,154388,471,1780,218,215,24284],"class_list":{"0":"post-661278","1":"post","2":"type-post","3":"status-publish","4":"format-standard","5":"has-post-thumbnail","7":"category-serien","8":"tag-auftragsmorde","9":"tag-denis-moschitto","10":"tag-deutschland","11":"tag-ein-guter-tag","12":"tag-entertainment","13":"tag-germany","14":"tag-jugendliche","15":"tag-krimis","16":"tag-schwarzer-schnee","17":"tag-serien","18":"tag-series","19":"tag-tatort","20":"tag-unterhaltung","21":"tag-wotan-wilke-moehring"},"share_on_mastodon":{"url":"https:\/\/pubeurope.com\/@de\/115755741121805926","error":""},"_links":{"self":[{"href":"https:\/\/www.europesays.com\/de\/wp-json\/wp\/v2\/posts\/661278","targetHints":{"allow":["GET"]}}],"collection":[{"href":"https:\/\/www.europesays.com\/de\/wp-json\/wp\/v2\/posts"}],"about":[{"href":"https:\/\/www.europesays.com\/de\/wp-json\/wp\/v2\/types\/post"}],"author":[{"embeddable":true,"href":"https:\/\/www.europesays.com\/de\/wp-json\/wp\/v2\/users\/2"}],"replies":[{"embeddable":true,"href":"https:\/\/www.europesays.com\/de\/wp-json\/wp\/v2\/comments?post=661278"}],"version-history":[{"count":0,"href":"https:\/\/www.europesays.com\/de\/wp-json\/wp\/v2\/posts\/661278\/revisions"}],"wp:featuredmedia":[{"embeddable":true,"href":"https:\/\/www.europesays.com\/de\/wp-json\/wp\/v2\/media\/661279"}],"wp:attachment":[{"href":"https:\/\/www.europesays.com\/de\/wp-json\/wp\/v2\/media?parent=661278"}],"wp:term":[{"taxonomy":"category","embeddable":true,"href":"https:\/\/www.europesays.com\/de\/wp-json\/wp\/v2\/categories?post=661278"},{"taxonomy":"post_tag","embeddable":true,"href":"https:\/\/www.europesays.com\/de\/wp-json\/wp\/v2\/tags?post=661278"}],"curies":[{"name":"wp","href":"https:\/\/api.w.org\/{rel}","templated":true}]}}