{"id":66128,"date":"2025-04-27T19:13:16","date_gmt":"2025-04-27T19:13:16","guid":{"rendered":"https:\/\/www.europesays.com\/de\/66128\/"},"modified":"2025-04-27T19:13:16","modified_gmt":"2025-04-27T19:13:16","slug":"im-bett-geraucht-mann-wird-bei-feuer-in-wohnung-schwer-verletzt-regional","status":"publish","type":"post","link":"https:\/\/www.europesays.com\/de\/66128\/","title":{"rendered":"Im Bett geraucht: Mann wird bei Feuer in Wohnung schwer verletzt | Regional"},"content":{"rendered":"<p>Glinde (Schleswig-Holstein) \u2013 <b>Im Bett rauchen \u2014 das kann gewaltig schiefgehen. Wie vermutlich bei einem Mann in Glinde, direkt an der Landesgrenze zu Hamburg. In seiner Wohnung loderten pl\u00f6tzlich Flammen. <\/b><\/p>\n<p>Am Ende musste er mit Verbrennungen dritten Grades ins <a href=\"https:\/\/www.bild.de\/themen\/organisationen\/krankenhaus\/krankenhaus-nachrichten-news-fotos-videos-42750176.bild.html\" class=\"text-link\" target=\"_blank\" rel=\"noopener\">Krankenhaus<\/a> Boberg in <a href=\"https:\/\/www.bild.de\/regional\/hamburg\/hamburg-regional\/home-16344102.bild.html\" class=\"text-link\" target=\"_blank\" rel=\"noopener\">Hamburg<\/a>-Bergedorf eingeliefert werden. Ein Nachbar und ein weiterer Bewohner wurden ebenfalls verletzt. Zum Gl\u00fcck nur leicht.<\/p>\n<p><img decoding=\"async\" width=\"992\" height=\"558\" alt=\"Ein weiterer Mieter erlitt eine Rauchvergiftung. Auch eer wurde abtransportiert\" src=\"https:\/\/www.europesays.com\/de\/wp-content\/uploads\/2025\/04\/4318c1c6c30540845a2b8885d2f3b4af,30a72c79\"   class=\"landscape\" loading=\"lazy\"\/><\/p>\n<p class=\"fig__caption__text\">Ein weiterer Mieter erlitt eine Rauchvergiftung. Auch er wurde abtransportiert<\/p>\n<p>Foto: Christoph Leimig<\/p>\n<p>Die <a href=\"https:\/\/www.bild.de\/themen\/organisationen\/feuerwehr\/politik-nachrichten-news-fotos-videos-20421624.bild.html\" class=\"text-link\" target=\"_blank\" rel=\"noopener\">Feuerwehr<\/a> Glinde war um 14.36 Uhr alarmiert worden. Sie raste mit 30 Mann zum Einsatzort im Oher Weg. Ebenso mehrere Rettungswagen und die <a href=\"https:\/\/www.bild.de\/regional\/aktuelles\/polizei\/polizeieinsatz-alle-infos-76681760.bild.html\" class=\"text-link\" target=\"_blank\" rel=\"noopener\">Polizei<\/a>.  Das <a href=\"https:\/\/www.bild.de\/themen\/ereignisse\/braende-und-feuer-kcCBhSDxfE9cAkTeE6kA\" class=\"text-link\" target=\"_blank\" rel=\"noopener\">Feuer<\/a> war im vierten Stock des Mehrfamilienhauses ausgebrochen. <\/p>\n<p>Gl\u00fcck im Ungl\u00fcck: Die Wache der Feuerwehr liegt in unmittelbarer N\u00e4he an der S\u00f6nke-Nissen-Allee. <\/p>\n<p><img decoding=\"async\" width=\"992\" height=\"558\" alt=\"Alles voller Ru\u00df: ein Blick in die Feuer-Wohnung\" src=\"https:\/\/www.europesays.com\/de\/wp-content\/uploads\/2025\/04\/aa4394aca7d99f6af8ce3599539b366f,15b919b5\"   class=\"landscape\" loading=\"lazy\"\/><\/p>\n<p class=\"fig__caption__text\">Alles voller Ru\u00df: ein Blick in die Feuer-Wohnung<\/p>\n<p>Foto: Christoph Leimig<\/p>\n<p>Verr\u00fcckt: Trotz seiner schweren Brandwunden schleppte der Mann, in dessen Wohnung der Brand ausgebrochen war, noch eine brennende Matratze ins Treppenhaus.<\/p>\n<p>Lesen Sie auch<\/p>\n<p><b>Dies entpuppte sich allerdings als keine gute Idee: Der gesamte Flur verru\u00dfte, die anderen Mieter k\u00f6nnen vorerst nicht zur\u00fcck in ihre Wohnungen, m\u00fcssen sich erstmal eine andere Bleibe suchen.<\/b><\/p>\n<p>Den Brand hatten die Feuerwehrleute sehr schnell unter Kontrolle. Kurz vor 16 Uhr war alles gel\u00f6scht.<\/p>\n","protected":false},"excerpt":{"rendered":"Glinde (Schleswig-Holstein) \u2013 Im Bett rauchen \u2014 das kann gewaltig schiefgehen. Wie vermutlich bei einem Mann in Glinde,&hellip;\n","protected":false},"author":2,"featured_media":66129,"comment_status":"","ping_status":"","sticky":false,"template":"","format":"standard","meta":{"footnotes":""},"categories":[1826],"tags":[2919,29,985,30,29505,692,12856,3263,12182,121,29506,1971,45,29507,626],"class_list":{"0":"post-66128","1":"post","2":"type-post","3":"status-publish","4":"format-standard","5":"has-post-thumbnail","7":"category-hamburg","8":"tag-brand","9":"tag-deutschland","10":"tag-feuerwehr","11":"tag-germany","12":"tag-glinde","13":"tag-hamburg","14":"tag-hausbrand","15":"tag-krankenhaus","16":"tag-mehrfamilienhaus","17":"tag-polizei","18":"tag-rauchvergiftung","19":"tag-schleswig-holstein","20":"tag-texttospeech","21":"tag-verbrennungschirurgie","22":"tag-wohnung"},"share_on_mastodon":{"url":"https:\/\/pubeurope.com\/@de\/114411523650497452","error":""},"_links":{"self":[{"href":"https:\/\/www.europesays.com\/de\/wp-json\/wp\/v2\/posts\/66128","targetHints":{"allow":["GET"]}}],"collection":[{"href":"https:\/\/www.europesays.com\/de\/wp-json\/wp\/v2\/posts"}],"about":[{"href":"https:\/\/www.europesays.com\/de\/wp-json\/wp\/v2\/types\/post"}],"author":[{"embeddable":true,"href":"https:\/\/www.europesays.com\/de\/wp-json\/wp\/v2\/users\/2"}],"replies":[{"embeddable":true,"href":"https:\/\/www.europesays.com\/de\/wp-json\/wp\/v2\/comments?post=66128"}],"version-history":[{"count":0,"href":"https:\/\/www.europesays.com\/de\/wp-json\/wp\/v2\/posts\/66128\/revisions"}],"wp:featuredmedia":[{"embeddable":true,"href":"https:\/\/www.europesays.com\/de\/wp-json\/wp\/v2\/media\/66129"}],"wp:attachment":[{"href":"https:\/\/www.europesays.com\/de\/wp-json\/wp\/v2\/media?parent=66128"}],"wp:term":[{"taxonomy":"category","embeddable":true,"href":"https:\/\/www.europesays.com\/de\/wp-json\/wp\/v2\/categories?post=66128"},{"taxonomy":"post_tag","embeddable":true,"href":"https:\/\/www.europesays.com\/de\/wp-json\/wp\/v2\/tags?post=66128"}],"curies":[{"name":"wp","href":"https:\/\/api.w.org\/{rel}","templated":true}]}}