{"id":661286,"date":"2025-12-21T04:49:21","date_gmt":"2025-12-21T04:49:21","guid":{"rendered":"https:\/\/www.europesays.com\/de\/661286\/"},"modified":"2025-12-21T04:49:21","modified_gmt":"2025-12-21T04:49:21","slug":"marktwerte-bundesliga-karl-auf-rekordkurs-groesstes-minus-fuer-kane-musiala","status":"publish","type":"post","link":"https:\/\/www.europesays.com\/de\/661286\/","title":{"rendered":"Marktwerte Bundesliga: Karl auf Rekordkurs \u2013 Gr\u00f6\u00dftes Minus f\u00fcr Kane &#038; Musiala"},"content":{"rendered":"<p>Historische Werte beim FC &amp; HSV\u00a0<\/p>\n<p>                                    <img decoding=\"async\" src=\"https:\/\/www.europesays.com\/de\/wp-content\/uploads\/2025\/12\/bundesliga-update-dec-2025-spotlight-1-1766058212-185533.png\" title=\"Marktwerte Bundesliga: Karl auf Rekordkurs \u2013 Gr\u00f6\u00dftes Minus f\u00fcr Kane &amp; Musiala\" alt=\"Marktwerte Bundesliga: Karl auf Rekordkurs \u2013 Gr\u00f6\u00dftes Minus f\u00fcr Kane &amp; Musiala\"\/><\/p>\n<p>\n                                       \u00a9TM\/IMAGO\n                                    <\/p>\n<p>Kurz vor der Winterpause gibt es f\u00fcr <a href=\"https:\/\/www.transfermarkt.de\/bundesliga\/marktwertaenderungen\/wettbewerb\/L1\" target=\"_blank\" rel=\"nofollow noopener\">496 Bundesliga-Spieler neue Marktwerte<\/a>, und die f\u00fcnf gr\u00f6\u00dften Gewinner sind 17, 18 und dreimal 19 Jahre alt. Das Update bringt die erste Abwertung in <a title=\"Jamal Musiala\" href=\"https:\/\/www.transfermarkt.de\/jamal-musiala\/profil\/spieler\/580195\" target=\"_blank\" rel=\"nofollow noopener\">Jamal Musialas<\/a> Karriere, einen pers\u00f6nlichen Rekordwert f\u00fcr <a title=\"Nico Schlotterbeck\" href=\"https:\/\/www.transfermarkt.de\/nico-schlotterbeck\/profil\/spieler\/388198\" target=\"_blank\" rel=\"nofollow noopener\">Nico Schlotterbeck<\/a> und den jeweils wertvollsten Spieler, der jemals beim <a title=\"Hamburger SV\" href=\"https:\/\/www.transfermarkt.de\/hamburger-sv\/startseite\/verein\/41\" target=\"_blank\" rel=\"nofollow noopener\">Hamburger SV<\/a> bzw. <a title=\"1.FC K\u00f6ln\" href=\"https:\/\/www.transfermarkt.de\/1fc-k-ln\/startseite\/verein\/3\" target=\"_blank\" rel=\"nofollow noopener\">1. FC K\u00f6ln<\/a> unter Vertrag stand.<\/p>\n<p><a href=\"https:\/\/www.transfermarkt.de\/bundesliga\/marktwertaenderungen\/wettbewerb\/L1\" target=\"_blank\" rel=\"nofollow noopener\"><br \/>\n    <img loading=\"lazy\" decoding=\"async\" class=\"innews\" src=\"https:\/\/www.europesays.com\/de\/wp-content\/uploads\/2025\/12\/bundesliga-update-dezember-2025-innews-banner-1766058248-185534.jpg\" alt=\"Alle neuen Bundesliga-Marktwerte auf einen Blick\" width=\"503\" height=\"148\"\/><\/p>\n<p><\/a><\/p>\n<p>Der wertvollste Spieler im Kader des <a title=\"FC Bayern M\u00fcnchen\" href=\"https:\/\/www.transfermarkt.de\/fc-bayern-m-nchen\/startseite\/verein\/27\" target=\"_blank\" rel=\"nofollow noopener\">FC Bayern<\/a> ist <a title=\"Lennart Karl\" href=\"https:\/\/www.transfermarkt.de\/lennart-karl\/profil\/spieler\/1075147\" target=\"_blank\" rel=\"nofollow noopener\">Lennart Karl<\/a> noch lange nicht, daf\u00fcr aber der <a href=\"https:\/\/www.transfermarkt.de\/spieler-statistik\/wertvollstespieler\/marktwertetop\/plus\/0\/galerie\/0?ausrichtung=alle&amp;spielerposition_id=alle&amp;altersklasse=u17&amp;jahrgang=0&amp;land_id=0&amp;kontinent_id=0&amp;yt0=Anzeigen\" target=\"_blank\" rel=\"nofollow noopener\">weltweit wertvollste Fu\u00dfballer bis 17 Jahre<\/a>. Die Formkurve des M\u00fcnchner Eigengew\u00e4chses kennt nur eine Richtung \u2013 genau wie sein Marktwert. Dieser klettert von 20 Millionen auf 60 Millionen Euro und macht ihn nicht nur zum gr\u00f6\u00dften Gewinner dieses Updates, sondern zum gr\u00f6\u00dften Marktwert-Gewinner der Bundesliga-Geschichte. Seit der Einf\u00fchrung der Marktwerte auf Transfermarkt im Jahr 2004 gab es keine gr\u00f6\u00dfere Aufwertung. Der offensive Mittelfeldspieler erhielt Mitte Juni einen Startwert von 1,5 Mio. Euro und z\u00e4hlt sechs Monate sp\u00e4ter schon zu den <a href=\"https:\/\/www.transfermarkt.de\/bundesliga\/marktwerte\/wettbewerb\/L1\" target=\"_blank\" rel=\"nofollow noopener\">zehn wertvollsten Profis der Bundesliga<\/a>.<\/p>\n<p><\/p>\n<p>Marktwert-Koordinator Tobias Kr\u00f6ger sagt \u00fcber Karl: \u201eDer 17-J\u00e4hrige hat sich innerhalb von wenigen Wochen in der Bayern-Mannschaft festgespielt und gezeigt, dass er einer der spannendsten Spieler der Saison ist. Auch in der Champions League konnte er in drei aufeinanderfolgenden Spielen treffen \u2013 in seinem Alter schaffte das noch niemand.\u201c<\/p>\n<p>\nErstes Marktwert-Minus der Karriere \u2013 FC Bayerns Musiala abgewertet<\/p>\n<p>Verletzungsbedingt konnte Musiala in dieser Saison noch gar nicht auf sich aufmerksam machen, und so f\u00e4llt der Marktwert des <a href=\"https:\/\/www.transfermarkt.de\/spieler-statistik\/wertvollstespieler\/marktwertetop\/plus\/0\/galerie\/0?ausrichtung=alle&amp;spielerposition_id=alle&amp;altersklasse=alle&amp;jahrgang=0&amp;land_id=40&amp;kontinent_id=0&amp;yt0=Anzeigen\" target=\"_blank\" rel=\"nofollow noopener\">wertvollsten deutschen Fu\u00dfballers<\/a> um 10 Mio. auf 130 Mio. Euro. Damit teilt sich der Offensiv-Allrounder den 1. Platz im Ranking der wertvollsten Bundesliga-Profis nun mit seinem Teamkollegen <a title=\"Michael Olise\" href=\"https:\/\/www.transfermarkt.de\/michael-olise\/profil\/spieler\/566723\" target=\"_blank\" rel=\"nofollow noopener\">Michael Olise<\/a>.<\/p>\n<p><\/p>\n<p>\u201eIm Rahmen der Winter-Updates hat sich Transfermarkt dazu entschlossen, die Top-Spieler genauer unter die Lupe zu nehmen. Dabei kam es zu einer <a href=\"https:\/\/www.transfermarkt.de\/spieler-statistik\/wertvollstespieler\/marktwertetop\/plus\/0\/galerie\/0?ausrichtung=alle&amp;spielerposition_id=alle&amp;altersklasse=alle&amp;jahrgang=0&amp;land_id=0&amp;kontinent_id=0&amp;yt0=Anzeigen\" target=\"_blank\" rel=\"nofollow noopener\">neuen Sortierung in der Top 10<\/a>. Musiala erholt sich noch immer von seiner schweren Verletzung und es ist nicht genau absehbar, wann er wieder auf dem Platz steht. Neben ihm haben auch Stars wie Bukayo Saka, Jude Bellingham, Florian Wirtz oder Alexander Isak Abwertungen erhalten\u201c, begr\u00fcndet Marktwert-Experte Julius Wei\u00dfenstein.<\/p>\n<p><\/p>\n<p>Sogar f\u00fcr den <a href=\"https:\/\/www.transfermarkt.de\/scorer\/toptorschuetzen\/statistik\/2025\/plus\/0\/galerie\/0?saison_id=2025&amp;selectedOptionKey=8&amp;land_id=0&amp;altersklasse=&amp;ausrichtung=&amp;spielerposition_id=&amp;yt0=Anzeigen\" target=\"_blank\" rel=\"nofollow noopener\">treffsichersten Spieler der Welt<\/a> gibt es eine Abwertung, die zu 100 Prozent altersbedingt stattfindet: <a title=\"Harry Kane\" href=\"https:\/\/www.transfermarkt.de\/harry-kane\/profil\/spieler\/132098\" target=\"_blank\" rel=\"nofollow noopener\">Harry Kane<\/a> erh\u00e4lt das vierte Minus in Serie, diesmal von 75 Mio. auf 65 Mio. Euro. Damit ist der Bayern-St\u00fcrmer in der <a href=\"https:\/\/www.transfermarkt.de\/spieler-statistik\/wertvollstespieler\/marktwertetop\/plus\/0\/galerie\/0?ausrichtung=alle&amp;spielerposition_id=alle&amp;altersklasse=o32&amp;jahrgang=0&amp;land_id=0&amp;kontinent_id=0&amp;yt0=Anzeigen\" target=\"_blank\" rel=\"nofollow noopener\">Altersklasse ab 32 Jahren<\/a> so viel wert wie <a title=\"Mohamed Salah\" href=\"https:\/\/www.transfermarkt.de\/mohamed-salah\/profil\/spieler\/148455\" rel=\"nofollow noopener\" target=\"_blank\">Mohamed Salah<\/a>, <a title=\"Kevin De Bruyne\" href=\"https:\/\/www.transfermarkt.de\/kevin-de-bruyne\/profil\/spieler\/88755\" rel=\"nofollow noopener\" target=\"_blank\">Kevin De Bruyne<\/a> und <a title=\"Thibaut Courtois\" href=\"https:\/\/www.transfermarkt.de\/thibaut-courtois\/profil\/spieler\/108390\" rel=\"nofollow noopener\" target=\"_blank\">Thibaut Courtois<\/a> zusammen, die auf den Pl\u00e4tzen zwei bis vier Folgen.<\/p>\n<p><\/p>\n<p>    <img loading=\"lazy\" decoding=\"async\" class=\"innews\" src=\"https:\/\/www.europesays.com\/de\/wp-content\/uploads\/2025\/12\/bundesliga-update-dezember-2025-grosste-marktwert-verlierer-1766058154-185532.png\" alt=\"Die gr\u00f6\u00dften Marktwert-Verlierer der Bundesliga\" width=\"503\" height=\"629\"\/><\/p>\n<p>\nBVB steigert Kaderwert trotz neun Abwertungen<\/p>\n<p><a href=\"https:\/\/www.transfermarkt.de\/bundesliga\/marktwertaenderungen\/wettbewerb\/L1\/plus\/\/galerie\/0?verein_id=27&amp;land_id=0&amp;pos=&amp;detailpos=\" target=\"_blank\" rel=\"nofollow noopener\">Nach f\u00fcnf Auf- und neun Abwertungen<\/a> \u2013 darunter <a title=\"Min-jae Kim\" href=\"https:\/\/www.transfermarkt.de\/min-jae-kim\/profil\/spieler\/503482\" rel=\"nofollow noopener\" target=\"_blank\">Min-jae Kim<\/a> (-7 auf 25 Mio.), <a title=\"Serge Gnabry\" href=\"https:\/\/www.transfermarkt.de\/serge-gnabry\/profil\/spieler\/159471\" rel=\"nofollow noopener\" target=\"_blank\">Serge Gnabry<\/a> (-2 auf 20 Mio.) und <a title=\"Leon Goretzka\" href=\"https:\/\/www.transfermarkt.de\/leon-goretzka\/profil\/spieler\/153084\" rel=\"nofollow noopener\" target=\"_blank\">Leon Goretzka<\/a> (-7 auf 15 Mio.) \u2013 steigt der Kaderwert des Rekordmeisters um 28 Mio. Euro auf 980 Mio. Euro. Im <a href=\"https:\/\/www.transfermarkt.de\/spieler-statistik\/wertvollstemannschaften\/marktwertetop\" target=\"_blank\" rel=\"nofollow noopener\">internationalen Vergleich<\/a> verteidigt man damit den 8. Platz unter den wertvollsten Kadern hinter dem FC Liverpool.<\/p>\n<p><a title=\"Borussia Dortmund\" href=\"https:\/\/www.transfermarkt.de\/borussia-dortmund\/startseite\/verein\/16\" target=\"_blank\" rel=\"nofollow noopener\">Borussia Dortmund<\/a> verzeichnet trotz <a href=\"https:\/\/www.transfermarkt.de\/bundesliga\/marktwertaenderungen\/wettbewerb\/L1\/plus\/\/galerie\/0?verein_id=16&amp;land_id=0&amp;pos=&amp;detailpos=\" target=\"_blank\" rel=\"nofollow noopener\">zehn Abwertungen und lediglich vier Aufwertungen<\/a> ein Plus von 10,9 Mio. auf 511 Mio. Euro und \u00fcberholt im internationalen Ranking Crystal Palace und Napoli. Dass der BVB nun Platz 18 belegt, verdankt er dem Karriere-H\u00f6chstwert von <a title=\"Nico Schlotterbeck\" href=\"https:\/\/www.transfermarkt.de\/nico-schlotterbeck\/profil\/spieler\/388198\" rel=\"nofollow noopener\" target=\"_blank\">Nico Schlotterbeck<\/a>, der von 40 Mio. auf 55 Mio. Euro steigt. Damit verpasst der nun wertvollste deutsche Abwehrspieler nur knapp die <a href=\"https:\/\/www.transfermarkt.de\/spieler-statistik\/wertvollstespieler\/marktwertetop\/plus\/0\/galerie\/0?ausrichtung=alle&amp;spielerposition_id=3&amp;altersklasse=alle&amp;jahrgang=0&amp;land_id=0&amp;kontinent_id=0&amp;yt0=Anzeigen\" target=\"_blank\" rel=\"nofollow noopener\">Top-10 der wertvollsten Innenverteidiger der Welt<\/a>.<\/p>\n<p><\/p>\n<p>Marktwert-Experte Wei\u00dfenstein sagt: \u201eDank seines 2027 auslaufenden Vertrages gepaart mit konstant starken Leistungen r\u00fcckt Schlotterbeck mehr und mehr in das Blickfeld von Bayern M\u00fcnchen, Bar\u00e7a und Liverpool. Eine schnelle Vertragsverl\u00e4ngerung ist nicht in Sicht, da der Spieler scheinbar die Qual der Wahl hat. Spielerisch ist er einer der besten Innenverteidiger der Welt, der sich auch in der Nationalmannschaft durchgesetzt hat.\u201c<\/p>\n<p>Einen neuen Karriereh\u00f6chstwert verbucht dank eines Plus um 10 Mio. auf 45 Mio. Euro auch Mittelfeldspieler <a title=\"Felix Nmecha\" href=\"https:\/\/www.transfermarkt.de\/felix-nmecha\/profil\/spieler\/406640\" rel=\"nofollow noopener\" target=\"_blank\">Felix Nmecha<\/a>, der seit April verletzungsfrei ist und seine Klasse mit guten Leistungen in der Bundesliga, der Champions League und der DFB-Auswahl unter Beweis stellt. Zu den Marktwert-Verlierern der Borussia z\u00e4hlen u. a. der zuletzt gl\u00fccklose <a title=\"Serhou Guirassy\" href=\"https:\/\/www.transfermarkt.de\/serhou-guirassy\/profil\/spieler\/270541\" rel=\"nofollow noopener\" target=\"_blank\">Serhou Guirassy<\/a> (-5 auf 40 Mio.), Neuzugang <a title=\"Jobe Bellingham\" href=\"https:\/\/www.transfermarkt.de\/jobe-bellingham\/profil\/spieler\/796297\" rel=\"nofollow noopener\" target=\"_blank\">Jobe Bellingham<\/a> (-5 auf 25 Mio.) sowie der dienst\u00e4lteste Dortmunder <a title=\"Julian Brandt\" href=\"https:\/\/www.transfermarkt.de\/julian-brandt\/profil\/spieler\/187492\" rel=\"nofollow noopener\" target=\"_blank\">Julian Brandt<\/a> (-5 auf 20 Mio.).<\/p>\n<p><\/p>\n<p>Als Brandt 2019 von Leverkusen nach Dortmund wechselte, war <a title=\"Said El Mala\" href=\"https:\/\/www.transfermarkt.de\/said-el-mala\/profil\/spieler\/1168219\" rel=\"nofollow noopener\" target=\"_blank\">Said El Mala<\/a> zw\u00f6lf Jahre alt und tr\u00e4umte von der Bundesliga \u2013 heute ist er der wertvollste Profi des <a title=\"1.FC K\u00f6ln\" href=\"https:\/\/www.transfermarkt.de\/1fc-k-ln\/startseite\/verein\/3\" target=\"_blank\" rel=\"nofollow noopener\">1. FC K\u00f6ln<\/a>. Mit seiner n\u00e4chsten gro\u00dfen Aufwertung von 18 Mio. auf 40 Mio. Euro \u00fcberholt er <a title=\"Lukas Podolski\" href=\"https:\/\/www.transfermarkt.de\/lukas-podolski\/profil\/spieler\/15185\" rel=\"nofollow noopener\" target=\"_blank\">Lukas Podolski<\/a>, <a title=\"Anthony Modeste\" href=\"https:\/\/www.transfermarkt.de\/anthony-modeste\/profil\/spieler\/50512\" rel=\"nofollow noopener\" target=\"_blank\">Anthony Modeste<\/a> und <a title=\"Jonas Hector\" href=\"https:\/\/www.transfermarkt.de\/jonas-hector\/profil\/spieler\/108537\" rel=\"nofollow noopener\" target=\"_blank\">Jonas Hector<\/a> als <a href=\"https:\/\/www.transfermarkt.de\/1-fc-koln\/wertvollsteSpielerVereinshistorie\/verein\/3\" target=\"_blank\" rel=\"nofollow noopener\">wertvollster FC-Spieler seit dem Start der Marktwerte<\/a> auf Transfermarkt. Das Trio erreichte im K\u00f6lner Trikot jeweils 20 Mio. Euro. Das <a href=\"https:\/\/www.transfermarkt.de\/news\/view?id=464491\" target=\"_blank\" rel=\"nofollow noopener\">sagen El Mala und FC-Sportdirektor Thomas Kessler bei Transfermarkt \u00fcber den neuen Rekord-Marktwert<\/a>.<\/p>\n<p>Marktwert-Koordinator Kr\u00f6ger meint: \u201eSeine atemberaubenden Tempodribblings rei\u00dfen die Zuschauer von den Sitzen. Sein toller Schuss und hervorragende Technik machen ihn zu einem Spieler mit einem ganz besonderen Gesamtpaket. Dies erkannte auch Nationaltrainer Julian Nagelsmann und nominierte ihn erstmals f\u00fcr den DFB. El Mala d\u00fcrfte eine der hei\u00dfesten Aktien der kommenden Transferphasen sein.\u201c<\/p>\n<p><\/p>\n<p>W\u00e4hrend sich die Domst\u00e4dter \u00fcber El Mala \u2013 Stand heute \u2013 bis 2030 freuen k\u00f6nnen, wird <a title=\"Luka Vuskovic\" href=\"https:\/\/www.transfermarkt.de\/luka-vuskovic\/profil\/spieler\/892160\" rel=\"nofollow noopener\" target=\"_blank\">Luka Vuskovic<\/a> den Hamburger SV im Sommer 2026 schon wieder in Richtung Tottenham verlassen. Der 18 Jahre alte Innenverteidiger ist nur f\u00fcr eine Saison per Leihe eine Rothose und bislang macht der Kroate seinen Job \u00fcberragend. Zum Leihbeginn lag sein Marktwert bei 12 Mio. Euro, ehe dieser im Oktober auf 18 Mio. Euro kletterte und nun bei 40 Mio. Euro steht.<\/p>\n<p><\/p>\n<p>    <img loading=\"lazy\" decoding=\"async\" class=\"innews\" src=\"https:\/\/www.europesays.com\/de\/wp-content\/uploads\/2025\/12\/bundesliga-update-dezember-2025-grosste-marktwert-gewinner-1766058119-185531.png\" alt=\"Die gr\u00f6\u00dften Marktwert-Gewinner der Bundesliga\" width=\"503\" height=\"629\"\/><\/p>\n<p>Damit macht es Vuskovic El Mala gleich und ist nun der <a href=\"https:\/\/www.transfermarkt.de\/hamburger-sv\/wertvollsteSpielerVereinshistorie\/verein\/41\" target=\"_blank\" rel=\"nofollow noopener\">wertvollste Profi in der HSV-Geschichte<\/a> \u2013 er beerbt <a title=\"Rafael van der Vaart\" href=\"https:\/\/www.transfermarkt.de\/rafael-van-der-vaart\/profil\/spieler\/4192\" rel=\"nofollow noopener\" target=\"_blank\">Rafael van der Vaart<\/a>, der diesen inoffiziellen Titel seit 2012 mit einem Marktwert von 24,5 Mio. Euro verteidigte.<\/p>\n<p>\nDank Diomande &amp; Ou\u00e9draogo: RB Leipzig gr\u00f6\u00dfter Marktwert-Gewinner<\/p>\n<p>Noch eine Etage h\u00f6her geht es f\u00fcr <a title=\"Yan Diomande\" href=\"https:\/\/www.transfermarkt.de\/yan-diomande\/profil\/spieler\/1390649\" target=\"_blank\" rel=\"nofollow noopener\">RB Leipzigs<\/a> <a title=\"Yan Diomande\" href=\"https:\/\/www.transfermarkt.de\/yan-diomande\/profil\/spieler\/1390649\" rel=\"nofollow noopener\" target=\"_blank\">Yan Diomande<\/a>, der daf\u00fcr sorgt, dass man in der Bundesliga gro\u00dfe Schwierigkeiten haben d\u00fcrfte, um zu entscheiden, wer der gr\u00f6\u00dfte Senkrechtstarter dieser Saison ist. Der 19 Jahre alte Ivorer ist hinter <a title=\"Christoph Baumgartner\" href=\"https:\/\/www.transfermarkt.de\/christoph-baumgartner\/profil\/spieler\/324278\" rel=\"nofollow noopener\" target=\"_blank\">Christoph Baumgartner<\/a> (+8 auf 20 Mio.) der Top-Scorer der wiedererstarkten Roten Bullen und klettert von 20 Mio. auf 45 Mio. Euro. Damit ist Diomande der wertvollste Spieler im Kader und wird nach nur f\u00fcnf Monaten in Sachsen mit Manchester City, Tottenham und Arsenal in Verbindung gebracht.<\/p>\n<p><\/p>\n<p>Quasi als Neuzugang k\u00f6nnte auch <a title=\"Assan Ou\u00e9draogo\" href=\"https:\/\/www.transfermarkt.de\/assan-ouedraogo\/profil\/spieler\/897424\" rel=\"nofollow noopener\" target=\"_blank\">Assan Ou\u00e9draogo<\/a> betrachtet werden. Nach seinem 10-Millionen-Transfer von Schalke nach Leipzig verpasste der 19 Jahre alte Mittelfeldspieler seine Deb\u00fct-Saison verletzungsbedingt fast komplett, um 2025\/26 durchzustarten. Mit 500 teils \u00fcberragenden Minuten im RB-Trikot verdiente sich Ou\u00e9draogo die Nominierung f\u00fcr die Nationalmannschaft und traf bei seinem Deb\u00fct zum 6:0-Endstand gegen die Slowakei.<\/p>\n<p>Kurz darauf folgte eine Knieverletzung \u2013 nichtsdestotrotz verbucht das Schalker Eigengew\u00e4chs mit einem Plus von 18 Mio. auf 28 Mio. Euro eine der gr\u00f6\u00dften Aufwertungen dieses Updates. Der Leipziger Kader steigt um 48 Mio. auf 414 Mio. Euro und ist der ligaweit gr\u00f6\u00dfte Gewinner. Im internationalen Vergleich reicht das f\u00fcr Platz 27 hinter <a title=\"Bayer 04 Leverkusen\" href=\"https:\/\/www.transfermarkt.de\/bayer-04-leverkusen\/startseite\/verein\/15\" target=\"_blank\" rel=\"nofollow noopener\">Bayer Leverkusen<\/a> (+17,7 auf 444 Mio.) und vor der AS Roma (401 Mio.).<\/p>\n<p><\/p>\n<p>Die Liste der gro\u00dfen Marktwert-Gewinner unter den Senkrechtstartern dieser Saison ist noch lange nicht zu Ende: <a title=\"TSG 1899 Hoffenheim\" href=\"https:\/\/www.transfermarkt.de\/tsg-1899-hoffenheim\/startseite\/verein\/533\" target=\"_blank\" rel=\"nofollow noopener\">Hoffenheims<\/a> <a title=\"Fisnik Asllani\" href=\"https:\/\/www.transfermarkt.de\/fisnik-asllani\/profil\/spieler\/524290\" rel=\"nofollow noopener\" target=\"_blank\">Fisnik Asllani<\/a> (+12 auf 30 Mio.) zeigt eindrucksvoll, dass er seine Trefferquote aus der 2. Liga auch in der Bundesliga halten kann und sein 19 Jahre alter Sturmpartner <a title=\"Bazoumana Tour\u00e9\" href=\"https:\/\/www.transfermarkt.de\/bazoumana-toure\/profil\/spieler\/1067904\" rel=\"nofollow noopener\" target=\"_blank\">Bazoumana Tour\u00e9<\/a> (+10 auf 25 Mio.) ist ihm in Sachen Marktwert auf den Fersen.<\/p>\n<p>In Leverkusen geht es f\u00fcr die 19, 20 und 21 Jahre alten Neuzug\u00e4nge <a title=\"Christian Kofane\" href=\"https:\/\/www.transfermarkt.de\/christian-kofane\/profil\/spieler\/1364454\" rel=\"nofollow noopener\" target=\"_blank\">Christian Kofane<\/a> (+10 auf 22 Mio.), <a title=\"Ibrahim Maza\" href=\"https:\/\/www.transfermarkt.de\/ibrahim-maza\/profil\/spieler\/905011\" rel=\"nofollow noopener\" target=\"_blank\">Ibrahim Maza<\/a> (+13 auf 25 Mio.) und <a title=\"Ernest Poku\" href=\"https:\/\/www.transfermarkt.de\/ernest-poku\/profil\/spieler\/718303\" rel=\"nofollow noopener\" target=\"_blank\">Ernest Poku<\/a> (+10 auf 20 Mio.) steil nach oben \u2013 das Trio funktioniert unter Trainer <a title=\"Kasper Hjulmand\" href=\"https:\/\/www.transfermarkt.de\/kasper-hjulmand\/profil\/trainer\/5372\" rel=\"nofollow noopener\" target=\"_blank\">Kasper Hjulmand<\/a> immer besser und z\u00e4hlt schon zum Stammpersonal. In Bremen avanciert derweil Ex-HSV-Talent <a title=\"Karim Coulibaly\" href=\"https:\/\/www.transfermarkt.de\/karim-coulibaly\/profil\/spieler\/1084638\" rel=\"nofollow noopener\" target=\"_blank\">Karim Coulibaly<\/a> (+12 auf 20 Mio.) nach einer starken Hinrunde mit 18 Jahren zum wertvollsten Werder-Profi.<\/p>\n<p><\/p>\n<p>Wertvollster Fu\u00dfballer im aktuellen Kader des <a title=\"SC Freiburg\" href=\"https:\/\/www.transfermarkt.de\/sc-freiburg\/startseite\/verein\/60\" target=\"_blank\" rel=\"nofollow noopener\">SC Freiburg<\/a> ist seit diesem Update <a title=\"Johan Manzambi\" href=\"https:\/\/www.transfermarkt.de\/johan-manzambi\/profil\/spieler\/927353\" rel=\"nofollow noopener\" target=\"_blank\">Johan Manzambi<\/a>, der seinen Marktwert auf 30 Mio. Euro verdoppelt. Der 20 Jahre alte Schweizer Mittelfeldspieler, der 2023 aus Genf in die Jugend des Sportclubs wechselte, ist historisch gesehen knapp hinter <a title=\"Nico Schlotterbeck\" href=\"https:\/\/www.transfermarkt.de\/nico-schlotterbeck\/profil\/spieler\/388198\" rel=\"nofollow noopener\" target=\"_blank\">Nico Schlotterbeck<\/a>, der vor seinem Transfer zum BVB im Sommer 2022 mit 33 Mio. Euro bewertet wurde.<\/p>\n<p>\nSo funktionieren die Transfermarkt-Marktwerte<\/p>\n<p>Die Transfermarkt-Marktwerte entstehen unter Ber\u00fccksichtigung verschiedener Preisfindungsmodelle sowie einem starken Einbezug der Transfermarkt-Community, die sich in detaillierten Diskussionen mit den Werten auseinandersetzt. Die Transfermarkt-Marktwerte sind nicht pauschal mit den tats\u00e4chlich gezahlten Abl\u00f6sesummen gleichzusetzen.<\/p>\n<p>Das Ziel ist nicht, einen Preis vorherzusagen, sondern einen Erwartungswert. Bei der Erhebung des Marktwertes sind in einem gewissen Ma\u00df sowohl individuelle Transfermodalit\u00e4ten als auch situative Rahmenbedingungen relevant. Beispiele dazu werden <a href=\"https:\/\/www.transfermarkt.de\/-marktwertdefinition\/thread\/forum\/67\/thread_id\/237454\" target=\"_blank\" rel=\"nofollow noopener\">hier<\/a> aufgef\u00fchrt. Transfermarkt verwendet keinen Algorithmus (<a href=\"https:\/\/www.transfermarkt.de\/-marktwertdefinition\/thread\/forum\/67\/thread_id\/237454\" target=\"_blank\" rel=\"nofollow noopener\">zur ausf\u00fchrlichen Marktwertdefinition<\/a>).<\/p>\n","protected":false},"excerpt":{"rendered":"Historische Werte beim FC &amp; HSV\u00a0 \u00a9TM\/IMAGO Kurz vor der Winterpause gibt es f\u00fcr 496 Bundesliga-Spieler neue Marktwerte,&hellip;\n","protected":false},"author":2,"featured_media":661287,"comment_status":"","ping_status":"","sticky":false,"template":"","format":"standard","meta":{"footnotes":""},"categories":[136],"tags":[623,297,829,119458,2367,152782,888,815,299,58993,29,134556,483,458,45760,68138,30,3150,11709,10588,35856,154389,81331,64373,102298,5973,1655,96014,298,265,2365,2915,97243],"class_list":{"0":"post-661286","1":"post","2":"type-post","3":"status-publish","4":"format-standard","5":"has-post-thumbnail","7":"category-sport","8":"tag-1-fc-koeln","9":"tag-1-fc-union-berlin","10":"tag-1-fc-heidenheim-1846","11":"tag-assan-ouedraogo","12":"tag-bayer-04-leverkusen","13":"tag-bazoumana-toure","14":"tag-borussia-dortmund","15":"tag-borussia-moenchengladbach","16":"tag-bundesliga","17":"tag-christian-kofane","18":"tag-deutschland","19":"tag-ernest-poku","20":"tag-fc-augsburg","21":"tag-fc-bayern-muenchen","22":"tag-felix-nmecha","23":"tag-fisnik-asllani","24":"tag-germany","25":"tag-hamburger-sv","26":"tag-harry-kane","27":"tag-ibrahim-maza","28":"tag-jamal-musiala","29":"tag-johan-manzambi","30":"tag-karim-coulibaly","31":"tag-lennart-karl","32":"tag-luka-vuskovic","33":"tag-nico-schlotterbeck","34":"tag-rb-leipzig","35":"tag-said-el-mala","36":"tag-sc-freiburg","37":"tag-sport","38":"tag-sv-werder-bremen","39":"tag-vfb-stuttgart","40":"tag-yan-diomande"},"share_on_mastodon":{"url":"","error":"Validation failed: Text character limit of 500 exceeded"},"_links":{"self":[{"href":"https:\/\/www.europesays.com\/de\/wp-json\/wp\/v2\/posts\/661286","targetHints":{"allow":["GET"]}}],"collection":[{"href":"https:\/\/www.europesays.com\/de\/wp-json\/wp\/v2\/posts"}],"about":[{"href":"https:\/\/www.europesays.com\/de\/wp-json\/wp\/v2\/types\/post"}],"author":[{"embeddable":true,"href":"https:\/\/www.europesays.com\/de\/wp-json\/wp\/v2\/users\/2"}],"replies":[{"embeddable":true,"href":"https:\/\/www.europesays.com\/de\/wp-json\/wp\/v2\/comments?post=661286"}],"version-history":[{"count":0,"href":"https:\/\/www.europesays.com\/de\/wp-json\/wp\/v2\/posts\/661286\/revisions"}],"wp:featuredmedia":[{"embeddable":true,"href":"https:\/\/www.europesays.com\/de\/wp-json\/wp\/v2\/media\/661287"}],"wp:attachment":[{"href":"https:\/\/www.europesays.com\/de\/wp-json\/wp\/v2\/media?parent=661286"}],"wp:term":[{"taxonomy":"category","embeddable":true,"href":"https:\/\/www.europesays.com\/de\/wp-json\/wp\/v2\/categories?post=661286"},{"taxonomy":"post_tag","embeddable":true,"href":"https:\/\/www.europesays.com\/de\/wp-json\/wp\/v2\/tags?post=661286"}],"curies":[{"name":"wp","href":"https:\/\/api.w.org\/{rel}","templated":true}]}}