{"id":661312,"date":"2025-12-21T05:05:12","date_gmt":"2025-12-21T05:05:12","guid":{"rendered":"https:\/\/www.europesays.com\/de\/661312\/"},"modified":"2025-12-21T05:05:12","modified_gmt":"2025-12-21T05:05:12","slug":"musik-von-alexander-eder-hilft-teenager-durch-die-behandlung","status":"publish","type":"post","link":"https:\/\/www.europesays.com\/de\/661312\/","title":{"rendered":"Musik von Alexander Eder hilft Teenager durch die Behandlung"},"content":{"rendered":"<p class=\"mb-6 text-xs md:text-m lg:text-l font-serif group-[.font-sans]:font-sans \">\n    Als das Handy klingelte, waren die Mutter und ihr Sohn Dennis gerade auf dem Heimweg von seiner Chemotherapie. Sie erinnert sich noch ganz genau an den Moment, als sie erfuhr, dass bald ein Herzenswunsch ihres an Krebs erkrankten Sohnes in Erf\u00fcllung gehen w\u00fcrde. Einmal ein Konzert des \u00f6sterreichischen Chartst\u00fcrmers Alexander Eder besuchen. W\u00e4hrend ihr Andrea Portsidis vom Verein \u201eHerzenw\u00fcnsche Allg\u00e4u\u201c die Nachricht \u00fcberbrachte, seien ihr am Steuer die Tr\u00e4nen die Wangen heruntergelaufen. \u201eUnd Dennis sa\u00df neben mir, hat sofort gegoogelt und gesagt: Aber Mama, das Konzert ist doch ausverkauft.\u201c Das war es in der Tat. Doch f\u00fcr den jungen Mann aus Leipheim (Kreis G\u00fcnzburg) gab es noch eine Karte. Und noch so viel mehr. Denn der Konzertabend in <a href=\"https:\/\/www.augsburger-allgemeine.de\/orte\/aa-muenchen\" target=\"_self\" class=\"underline \" rel=\"noopener\">M\u00fcnchen<\/a>, er war der Beginn von zwei wunderbaren neuen Freundschaften. Ausgegangen ist alles von einem Treffen an der Augsburger Uniklinik.\n  <\/p>\n<ul data-module-id=\"DragDropModule\" class=\"flex flex-wrap justify-start group-[.no-bookmarks]:hidden\">\n<li class=\"mb-3 mr-3\">\n    Katharina Indrich<\/p>\n<p>      Icon Haken im Kreis gesetzt<\/p>\n<p>      Icon Plus im Kreis<\/p>\n<\/li>\n<li class=\"mb-3 mr-3\">\n    Eder<\/p>\n<p>      Icon Haken im Kreis gesetzt<\/p>\n<p>      Icon Plus im Kreis<\/p>\n<\/li>\n<li class=\"mb-3 mr-3\">\n    M\u00fcnchen<\/p>\n<p>      Icon Haken im Kreis gesetzt<\/p>\n<p>      Icon Plus im Kreis<\/p>\n<\/li>\n<\/ul>\n","protected":false},"excerpt":{"rendered":"Als das Handy klingelte, waren die Mutter und ihr Sohn Dennis gerade auf dem Heimweg von seiner Chemotherapie.&hellip;\n","protected":false},"author":2,"featured_media":661313,"comment_status":"","ping_status":"","sticky":false,"template":"","format":"standard","meta":{"footnotes":""},"categories":[1846],"tags":[16733,154392,680,772,3364,154391,29,52302,548,663,3934,59127,30,13,59550,9091,1268,14,15,12,112175],"class_list":{"0":"post-661312","1":"post","2":"type-post","3":"status-publish","4":"format-standard","5":"has-post-thumbnail","7":"category-augsburg","8":"tag-allgaeu","9":"tag-andrea-portsidi","10":"tag-augsburg","11":"tag-bayern","12":"tag-de","13":"tag-dennis-binder","14":"tag-deutschland","15":"tag-eder","16":"tag-eu","17":"tag-europa","18":"tag-europe","19":"tag-florian-kuenstler","20":"tag-germany","21":"tag-headlines","22":"tag-herzenswunsch","23":"tag-krebstherapie","24":"tag-muenchen","25":"tag-nachrichten","26":"tag-news","27":"tag-schlagzeilen","28":"tag-uniklinik-augsburg"},"share_on_mastodon":{"url":"https:\/\/pubeurope.com\/@de\/115755818894902524","error":""},"_links":{"self":[{"href":"https:\/\/www.europesays.com\/de\/wp-json\/wp\/v2\/posts\/661312","targetHints":{"allow":["GET"]}}],"collection":[{"href":"https:\/\/www.europesays.com\/de\/wp-json\/wp\/v2\/posts"}],"about":[{"href":"https:\/\/www.europesays.com\/de\/wp-json\/wp\/v2\/types\/post"}],"author":[{"embeddable":true,"href":"https:\/\/www.europesays.com\/de\/wp-json\/wp\/v2\/users\/2"}],"replies":[{"embeddable":true,"href":"https:\/\/www.europesays.com\/de\/wp-json\/wp\/v2\/comments?post=661312"}],"version-history":[{"count":0,"href":"https:\/\/www.europesays.com\/de\/wp-json\/wp\/v2\/posts\/661312\/revisions"}],"wp:featuredmedia":[{"embeddable":true,"href":"https:\/\/www.europesays.com\/de\/wp-json\/wp\/v2\/media\/661313"}],"wp:attachment":[{"href":"https:\/\/www.europesays.com\/de\/wp-json\/wp\/v2\/media?parent=661312"}],"wp:term":[{"taxonomy":"category","embeddable":true,"href":"https:\/\/www.europesays.com\/de\/wp-json\/wp\/v2\/categories?post=661312"},{"taxonomy":"post_tag","embeddable":true,"href":"https:\/\/www.europesays.com\/de\/wp-json\/wp\/v2\/tags?post=661312"}],"curies":[{"name":"wp","href":"https:\/\/api.w.org\/{rel}","templated":true}]}}