{"id":661314,"date":"2025-12-21T05:08:24","date_gmt":"2025-12-21T05:08:24","guid":{"rendered":"https:\/\/www.europesays.com\/de\/661314\/"},"modified":"2025-12-21T05:08:24","modified_gmt":"2025-12-21T05:08:24","slug":"mannheim-kraehenfuesse-auf-dem-boden-beschaedigen-streifenwagen-polizeiberichte-aus-rhein-neckar-odenwald","status":"publish","type":"post","link":"https:\/\/www.europesays.com\/de\/661314\/","title":{"rendered":"Mannheim: Kr\u00e4henf\u00fc\u00dfe auf dem Boden besch\u00e4digen Streifenwagen &#8211; Polizeiberichte aus Rhein-Neckar-Odenwald"},"content":{"rendered":"<p>Mannheim. (pol\/msc) Sogenannte Kr\u00e4henf\u00fc\u00dfe gef\u00e4hrdeten Autofahrer am Samstagmorgen im Mannheimer Stadtteil Wallstadt und besch\u00e4digten unter anderem einen Streifenwagen. Das teilte die Polizei mit.<\/p>\n<p>Einer der Metallsterne bohrte sich gegen 6.30 Uhr in den Reifen des Streifenwagens, als dieser an der R\u00f6merstra\u00dfe entlang fuhr. Auch ein anderer Autofahrer meldete einen Reifenschaden dieser Art.<\/p>\n<p>Die Beamten ermitteln nun und bitten Gesch\u00e4digte und Zeugen, sich unter der Telefonnummer 0621\/718430 zu melden. Der Streifenwagen wurde in eine Werkstatt gebracht, wie hoch der angerichtete Schaden ist, ist noch nicht klar.<\/p>\n","protected":false},"excerpt":{"rendered":"Mannheim. (pol\/msc) Sogenannte Kr\u00e4henf\u00fc\u00dfe gef\u00e4hrdeten Autofahrer am Samstagmorgen im Mannheimer Stadtteil Wallstadt und besch\u00e4digten unter anderem einen Streifenwagen.&hellip;\n","protected":false},"author":2,"featured_media":361377,"comment_status":"","ping_status":"","sticky":false,"template":"","format":"standard","meta":{"footnotes":""},"categories":[1845],"tags":[1634,3364,29,548,663,3934,30,13,2096,14,15,17343,12],"class_list":{"0":"post-661314","1":"post","2":"type-post","3":"status-publish","4":"format-standard","5":"has-post-thumbnail","7":"category-mannheim","8":"tag-baden-wuerttemberg","9":"tag-de","10":"tag-deutschland","11":"tag-eu","12":"tag-europa","13":"tag-europe","14":"tag-germany","15":"tag-headlines","16":"tag-mannheim","17":"tag-nachrichten","18":"tag-news","19":"tag-polizei-blaulicht-heidelberg-mannheim-rhein-neckar-metropolregion-sinsheim-kraichgau-neckarodenwald-odenwald-bauland-heilbronn","20":"tag-schlagzeilen"},"share_on_mastodon":{"url":"https:\/\/pubeurope.com\/@de\/115755830990251619","error":""},"_links":{"self":[{"href":"https:\/\/www.europesays.com\/de\/wp-json\/wp\/v2\/posts\/661314","targetHints":{"allow":["GET"]}}],"collection":[{"href":"https:\/\/www.europesays.com\/de\/wp-json\/wp\/v2\/posts"}],"about":[{"href":"https:\/\/www.europesays.com\/de\/wp-json\/wp\/v2\/types\/post"}],"author":[{"embeddable":true,"href":"https:\/\/www.europesays.com\/de\/wp-json\/wp\/v2\/users\/2"}],"replies":[{"embeddable":true,"href":"https:\/\/www.europesays.com\/de\/wp-json\/wp\/v2\/comments?post=661314"}],"version-history":[{"count":0,"href":"https:\/\/www.europesays.com\/de\/wp-json\/wp\/v2\/posts\/661314\/revisions"}],"wp:featuredmedia":[{"embeddable":true,"href":"https:\/\/www.europesays.com\/de\/wp-json\/wp\/v2\/media\/361377"}],"wp:attachment":[{"href":"https:\/\/www.europesays.com\/de\/wp-json\/wp\/v2\/media?parent=661314"}],"wp:term":[{"taxonomy":"category","embeddable":true,"href":"https:\/\/www.europesays.com\/de\/wp-json\/wp\/v2\/categories?post=661314"},{"taxonomy":"post_tag","embeddable":true,"href":"https:\/\/www.europesays.com\/de\/wp-json\/wp\/v2\/tags?post=661314"}],"curies":[{"name":"wp","href":"https:\/\/api.w.org\/{rel}","templated":true}]}}