{"id":661324,"date":"2025-12-21T05:16:34","date_gmt":"2025-12-21T05:16:34","guid":{"rendered":"https:\/\/www.europesays.com\/de\/661324\/"},"modified":"2025-12-21T05:16:34","modified_gmt":"2025-12-21T05:16:34","slug":"enttaeuschung-zum-jahresende-hertha-bsc-spielt-nur-11-gegen-arminia-bielefeld","status":"publish","type":"post","link":"https:\/\/www.europesays.com\/de\/661324\/","title":{"rendered":"Entt\u00e4uschung zum Jahresende: Hertha BSC spielt nur 1:1 gegen Arminia Bielefeld"},"content":{"rendered":"<p class=\"tspAGen tspAGeo\">Nie werden Traditionen so beharrlich gepflegt wie in der Advents- und Weihnachtszeit. Alles muss so gemacht werden, wie es immer schon gemacht wurde. Selbst bei <a href=\"https:\/\/www.tagesspiegel.de\/sport\/themen\/hertha-bsc?icid=in-text-link_15068691\" class=\"link link--internal\" data-gtm-class=\"article-text-link\" data-gtm-val=\"internal\" target=\"_blank\" rel=\"noopener\">Hertha BSC<\/a> schien das zuletzt der Fall zu sein.<\/p>\n<p class=\"tspAGen\">Seitdem die Berliner im Sommer 2023 aus der Bundesliga abgestiegen sind, haben sie die Hinrunde und das Fu\u00dfballjahr stets mit einem torlosen Unentschieden abgeschlossen. Am Freitagabend im Olympiastadion sah es lange so aus, als k\u00f6nnte diese Tradition auch gegen Aufsteiger Arminia Bielefeld fortgeschrieben werden.&#13;<\/p>\n<p class=\"tspAGen\">Die Partie vor 44.968 Zuschauern hatte \u00fcber weite Strecken die Anmutung eines typischen 0:0-Spiels: mit vielen Zweik\u00e4mpfen, etlichen Fouls, ausgepr\u00e4gtem Mittelfeldgepl\u00e4nkel, wenig strukturiert vorgetragenen Angriffen und dementsprechend auch einer \u00fcberschaubaren Zahl an klaren Torchancen. Am Ende fielen doch noch Tore. Zu Herthas Bedauern auf jeder Seite eins.<\/p>\n<blockquote class=\"tspAYhp\">\n<p>Eine unfassbare Frechheit, diese Entscheidung.<\/p>\n<\/blockquote>\n<p class=\"tspAYhq\">Herthas Trainer <strong>Stefan Leitl<\/strong> \u00fcber die Rote Karte f\u00fcr Toni Leistner<\/p>\n<p class=\"tspAGen\">Denn bis in die letzte Minute der Nachspielzeit hatten die Berliner wie der Sieger dieses Spiels ausgesehen, nachdem Paul Seguin sein Team in der 67. Minute mit einem \u00fcberlegten Schuss aus 16 Metern in F\u00fchrung gebracht hatte. Doch es reichte nicht, weil Stefano Russo mit einem feinen Schlenzer noch zum 1:1 (0:0)-Endstand traf. <\/p>\n<p class=\"tspAGen\">\u201eDas ist \u00e4rgerlich und frustrierend\u201c, sagte Herthas Sportdirektor Benjamin Weber. \u201eEs f\u00fchlt sich wie zwei geklaute Punkte an.\u201c<\/p>\n<p class=\"tspAGen\">So gab es am Ende Pfiffe \u2013 f\u00fcr die feiernden Bielefelder, aber vor allem gegen Schiedsrichter Jarno Wienefeld, der entscheidend Einfluss auf den Ausgang des Spiels genommen hatte. F\u00fcnf Minuten vor dem Ende zeigte er Herthas Abwehrchef Toni Leistner f\u00fcr eine vermeintliche Notbremse die Rote Karte. Aus Sicht der Berliner eine mehr als zweifelhafte Entscheidung.<\/p>\n<p class=\"tspAGen\">\u201eIn meinen Augen war es ein ganz normaler Zweikampf\u201c, sagte Weber zum Duell zwischen Leistner und dem Bielefelder Isiah Young. Trainer Stefan Leitl klagte, \u201edass jemand in dieses Spiel eingreift \u2013 was so nicht geht\u201c. Mit Blick auf den Platzverweis sagte er: \u201ePoah! Find ich eine unfassbare Frechheit, diese Entscheidung.\u201c<\/p>\n<p class=\"tspAGen\">Letztlich f\u00fchrte sie dazu, dass Hertha den Vorsprung nicht \u00fcber die Zeit retten konnte und die Hinrunde mit drei Spielen ohne Sieg beendete. Statt 30 Punkten, <a href=\"https:\/\/www.tagesspiegel.de\/sport\/der-letzte-eindruck-bleibt-hertha-bsc-braucht-einen-erfolgreichen-abschluss-der-hinrunde-15059347.html?icid=in-text-link_15068691\" class=\"link link--internal\" data-gtm-class=\"article-text-link\" data-gtm-val=\"internal\" target=\"_blank\" rel=\"noopener\">wie von Leitl vor dem Spiel eingefordert<\/a>, sind es nur 28 geworden. Der Abstand zu den Aufstiegsr\u00e4ngen ist damit zur Halbzeit der Saison gr\u00f6\u00dfer als erhofft. <\/p>\n<p><a href=\"https:\/\/www.tagesspiegel.de\/sport\/der-letzte-eindruck-bleibt-hertha-bsc-braucht-einen-erfolgreichen-abschluss-der-hinrunde-15059347.html?icid=single-topic_15068691___\" data-gtm-class=\"article-mzt-link\" class=\"tspBTll\" target=\"_blank\" rel=\"noopener\">Der letzte Eindruck bleibt Hertha BSC braucht einen erfolgreichen Abschluss der Hinrunde <\/a><\/p>\n<p class=\"tspAGen\">Trainer Leitl hatte gegen die Bielefelder kurzfristig auf <a href=\"https:\/\/www.tagesspiegel.de\/sport\/so-konnte-hertha-bsc-in-furth-spielen-marton-dardai-ist-in-der-innenverteidigung-gesetzt-15039774.html?icid=in-text-link_15068691\" class=\"link link--internal\" data-gtm-class=\"article-text-link\" data-gtm-val=\"internal\" target=\"_blank\" rel=\"noopener\">Innenverteidiger Marton Dardai<\/a> (Magen-Darm) und Mittelfeldspieler Kennet Eichhorn verzichten m\u00fcssen, der im Training einen Schlag aufs Sprunggelenk bekommen hatte. Beide hatten auch vor zwei Wochen gefehlt, als Hertha nach sieben Pflichtspielsiegen nacheinander 0:2 gegen den damaligen Tabellenletzten 1. FC Magdeburg verlor.<\/p>\n<p> Niklas Kolbe droht wochenlang auszufallen <\/p>\n<p class=\"tspAGen\">Nach nicht einmal einer halben Stunde musste Leitl den n\u00e4chsten personellen R\u00fcckschlag hinnehmen. Niklas Kolbe, der mit Diego Demme neu ins Team ger\u00fcckt war, musste mit einer Muskelverletzung in der linken Wade ausgewechselt werden. Laut Leitl droht er einige Wochen auszufallen. <\/p>\n<p class=\"tspAGen\">Die Darbietung auf dem Rasen war \u00fcber weite Strecken eine z\u00e4he und tr\u00e4ge Angelegenheit mit wenigen Torchancen auf beiden Seiten. Die Berliner hatten oft den Ball und dadurch weitgehend die Kontrolle \u00fcber das Geschehen, aber ohne Dardai und seine er\u00f6ffnenden P\u00e4sse aus der Tiefe und ohne Eichhorns Dynamik fehlte Hertha ein gewisses progressives Element im Spiel.&#13;<\/p>\n<p class=\"tspAGen\">Nach f\u00fcnf Minuten ging es einmal flott nach vorne, als Rechtsverteidiger Linus Gechter nach einer guten Verlagerung von <a href=\"https:\/\/www.tagesspiegel.de\/sport\/wenn-luca-schuler-zu-erling-haaland-wird-gegen-seinen-ex-klub-trifft-er-fur-hertha-bsc-am-liebsten-15010958.html?icid=in-text-link_15068691\" class=\"link link--internal\" data-gtm-class=\"article-text-link\" data-gtm-val=\"internal\" target=\"_blank\" rel=\"noopener\">Luca Schuler<\/a> aus der eigenen H\u00e4lfte startete, das Mittelfeld mit gro\u00dfen Schritten durchma\u00df und es mit einem Schuss vom Strafraumeck versuchte. Der Ball flog knapp am Bielefelder Tor vorbei.<\/p>\n<p class=\"tspAGen\">Eine derartige Zielstrebigkeit war selten zu sehen \u2013 von beiden Teams. Wobei die Arminen, die schlechteste Ausw\u00e4rtsmannschaft der Zweiten Liga, es bewusst vorsichtig angingen. So verbreiteten die G\u00e4ste, die auch noch auf ihren besten Torsch\u00fctzen Joel Grodowski verzichten mussten, \u00e4hnlich viel Schrecken wie eine Messdienergruppe auf einem Rockertreffen. <\/p>\n<p class=\"tspAGen\">Wenn sie mal gef\u00e4hrlich wurden, dann war das vor allem Berliner Nachl\u00e4ssigkeiten geschuldet. So wie zehn Minuten vor der Pause, als Noah Sarenren Bazee nach einem Ballverlust von Luca Schuler aus zentraler Position im Strafraum und unbedr\u00e4ngt zum Abschluss kam. Sein harmloser Schuss stellte aber f\u00fcr Herthas Torh\u00fcter Tjark Ernst keine echte Pr\u00fcfung dar.&#13;<\/p>\n<p class=\"tspAGen\">Die besseren Chancen hatten die Berliner. Schuler, in der Vorwoche noch Doppeltorsch\u00fctze beim 3:3 in F\u00fcrth, vergab die gr\u00f6\u00dfte Gelegenheit fast schon kl\u00e4glich. Fabian Reese hatte den Ball geschickt zur\u00fcckgelegt, doch Herthas Mittelst\u00fcrmer verfehlte aus acht Metern das Bielefelder Tor. <\/p>\n<p> Mehr zu Hertha BSC bei Tagesspiegel Plus <a href=\"https:\/\/www.tagesspiegel.de\/sport\/wenn-luca-schuler-zu-erling-haaland-wird-gegen-seinen-ex-klub-trifft-er-fur-hertha-bsc-am-liebsten-15010958.html?icid=topic-list_15068691___\" data-gtm-class=\"article-mzt-link\" data-hydrate-fingerprint=\"09740a54944caac75fd2c0c63fd5c5df\" data-hydrate-props=\"{&amp;escapedquot;element&amp;escapedquot;:{&amp;escapedquot;type&amp;escapedquot;:&amp;escapedquot;relatedContent&amp;escapedquot;,&amp;escapedquot;fieldMap&amp;escapedquot;:{},&amp;escapedquot;relation&amp;escapedquot;:{&amp;escapedquot;fields&amp;escapedquot;:{&amp;escapedquot;isPaid&amp;escapedquot;:true},&amp;escapedquot;href&amp;escapedquot;:&amp;escapedquot;\/sport\/wenn-luca-schuler-zu-erling-haaland-wird-gegen-seinen-ex-klub-trifft-er-fur-hertha-bsc-am-liebsten-15010958.html&amp;escapedquot;,&amp;escapedquot;teaserTitle&amp;escapedquot;:{&amp;escapedquot;kicker&amp;escapedquot;:&amp;escapedquot;Wenn Luca Schuler zu Erling Haaland wird&amp;escapedquot;,&amp;escapedquot;headline&amp;escapedquot;:&amp;escapedquot;Gegen seinen Ex-Klub trifft er f\u00fcr Hertha BSC am liebsten&amp;escapedquot;},&amp;escapedquot;id&amp;escapedquot;:&amp;escapedquot;15010958&amp;escapedquot;,&amp;escapedquot;type&amp;escapedquot;:&amp;escapedquot;story&amp;escapedquot;},&amp;escapedquot;isPartOfList&amp;escapedquot;:true,&amp;escapedquot;topicListType&amp;escapedquot;:&amp;escapedquot;topic-list&amp;escapedquot;},&amp;escapedquot;showArrow&amp;escapedquot;:true}\" data-hydrate-slots=\"{&#039;default&#039;:[]}\" class=\"tspBTll\" target=\"_blank\" rel=\"noopener\">Wenn Luca Schuler zu Erling Haaland wird Gegen seinen Ex-Klub trifft er f\u00fcr Hertha BSC am liebsten <\/a><a href=\"https:\/\/www.tagesspiegel.de\/sport\/fabian-reese-im-gesprach-ich-lebe-nicht-von-toxischer-mannlichkeit-so-viel-ist-klar-14532668.html?icid=topic-list_15068691___\" data-gtm-class=\"article-mzt-link\" data-hydrate-fingerprint=\"09740a54944caac75fd2c0c63fd5c5df\" data-hydrate-props=\"{&amp;escapedquot;element&amp;escapedquot;:{&amp;escapedquot;type&amp;escapedquot;:&amp;escapedquot;relatedContent&amp;escapedquot;,&amp;escapedquot;fieldMap&amp;escapedquot;:{},&amp;escapedquot;relation&amp;escapedquot;:{&amp;escapedquot;fields&amp;escapedquot;:{&amp;escapedquot;isPaid&amp;escapedquot;:true},&amp;escapedquot;href&amp;escapedquot;:&amp;escapedquot;\/sport\/fabian-reese-im-gesprach-ich-lebe-nicht-von-toxischer-mannlichkeit-so-viel-ist-klar-14532668.html&amp;escapedquot;,&amp;escapedquot;teaserTitle&amp;escapedquot;:{&amp;escapedquot;kicker&amp;escapedquot;:&amp;escapedquot;Fabian Reese im Gespr\u00e4ch&amp;escapedquot;,&amp;escapedquot;headline&amp;escapedquot;:&amp;escapedquot;\u201eIch lebe nicht von toxischer M\u00e4nnlichkeit, so viel ist klar\u201c&amp;escapedquot;},&amp;escapedquot;id&amp;escapedquot;:&amp;escapedquot;14532668&amp;escapedquot;,&amp;escapedquot;type&amp;escapedquot;:&amp;escapedquot;story&amp;escapedquot;},&amp;escapedquot;isPartOfList&amp;escapedquot;:true,&amp;escapedquot;topicListType&amp;escapedquot;:&amp;escapedquot;topic-list&amp;escapedquot;},&amp;escapedquot;showArrow&amp;escapedquot;:true}\" data-hydrate-slots=\"{&#039;default&#039;:[]}\" class=\"tspBTll\" target=\"_blank\" rel=\"noopener\">Fabian Reese im Gespr\u00e4ch \u201eIch lebe nicht von toxischer M\u00e4nnlichkeit, so viel ist klar\u201c <\/a><a href=\"https:\/\/www.tagesspiegel.de\/sport\/ich-freue-mich-dass-union-so-viel-gas-gibt-tobias-kurbjuweit-der-trainer-der-frauen-von-hertha-bsc-im-interview-14946131.html?icid=topic-list_15068691___\" data-gtm-class=\"article-mzt-link\" data-hydrate-fingerprint=\"09740a54944caac75fd2c0c63fd5c5df\" data-hydrate-props=\"{&amp;escapedquot;element&amp;escapedquot;:{&amp;escapedquot;type&amp;escapedquot;:&amp;escapedquot;relatedContent&amp;escapedquot;,&amp;escapedquot;fieldMap&amp;escapedquot;:{},&amp;escapedquot;relation&amp;escapedquot;:{&amp;escapedquot;fields&amp;escapedquot;:{&amp;escapedquot;isPaid&amp;escapedquot;:true},&amp;escapedquot;href&amp;escapedquot;:&amp;escapedquot;\/sport\/ich-freue-mich-dass-union-so-viel-gas-gibt-tobias-kurbjuweit-der-trainer-der-frauen-von-hertha-bsc-im-interview-14946131.html&amp;escapedquot;,&amp;escapedquot;teaserTitle&amp;escapedquot;:{&amp;escapedquot;kicker&amp;escapedquot;:&amp;escapedquot;\u201eIch freue mich, dass Union so viel Gas gibt\u201c&amp;escapedquot;,&amp;escapedquot;headline&amp;escapedquot;:&amp;escapedquot;Tobias Kurbjuweit, der Trainer der Frauen von Hertha BSC, im Interview&amp;escapedquot;},&amp;escapedquot;id&amp;escapedquot;:&amp;escapedquot;14946131&amp;escapedquot;,&amp;escapedquot;type&amp;escapedquot;:&amp;escapedquot;story&amp;escapedquot;},&amp;escapedquot;isPartOfList&amp;escapedquot;:true,&amp;escapedquot;topicListType&amp;escapedquot;:&amp;escapedquot;topic-list&amp;escapedquot;},&amp;escapedquot;showArrow&amp;escapedquot;:true}\" data-hydrate-slots=\"{&#039;default&#039;:[]}\" class=\"tspBTll\" target=\"_blank\" rel=\"noopener\">\u201eIch freue mich, dass Union so viel Gas gibt\u201c Tobias Kurbjuweit, der Trainer der Frauen von Hertha BSC, im Interview <\/a><\/p>\n<p class=\"tspAGen\">Reese wiederum scheiterte kurz darauf an der Schulter von Bielefelds Torh\u00fcter Jonas Kersken. Arminias Verteidiger Maximilian Gro\u00dfer hatte sich zuvor von Herthas Kapit\u00e4n am Strafraum den Ball abluchsen lassen. &#13;<\/p>\n<p class=\"tspAGen\">Nach der Pause war Hertha um mehr Tempo und mehr Tiefgang bem\u00fcht. Die Mannschaft wollte erkennbar, sie wirkte bei der Wahl ihrer Mittel allerdings nicht immer textsicher. Vor allem die entscheidenden B\u00e4lle in den Strafraum kamen nicht an.<\/p>\n<p class=\"tspAGen\">Bis Paul Seguin sich der Sache annahm, nach einem Zuspiel von Marten Winkler mit einem pr\u00e4zisen Schuss zum 1:0 traf und Hertha wie den Sieger aussehen lie\u00df. Doch der Jubel kam \u2013 wenn auch nur wenige Sekunden \u2013 zu fr\u00fch. <\/p>\n","protected":false},"excerpt":{"rendered":"Nie werden Traditionen so beharrlich gepflegt wie in der Advents- und Weihnachtszeit. Alles muss so gemacht werden, wie&hellip;\n","protected":false},"author":2,"featured_media":661325,"comment_status":"","ping_status":"","sticky":false,"template":"","format":"standard","meta":{"footnotes":""},"categories":[1841],"tags":[1089,1605,299,531,3364,29,485,30,1088,1209,966],"class_list":{"0":"post-661324","1":"post","2":"type-post","3":"status-publish","4":"format-standard","5":"has-post-thumbnail","7":"category-bielefeld","8":"tag-berlin-sport","9":"tag-bielefeld","10":"tag-bundesliga","11":"tag-charlottenburg-wilmersdorf","12":"tag-de","13":"tag-deutschland","14":"tag-fussball-bundesliga","15":"tag-germany","16":"tag-hertha-bsc","17":"tag-nordrhein-westfalen","18":"tag-schule"},"share_on_mastodon":{"url":"https:\/\/pubeurope.com\/@de\/115755862155356028","error":""},"_links":{"self":[{"href":"https:\/\/www.europesays.com\/de\/wp-json\/wp\/v2\/posts\/661324","targetHints":{"allow":["GET"]}}],"collection":[{"href":"https:\/\/www.europesays.com\/de\/wp-json\/wp\/v2\/posts"}],"about":[{"href":"https:\/\/www.europesays.com\/de\/wp-json\/wp\/v2\/types\/post"}],"author":[{"embeddable":true,"href":"https:\/\/www.europesays.com\/de\/wp-json\/wp\/v2\/users\/2"}],"replies":[{"embeddable":true,"href":"https:\/\/www.europesays.com\/de\/wp-json\/wp\/v2\/comments?post=661324"}],"version-history":[{"count":0,"href":"https:\/\/www.europesays.com\/de\/wp-json\/wp\/v2\/posts\/661324\/revisions"}],"wp:featuredmedia":[{"embeddable":true,"href":"https:\/\/www.europesays.com\/de\/wp-json\/wp\/v2\/media\/661325"}],"wp:attachment":[{"href":"https:\/\/www.europesays.com\/de\/wp-json\/wp\/v2\/media?parent=661324"}],"wp:term":[{"taxonomy":"category","embeddable":true,"href":"https:\/\/www.europesays.com\/de\/wp-json\/wp\/v2\/categories?post=661324"},{"taxonomy":"post_tag","embeddable":true,"href":"https:\/\/www.europesays.com\/de\/wp-json\/wp\/v2\/tags?post=661324"}],"curies":[{"name":"wp","href":"https:\/\/api.w.org\/{rel}","templated":true}]}}