{"id":661359,"date":"2025-12-21T05:37:13","date_gmt":"2025-12-21T05:37:13","guid":{"rendered":"https:\/\/www.europesays.com\/de\/661359\/"},"modified":"2025-12-21T05:37:13","modified_gmt":"2025-12-21T05:37:13","slug":"serien-autokratzer-nach-fuenf-jahren-ueberfuehrt-polizei-klaert-fall-in-nuernberg","status":"publish","type":"post","link":"https:\/\/www.europesays.com\/de\/661359\/","title":{"rendered":"Serien-Autokratzer nach f\u00fcnf Jahren \u00fcberf\u00fchrt: Polizei kl\u00e4rt Fall in N\u00fcrnberg"},"content":{"rendered":"<p>Zwischen dem 16. Dezember 2020 und dem 4. Januar 2021 hatte eine zun\u00e4chst unbekannte Person insgesamt 126 Fahrzeuge besch\u00e4digt. Die Autos waren unter anderem in der Brehmstra\u00dfe, Lotzestra\u00dfe, Karlsruher Stra\u00dfe, Neckarstra\u00dfe sowie in der Freiburger und Mannheimer Stra\u00dfe geparkt. Der entstandene Gesamtschaden liegt bei \u00fcber 200.000 Euro.<\/p>\n<p>Ermittlungen blieben lange erfolglos<\/p>\n<p>Die Polizeiinspektion N\u00fcrnberg-S\u00fcd leitete unmittelbar nach den Taten intensive Ermittlungen ein. Zahlreiche Zeugen wurden befragt, eine Personenbeschreibung erstellt und ein Phantombild ver\u00f6ffentlicht. Zudem suchten Einsatzkr\u00e4fte mit Flyern nach Hinweisen und \u00fcberwachten den Stadtteil verst\u00e4rkt. Trotz des hohen Aufwands blieb der T\u00e4ter zun\u00e4chst unbekannt.<\/p>\n<p>Schon gelesen? <a href=\"https:\/\/www.bayreuther-tagblatt.de\/nachrichten-meldungen-news\/unbekannte-dringen-in-wohnhaus-in-ahornthal-ein\/\" target=\"_blank\" rel=\"noopener\">Unbekannte dringen in Wohnhaus in Ahornthal ein<\/a>.<\/p>\n<p><strong>DNA-Spur bringt Durchbruch nach Jahren<\/strong><\/p>\n<p>Bereits w\u00e4hrend der Anzeigenaufnahme sicherten Ermittler in mehreren F\u00e4llen Spuren an den besch\u00e4digten Fahrzeugen. Eine dieser Blutspuren f\u00fchrte schlie\u00dflich Ende November 2025 zum Durchbruch. Nach mehreren Ladendiebst\u00e4hlen wurde ein 66-j\u00e4hriger Deutscher erkennungsdienstlich behandelt, inklusive DNA-Entnahme. Der Abgleich ergab eine \u00dcbereinstimmung mit der Spur aus dem Jahr 2020.<\/p>\n<p>Der Mann muss sich nun wegen des Verdachts der Sachbesch\u00e4digung in 126 F\u00e4llen strafrechtlich verantworten.<\/p>\n","protected":false},"excerpt":{"rendered":"Zwischen dem 16. Dezember 2020 und dem 4. Januar 2021 hatte eine zun\u00e4chst unbekannte Person insgesamt 126 Fahrzeuge&hellip;\n","protected":false},"author":2,"featured_media":412623,"comment_status":"","ping_status":"","sticky":false,"template":"","format":"standard","meta":{"footnotes":""},"categories":[1837],"tags":[772,3364,29,30,3783],"class_list":{"0":"post-661359","1":"post","2":"type-post","3":"status-publish","4":"format-standard","5":"has-post-thumbnail","7":"category-nuernberg","8":"tag-bayern","9":"tag-de","10":"tag-deutschland","11":"tag-germany","12":"tag-nuernberg"},"share_on_mastodon":{"url":"https:\/\/pubeurope.com\/@de\/115755944907159723","error":""},"_links":{"self":[{"href":"https:\/\/www.europesays.com\/de\/wp-json\/wp\/v2\/posts\/661359","targetHints":{"allow":["GET"]}}],"collection":[{"href":"https:\/\/www.europesays.com\/de\/wp-json\/wp\/v2\/posts"}],"about":[{"href":"https:\/\/www.europesays.com\/de\/wp-json\/wp\/v2\/types\/post"}],"author":[{"embeddable":true,"href":"https:\/\/www.europesays.com\/de\/wp-json\/wp\/v2\/users\/2"}],"replies":[{"embeddable":true,"href":"https:\/\/www.europesays.com\/de\/wp-json\/wp\/v2\/comments?post=661359"}],"version-history":[{"count":0,"href":"https:\/\/www.europesays.com\/de\/wp-json\/wp\/v2\/posts\/661359\/revisions"}],"wp:featuredmedia":[{"embeddable":true,"href":"https:\/\/www.europesays.com\/de\/wp-json\/wp\/v2\/media\/412623"}],"wp:attachment":[{"href":"https:\/\/www.europesays.com\/de\/wp-json\/wp\/v2\/media?parent=661359"}],"wp:term":[{"taxonomy":"category","embeddable":true,"href":"https:\/\/www.europesays.com\/de\/wp-json\/wp\/v2\/categories?post=661359"},{"taxonomy":"post_tag","embeddable":true,"href":"https:\/\/www.europesays.com\/de\/wp-json\/wp\/v2\/tags?post=661359"}],"curies":[{"name":"wp","href":"https:\/\/api.w.org\/{rel}","templated":true}]}}