{"id":661418,"date":"2025-12-21T06:10:19","date_gmt":"2025-12-21T06:10:19","guid":{"rendered":"https:\/\/www.europesays.com\/de\/661418\/"},"modified":"2025-12-21T06:10:19","modified_gmt":"2025-12-21T06:10:19","slug":"berlin-setzt-auf-harte-linie-gegen-silvester-randalierer","status":"publish","type":"post","link":"https:\/\/www.europesays.com\/de\/661418\/","title":{"rendered":"Berlin setzt auf harte Linie gegen Silvester-Randalierer"},"content":{"rendered":"<p>Jahreswechsel <\/p>\n<p>Berlin setzt auf harte Linie gegen Silvester-Randalierer<\/p>\n<p>Aktualisiert am 21.12.2025 &#8211; 07:00 UhrLesedauer: 2 Min.<\/p>\n<p><a href=\"#focus-0\" class=\"transition-colors duration-200 block text-current relative\" data-sctrack=\"FocusGalleryImage.Reference\"><img fetchpriority=\"high\" data-testid=\"Opener.Image\" style=\"--lqipURL:url('https:\/\/images.t-online.de\/2025\/12\/aFsSs9r6Kshn\/0x97:2048x1152\/fit-in\/150x0\/filters:blur(25)\/berlins-regierender-buergermeister-kai-wegner-cdu-sagt-silvester-chaoten-den-kampf-an-archivbild.jpg')\"   loading=\"eager\" src=\"https:\/\/www.europesays.com\/de\/wp-content\/uploads\/2025\/12\/berlins-regierender-buergermeister-kai-wegner-cdu-sagt-silvester-chaoten-den-kampf-an-archivbild.jpg\" alt=\"Berlins Regierender B\u00fcrgermeister Kai Wegner (CDU)\" title=\"Berlins Regierender B\u00fcrgermeister Kai Wegner (CDU)\" width=\"2048\" height=\"1152\" class=\"bg-[url:var(--lqipURL)] bg-cover bg-center flex h-full w-full max-w-full\" decoding=\"async\"\/><img style=\"--width:32;--height:32\" loading=\"lazy\" src=\"https:\/\/www.t-online.de\/s\/paper\/_next\/static\/media\/zoom-in.f7dae02f.svg\" alt=\"Vergr\u00f6\u00dfern des Bildes\" title=\"Vergr\u00f6\u00dfern des Bildes\" class=\"block h-[calc(var(--height)_\/_16_*_1rem)] w-[calc(var(--width)_\/_16_*_1rem)] max-w-none absolute bottom-8 right-8 rounded-4 bg-snow p-8\" decoding=\"async\"\/><\/a><\/p>\n<p>Berlins Regierender B\u00fcrgermeister Kai Wegner (CDU) sagt Silvester-Chaoten den Kampf an. (Archivbild) (Quelle: Bernd von Jutrczenka\/dpa\/dpa-bilder)<\/p>\n<p class=\"font-bold text-18 leading-17\">Illegale Kugelbomben, Angriffe auf Einsatzkr\u00e4fte, brennende Wohnungen: Alle Jahre wieder ist der Jahreswechsel in Berlin auch von Gewalt gepr\u00e4gt. Wie Kai Wegner auf die kommende Silvesternacht blickt.<\/p>\n<p class=\"text-18 leading-17\">Berlins Regierender B\u00fcrgermeister Kai Wegner k\u00fcndigt ein konsequentes Vorgehen der Polizei gegen Silvester-Randalierer an. &#8222;Wer Krawall macht und Straftaten begeht, wird den Rechtsstaat konsequent zu sp\u00fcren bekommen&#8220;, sagte der CDU-Politiker im Interview der Deutschen Presse-Agentur. &#8222;Uns ist wichtig: Jeder kann fr\u00f6hlich feiern, jeder kann Spa\u00df haben. Aber wenn es zu Straftaten kommt, wird die Polizei wie in den vergangenen Jahren sehr konsequent und sehr robust einschreiten.&#8220;<\/p>\n<p class=\"text-18 leading-17\">Die Berliner Polizei bereite sich seit Monaten auf den Einsatz rund um Silvester vor, sei sehr gut aufgestellt und werde im Stadtbild sehr pr\u00e4sent sein. &#8222;Wir werden alles unternehmen, damit diese Nacht eine friedliche und fr\u00f6hliche Silvesternacht wird, in der wir das neue Jahr begr\u00fc\u00dfen&#8220;, sagte Wegner. &#8222;Viele Polizistinnen und Polizisten werden im Einsatz sein und daf\u00fcr sorgen, dass einige wenige Menschen die Silvesternacht nicht f\u00fcr Randale oder schwere Straftaten missbrauchen.&#8220;<\/p>\n<p class=\"text-18 leading-17\">Wer Kugelbomben oder andere illegale Pyrotechnik in Menschenmengen oder Richtung Polizei und Einsatzkr\u00e4fte werfe, begehe Straftaten, so Wegner. &#8222;Ich hoffe, dass diese Straftaten verhindert werden k\u00f6nnen.&#8220; Sicherheitsbeh\u00f6rden h\u00e4tten in den vergangenen Wochen schon gro\u00dfe Mengen illegaler Pyrotechnik sicherstellen k\u00f6nnen. &#8222;Die Strategie der Polizei geht also auf \u2013 und ist eine Warnung an alle, die illegale Pyrotechnik nach <a class=\"transition-colors duration-200 cursor-pointer text-inherit no-underline text-salemsfur md:hover:text-magenta md:hover:border-magenta md:focus:text-magenta border-current border-b border-solid break-words\" href=\"https:\/\/berlin.t-online.de\/region\/berlin\/\" data-sctrack=\"BodyAnchor\" rel=\"nofollow noopener\" target=\"_blank\">Berlin<\/a> bringen und verkaufen wollen.&#8220;<\/p>\n<p class=\"text-18 leading-17\">Zur Debatte um ein B\u00f6llerverbot in Deutschland sagte Wegner: &#8222;Ein B\u00f6llerverbot funktioniert nur, wenn es ein allgemeines Verkaufsverbot gibt.&#8220; Ein solches Verbot nur in Berlin h\u00e4tte aus seiner Sicht zur Folge, dass Menschen Pyrotechnik im Nachbarland Brandenburg kaufen. &#8222;Es m\u00fcsste also ein Feuerwerksverkaufsverbot in ganz Deutschland geben. Daf\u00fcr gibt es unter den Bundesl\u00e4ndern allerdings keine Mehrheit.&#8220;<\/p>\n<p class=\"text-18 leading-17\">Berlin werbe vor diesem Hintergrund weiter f\u00fcr mehr Regulierung auf Bundes-wie auch auf europ\u00e4ischer Ebene. Wegner erinnerte daran, dass Kugelbomben schon heute verboten seien. &#8222;Wir m\u00fcssen also daf\u00fcr sorgen, gemeinsam mit unseren europ\u00e4ischen Partnern, dass Kugelbomben und andere illegale Pyrotechnik gar nicht mehr verkauft werden d\u00fcrfen \u2013 egal in welchem Land.&#8220;<\/p>\n<p class=\"text-18 leading-17\">Alle Jahre wieder gef\u00e4hrden Chaoten in Berlin zum Jahreswechsel andere Menschen mit gef\u00e4hrlichem Feuerwerk, setzen Wohnungen in Brand oder greifen Polizei oder Rettungskr\u00e4fte mit B\u00f6llern an. In der Silvesternacht 2024\/2025 waren mehrere Menschen durch sogenannte Kugelbomben schwer verletzt worden, zudem entstand durch die Wucht der Detonationen teils hoher Sachschaden etwa an Geb\u00e4uden. Kugelbomben d\u00fcrfen eigentlich nur von professionellen Feuerwerkern gekauft und abgeschossen werden.<\/p>\n","protected":false},"excerpt":{"rendered":"Jahreswechsel Berlin setzt auf harte Linie gegen Silvester-Randalierer Aktualisiert am 21.12.2025 &#8211; 07:00 UhrLesedauer: 2 Min. Berlins Regierender&hellip;\n","protected":false},"author":2,"featured_media":661419,"comment_status":"","ping_status":"","sticky":false,"template":"","format":"standard","meta":{"footnotes":""},"categories":[1825],"tags":[2140,296,31,2520,29,2540,30,2280,2384,37205,121,8108,2281,37206,14453],"class_list":{"0":"post-661418","1":"post","2":"type-post","3":"status-publish","4":"format-standard","5":"has-post-thumbnail","7":"category-berlin","8":"tag-angriff","9":"tag-berlin","10":"tag-cdu","11":"tag-deutsche-presse-agentur","12":"tag-deutschland","13":"tag-einsatzkraft","14":"tag-germany","15":"tag-jahreswechsel","16":"tag-kai-wegner","17":"tag-kugelbombe","18":"tag-polizei","19":"tag-pyrotechnik","20":"tag-silvester","21":"tag-silvesternacht","22":"tag-straftat"},"share_on_mastodon":{"url":"https:\/\/pubeurope.com\/@de\/115756075575784796","error":""},"_links":{"self":[{"href":"https:\/\/www.europesays.com\/de\/wp-json\/wp\/v2\/posts\/661418","targetHints":{"allow":["GET"]}}],"collection":[{"href":"https:\/\/www.europesays.com\/de\/wp-json\/wp\/v2\/posts"}],"about":[{"href":"https:\/\/www.europesays.com\/de\/wp-json\/wp\/v2\/types\/post"}],"author":[{"embeddable":true,"href":"https:\/\/www.europesays.com\/de\/wp-json\/wp\/v2\/users\/2"}],"replies":[{"embeddable":true,"href":"https:\/\/www.europesays.com\/de\/wp-json\/wp\/v2\/comments?post=661418"}],"version-history":[{"count":0,"href":"https:\/\/www.europesays.com\/de\/wp-json\/wp\/v2\/posts\/661418\/revisions"}],"wp:featuredmedia":[{"embeddable":true,"href":"https:\/\/www.europesays.com\/de\/wp-json\/wp\/v2\/media\/661419"}],"wp:attachment":[{"href":"https:\/\/www.europesays.com\/de\/wp-json\/wp\/v2\/media?parent=661418"}],"wp:term":[{"taxonomy":"category","embeddable":true,"href":"https:\/\/www.europesays.com\/de\/wp-json\/wp\/v2\/categories?post=661418"},{"taxonomy":"post_tag","embeddable":true,"href":"https:\/\/www.europesays.com\/de\/wp-json\/wp\/v2\/tags?post=661418"}],"curies":[{"name":"wp","href":"https:\/\/api.w.org\/{rel}","templated":true}]}}