{"id":661420,"date":"2025-12-21T06:11:17","date_gmt":"2025-12-21T06:11:17","guid":{"rendered":"https:\/\/www.europesays.com\/de\/661420\/"},"modified":"2025-12-21T06:11:17","modified_gmt":"2025-12-21T06:11:17","slug":"weihnachtsgans-und-klavier-trotz-umzugschaos","status":"publish","type":"post","link":"https:\/\/www.europesays.com\/de\/661420\/","title":{"rendered":"Weihnachtsgans und Klavier trotz Umzugschaos"},"content":{"rendered":"<p>Kurzzeitig umgezogen <\/p>\n<p>Gottschalk: Weihnachten mit Gans, Kirche und Klavier<\/p>\n<p>Aktualisiert am 20.12.2025 &#8211; 16:06 UhrLesedauer: 1 Min.<\/p>\n<p><a href=\"#focus-0\" class=\"transition-colors duration-200 block text-current relative\" data-sctrack=\"FocusGalleryImage.Reference\"><img fetchpriority=\"high\" data-testid=\"Opener.Image\" style=\"--lqipURL:url('https:\/\/images.t-online.de\/2025\/12\/uvqAqrnW5Pu5\/0x107:2048x1152\/fit-in\/150x0\/filters:blur(25)\/bei-gottschalks-gibt-es-an-weihnachten-gottesdienst-gans-und-klaviermusik-archivbild.jpg')\"   loading=\"eager\" src=\"https:\/\/www.europesays.com\/de\/wp-content\/uploads\/2025\/12\/bei-gottschalks-gibt-es-an-weihnachten-gottesdienst-gans-und-klaviermusik-archivbild.jpg\" alt=\"Thomas Gottschalk und Ehefrau Karina\" title=\"Thomas Gottschalk und Ehefrau Karina\" width=\"2048\" height=\"1152\" class=\"bg-[url:var(--lqipURL)] bg-cover bg-center flex h-full w-full max-w-full\" decoding=\"async\"\/><img style=\"--width:32;--height:32\" loading=\"lazy\" src=\"https:\/\/muenchen.t-online.de\/s\/paper\/_next\/static\/media\/zoom-in.f7dae02f.svg\" alt=\"Vergr\u00f6\u00dfern des Bildes\" title=\"Vergr\u00f6\u00dfern des Bildes\" class=\"block h-[calc(var(--height)_\/_16_*_1rem)] w-[calc(var(--width)_\/_16_*_1rem)] max-w-none absolute bottom-8 right-8 rounded-4 bg-snow p-8\" decoding=\"async\"\/><\/a><\/p>\n<p>Thomas und Karina Gottschalk (Archivbild): Bei ihnen gibt es an Weihnachten Gottesdienst, Gans und Klaviermusik. (Quelle: Felix H\u00f6rhager\/dpa\/dpa-bilder)<\/p>\n<p class=\"font-bold text-18 leading-17\">Besinnlich trotz Baustelle: Thomas und Karina Gottschalk feiern Weihnachten in der Mietwohnung. Der Baum ist zu gro\u00df, die L\u00f6sung pragmatisch.<\/p>\n<p class=\"text-18 leading-17\">Der an Krebs erkrankte Moderator Thomas Gottschalk und seine Frau Karina werden Weihnachten trotz Umzugschaos besinnlich feiern. &#8222;Erst gehen wir in die Kirche. Karina macht eine hervorragende Weihnachtsgans. Ich dekoriere den Baum und spiele &#8222;Stille Nacht&#8220; auf dem Klavier&#8220;, sagte der 75-J\u00e4hrige dem Magazin &#8222;Bunte&#8220;.<\/p>\n<p class=\"text-18 leading-17\">Gottschalk hatte k\u00fcrzlich seine Krebserkrankung \u00f6ffentlich gemacht und seinen R\u00fcckzug aus dem gro\u00dfen Show-Gesch\u00e4ft bekannt gegeben. Weil die Umbauarbeiten <a class=\"transition-colors duration-200 cursor-pointer text-inherit no-underline text-salemsfur md:hover:text-magenta md:hover:border-magenta md:focus:text-magenta border-current border-b border-solid break-words\" href=\"https:\/\/muenchen.t-online.de\/region\/muenchen\/id_100477224\/thomas-gottschalk-wohnort-graefelfing-warum-die-tv-legende-in-bayern-lebt.html\" data-sctrack=\"BodyAnchor\" target=\"_blank\" rel=\"noopener\">in dem neuen Haus in Gr\u00e4felfing<\/a> laut der &#8222;Bunten&#8220; noch nicht abgeschlossen sind, wohnt das Paar zurzeit in M\u00fcnchen in einer Mietwohnung. Doch f\u00fcr diese sei der gekaufte Weihnachtsbaum zu gro\u00df, sagte Karina Gottschalk dem Magazin. &#8222;Da m\u00fcssen wir dann wohl mit der Kettens\u00e4ge ran.&#8220;<\/p>\n<p class=\"text-18 leading-17\">Nach seinem TV-Abschied will Thomas Gottschalk demnach viel reisen. &#8222;Karina und ich wollen noch viel von der Welt sehen&#8220;, sagte er.<\/p>\n","protected":false},"excerpt":{"rendered":"Kurzzeitig umgezogen Gottschalk: Weihnachten mit Gans, Kirche und Klavier Aktualisiert am 20.12.2025 &#8211; 16:06 UhrLesedauer: 1 Min. Thomas&hellip;\n","protected":false},"author":2,"featured_media":661421,"comment_status":"","ping_status":"","sticky":false,"template":"","format":"standard","meta":{"footnotes":""},"categories":[1776],"tags":[124622,2461,1801,29,214,30,154401,8255,4312,1268,1802,8266,215,12289],"class_list":{"0":"post-661420","1":"post","2":"type-post","3":"status-publish","4":"format-standard","5":"has-post-thumbnail","7":"category-prominente","8":"tag-124622","9":"tag-baustelle","10":"tag-celebrities","11":"tag-deutschland","12":"tag-entertainment","13":"tag-germany","14":"tag-karina-gottschalk","15":"tag-klavier","16":"tag-mietwohnung","17":"tag-muenchen","18":"tag-prominente","19":"tag-thomas-gottschalk","20":"tag-unterhaltung","21":"tag-weihnachten"},"share_on_mastodon":{"url":"https:\/\/pubeurope.com\/@de\/115756078594058994","error":""},"_links":{"self":[{"href":"https:\/\/www.europesays.com\/de\/wp-json\/wp\/v2\/posts\/661420","targetHints":{"allow":["GET"]}}],"collection":[{"href":"https:\/\/www.europesays.com\/de\/wp-json\/wp\/v2\/posts"}],"about":[{"href":"https:\/\/www.europesays.com\/de\/wp-json\/wp\/v2\/types\/post"}],"author":[{"embeddable":true,"href":"https:\/\/www.europesays.com\/de\/wp-json\/wp\/v2\/users\/2"}],"replies":[{"embeddable":true,"href":"https:\/\/www.europesays.com\/de\/wp-json\/wp\/v2\/comments?post=661420"}],"version-history":[{"count":0,"href":"https:\/\/www.europesays.com\/de\/wp-json\/wp\/v2\/posts\/661420\/revisions"}],"wp:featuredmedia":[{"embeddable":true,"href":"https:\/\/www.europesays.com\/de\/wp-json\/wp\/v2\/media\/661421"}],"wp:attachment":[{"href":"https:\/\/www.europesays.com\/de\/wp-json\/wp\/v2\/media?parent=661420"}],"wp:term":[{"taxonomy":"category","embeddable":true,"href":"https:\/\/www.europesays.com\/de\/wp-json\/wp\/v2\/categories?post=661420"},{"taxonomy":"post_tag","embeddable":true,"href":"https:\/\/www.europesays.com\/de\/wp-json\/wp\/v2\/tags?post=661420"}],"curies":[{"name":"wp","href":"https:\/\/api.w.org\/{rel}","templated":true}]}}