{"id":661438,"date":"2025-12-21T06:24:14","date_gmt":"2025-12-21T06:24:14","guid":{"rendered":"https:\/\/www.europesays.com\/de\/661438\/"},"modified":"2025-12-21T06:24:14","modified_gmt":"2025-12-21T06:24:14","slug":"blutiger-angriff-vor-kneipe-schuesse-bei-johannesburg-mindestens-zehn-tote-news","status":"publish","type":"post","link":"https:\/\/www.europesays.com\/de\/661438\/","title":{"rendered":"Blutiger Angriff vor Kneipe: Sch\u00fcsse bei Johannesburg! Mindestens zehn Tote | News"},"content":{"rendered":"<p>Johannesburg (S\u00fcdafrika) \u2013\u00a0<b>In S\u00fcdafrika sind bei einem Schusswaffenangriff nahe Johannesburg mindestens zehn Menschen get\u00f6tet und zehn verletzt worden. <\/b><\/p>\n<p>Wie die nationale Polizeibeh\u00f6rde <a href=\"https:\/\/www.bild.de\/themen\/orte\/suedafrika\/nachrichten-news-fotos-videos-17370530.bild.html\" class=\"text-link\" target=\"_blank\" rel=\"noopener\">S\u00fcdafrikas<\/a> am Sonntagmorgen mitteilte, griffen bewaffnete M\u00e4nner Menschen im Township Bekkersdal an \u2013 etwa 45 Kilometer westlich von Johannesburg.<\/p>\n<p>Auf ihrem X-Account schreibt die Polizei, dass sich die Tat kurz vor 1 Uhr nachts ereignet habe und \u201eetwa zw\u00f6lf unbekannte T\u00e4ter in einem wei\u00dfen Kleinbus und einer silbernen Limousine das Feuer auf die G\u00e4ste einer Kneipe\u201c er\u00f6ffneten. Sowohl im Gastraum als auch davor seien \u201ewahllos\u201c Sch\u00fcsse gefallen. Danach fl\u00fcchteten die Killer in ihren Toyotas. <\/p>\n<p>Zehn Tote und zehn Verletzte in S\u00fcdafrika<\/p>\n<p>Zun\u00e4chst war die Zahl der Toten unklar \u2013 Medien berichteten von zehn, die Polizei von neun.  Der stellvertretende Polizeipr\u00e4sident von Gauteng, Fred Kekana, kl\u00e4rte wenig sp\u00e4ter in einem <a href=\"https:\/\/x.com\/Newzroom405\/status\/2002613322751918096\" target=\"_blank\" rel=\"nofollow noopener\" class=\"text-link--external text-link\">Interview mit dem TV-Sender \u201eNewzroom Afrika\u201c<\/a> auf: Zwei Frauen und neun M\u00e4nner starben in und vor der Kneipe. Auf ihrer Flucht erschossen die Killer dann noch einen Uber-Fahrer, der gerade einen Kunden abgesetzt hatte.<\/p>\n<p>\u25b6\ufe0e Die T\u00e4ter kamen laut Polizei mit neun <a href=\"https:\/\/www.bild.de\/themen\/specials\/schusswaffen\/news-fotos-videos-17014668.bild.html\" class=\"text-link\" target=\"_blank\" rel=\"noopener\">Pistolen und einer AK-47<\/a>.<\/p>\n<p>Laut SABC, dem \u00f6ffentlich-rechtlichen Rundfunk S\u00fcdafrikas, passierte die Bluttat vor der KwaNoxolo Tavern in der Tambo-Region. Die Verletzten wurden in umliegende Krankenh\u00e4user gebracht. In welchem Zustand sie sich befinden, war zun\u00e4chst unklar. Kekana berichtete dann im TV: Der Zustand der \u00dcberlebenden ist kritisch.<\/p>\n<p>Auf Fotos, die SABC auf X ver\u00f6ffentlichte, ist der Tatort am Morgen zu sehen. Es ist d\u00fcster und regnet. Polizeiautos stehen vor der Kneipe. <\/p>\n<p> An dieser Stelle findest du Inhalte aus Twitter <\/p>\n<p> Um mit Inhalten aus Twitter und anderen sozialen Netzwerken zu interagieren oder diese darzustellen, brauchen wir deine Zustimmung. <\/p>\n<p> soziale Netzwerke aktivieren  Um eingebettete Inhalte anzuzeigen, ist Ihre jederzeit widerrufliche Einwilligung (\u00fcber den Schalter oder \u00fcber &#8220; <a class=\"embed-placeholder__text-link\" href=\"#\" rel=\"noopener noreferrer\" title=\"Tracking widerrufen\"> Widerruf Tracking und Cookies<\/a> &#8220; am Seitenende) zur Verarbeitung personenbezogener Daten n\u00f6tig.  Dabei k\u00f6nnen Daten in Drittl\u00e4nder wie die USA \u00fcbermittelt werden (Art. 49 Abs. 1 lit. a DSGVO). Mit dem Aktivieren des Inhalts stimmen Sie zu. Weitere Infos finden Sie <a class=\"embed-placeholder__text-link\" href=\"#\" rel=\"noopener noreferrer\" title=\"Zu den Privatsph\u00e4re Einstellungen\"> hier<\/a>. Polizei jagt T\u00e4ter<\/p>\n<p>Weder zu einem m\u00f6glichen Motiv der Tat noch zur Identit\u00e4t der Angreifer lagen laut Polizei zun\u00e4chst Informationen vor. Was man wei\u00df: Es waren M\u00e4nner.<\/p>\n<p>Kekana erkl\u00e4rte auf X: \u201eWir sind noch dabei, Zeugenaussagen aufzunehmen. Unser nationales Kriminalermittlungsteam ist eingetroffen. Das Kriminaltechnikteam der Provinz ist vor Ort, ebenso ein Team des \u00f6rtlichen Kriminalamtes, unser Team f\u00fcr schwere Kriminalit\u00e4t, die Kriminalpolizei und das Ermittlungsteam der Provinz.\u201c<\/p>\n","protected":false},"excerpt":{"rendered":"Johannesburg (S\u00fcdafrika) \u2013\u00a0In S\u00fcdafrika sind bei einem Schusswaffenangriff nahe Johannesburg mindestens zehn Menschen get\u00f6tet und zehn verletzt worden.&hellip;\n","protected":false},"author":2,"featured_media":661439,"comment_status":"","ping_status":"","sticky":false,"template":"","format":"standard","meta":{"footnotes":""},"categories":[3],"tags":[1737,1738,1736,13,2183,14,15,5995,12,7116,138370,45,10,8,9,11,2627,103,104],"class_list":{"0":"post-661438","1":"post","2":"type-post","3":"status-publish","4":"format-standard","5":"has-post-thumbnail","7":"category-welt","8":"tag-breaking-news","9":"tag-desk-delta","10":"tag-fb-instantarticles","11":"tag-headlines","12":"tag-mord","13":"tag-nachrichten","14":"tag-news","15":"tag-schiesserei","16":"tag-schlagzeilen","17":"tag-suedafrika","18":"tag-team-first","19":"tag-texttospeech","20":"tag-top-news","21":"tag-top-meldungen","22":"tag-topmeldungen","23":"tag-topnews","24":"tag-verletzungen","25":"tag-welt","26":"tag-world"},"share_on_mastodon":{"url":"https:\/\/pubeurope.com\/@de\/115756129579086652","error":""},"_links":{"self":[{"href":"https:\/\/www.europesays.com\/de\/wp-json\/wp\/v2\/posts\/661438","targetHints":{"allow":["GET"]}}],"collection":[{"href":"https:\/\/www.europesays.com\/de\/wp-json\/wp\/v2\/posts"}],"about":[{"href":"https:\/\/www.europesays.com\/de\/wp-json\/wp\/v2\/types\/post"}],"author":[{"embeddable":true,"href":"https:\/\/www.europesays.com\/de\/wp-json\/wp\/v2\/users\/2"}],"replies":[{"embeddable":true,"href":"https:\/\/www.europesays.com\/de\/wp-json\/wp\/v2\/comments?post=661438"}],"version-history":[{"count":0,"href":"https:\/\/www.europesays.com\/de\/wp-json\/wp\/v2\/posts\/661438\/revisions"}],"wp:featuredmedia":[{"embeddable":true,"href":"https:\/\/www.europesays.com\/de\/wp-json\/wp\/v2\/media\/661439"}],"wp:attachment":[{"href":"https:\/\/www.europesays.com\/de\/wp-json\/wp\/v2\/media?parent=661438"}],"wp:term":[{"taxonomy":"category","embeddable":true,"href":"https:\/\/www.europesays.com\/de\/wp-json\/wp\/v2\/categories?post=661438"},{"taxonomy":"post_tag","embeddable":true,"href":"https:\/\/www.europesays.com\/de\/wp-json\/wp\/v2\/tags?post=661438"}],"curies":[{"name":"wp","href":"https:\/\/api.w.org\/{rel}","templated":true}]}}